{"id":236988,"date":"2025-07-09T06:58:09","date_gmt":"2025-07-09T06:58:09","guid":{"rendered":"https:\/\/www.europesays.com\/fr\/236988\/"},"modified":"2025-07-09T06:58:09","modified_gmt":"2025-07-09T06:58:09","slug":"trump-accuse-poutine-de-dire-beaucoup-de-conneries-sur-lukraine-et-laisse-planer-le-doute-sur-de-nouvelles-sanctions-liberation","status":"publish","type":"post","link":"https:\/\/www.europesays.com\/fr\/236988\/","title":{"rendered":"Trump accuse Poutine de dire \u00abbeaucoup de conneries\u00bb sur l\u2019Ukraine et laisse planer le doute sur de nouvelles sanctions \u2013 Lib\u00e9ration"},"content":{"rendered":"<p class=\"sc-ksZaOG ehjQrN text-element\">La bromance entre Donald Trump et Vladimir Poutine s\u2019\u00e9tiole de jour en jour. \u00abSi vous voulez la v\u00e9rit\u00e9, Poutine nous raconte beaucoup de conneries, a l\u00e2ch\u00e9 mardi 8 juillet le pr\u00e9sident am\u00e9ricain devant la presse \u00e0 la Maison Blanche. Il est tout le temps tr\u00e8s gentil mais cela ne veut rien dire.\u00bb La grossi\u00e8ret\u00e9 du milliardaire refl\u00e8te sa frustration croissante \u00e0 l\u2019\u00e9gard de son homologue russe et d\u2019une guerre d\u00e9clench\u00e9e il y a pr\u00e8s de trois ans et \u00e0 laquelle il souhaite mettre un terme.<\/p>\n<p class=\"sc-ksZaOG ehjQrN text-element\">En repr\u00e9sailles au blocage russe, Trump a assur\u00e9 \u00ab\u00e9tudier de tr\u00e8s pr\u00e8s\u00bb une proposition de loi du S\u00e9nat visant \u00e0 imposer de nouvelles sanctions \u00e0 la Russie apr\u00e8s avoir \u00e9vit\u00e9 ces six derniers mois d\u2019y recourir tandis qu\u2019il tentait de persuader Poutine de mettre fin au conflit en Ukraine.<\/p>\n<p class=\"sc-ksZaOG ehjQrN text-element\">Lundi, le pr\u00e9sident am\u00e9ricain avait promis la fourniture de <a href=\"https:\/\/www.liberation.fr\/international\/amerique\/guerre-en-ukraine-donald-trump-dit-quil-va-envoyer-plus-darmes-defensives-a-kyiv-20250708_JGCY6I4ZSBHURJJY2PQSWICRVY\/\" target=\"_blank\" rel=\"noreferrer noopener\" title=\"https:\/\/www.liberation.fr\/international\/amerique\/guerre-en-ukraine-donald-trump-dit-quil-va-envoyer-plus-darmes-defensives-a-kyiv-20250708_JGCY6I4ZSBHURJJY2PQSWICRVY\/\">mat\u00e9riel militaire suppl\u00e9mentaire aux Ukrainiens<\/a>, \u00abfrapp\u00e9s de mani\u00e8re tr\u00e8s, tr\u00e8s dure\u00bb, quelques jours apr\u00e8s l\u2019annonce d\u2019une suspension de certaines livraisons am\u00e9ricaines dans ce domaine. \u00abNous allons devoir envoyer plus d\u2019armes, principalement des armes d\u00e9fensives\u00bb, avait-il alors lanc\u00e9, se d\u00e9clarant \u00abm\u00e9content\u00bb de l\u2019attitude du chef de l\u2019Etat russe.<\/p>\n<p class=\"sc-ksZaOG ehjQrN text-element\">\u00abIl est \u00e9vident que ces actions ne s\u2019inscrivent probablement pas dans le cadre des efforts visant \u00e0 promouvoir un r\u00e8glement pacifique\u00bb du conflit en Ukraine, a r\u00e9agi mardi le porte-parole de la pr\u00e9sidence russe Dmitri Peskov. Elles \u00abvisent clairement \u00e0 favoriser par tous les moyens la poursuite des hostilit\u00e9s\u00bb, a-t-il ajout\u00e9, \u00e9voquant une ligne \u00abchoisie par les Europ\u00e9ens\u00bb, sans citer Donald Trump pour autant.<\/p>\n<p class=\"sc-ksZaOG ehjQrN text-element\">Vendredi, ce dernier s\u2019\u00e9tait d\u00e9j\u00e0 dit \u00abtr\u00e8s m\u00e9content\u00bb d\u2019une conversation t\u00e9l\u00e9phonique organis\u00e9e la veille avec Vladimir Poutine. \u00abIl veut aller jusqu\u2019au bout, <a href=\"https:\/\/www.liberation.fr\/international\/amerique\/il-veut-juste-continuer-de-tuer-des-gens-apres-son-appel-avec-poutine-trump-menace-moscou-de-nouvelles-sanctions-20250705_ZXUTZAF4CVASXHNJKGUPMOTXLY\/?redirected=1\" target=\"_blank\" rel=\"noreferrer noopener\" title=\"https:\/\/www.liberation.fr\/international\/amerique\/il-veut-juste-continuer-de-tuer-des-gens-apres-son-appel-avec-poutine-trump-menace-moscou-de-nouvelles-sanctions-20250705_ZXUTZAF4CVASXHNJKGUPMOTXLY\/?redirected=1\">juste continuer de tuer des gens<\/a>, ce n\u2019est pas bien\u00bb, avait-il accus\u00e9. Le locataire de la Maison Blanche s\u2019\u00e9tait rapproch\u00e9 d\u00e8s son retour au pouvoir, en janvier, du chef du Kremlin, mettant la pression pour obtenir un arr\u00eat des combats, sans toutefois parvenir \u00e0 des progr\u00e8s concrets.<\/p>\n<p class=\"sc-ksZaOG ehjQrN text-element\">De son c\u00f4t\u00e9, le chef de l\u2019Etat ukrainien, <a href=\"https:\/\/www.liberation.fr\/international\/europe\/volodymyr-zelensky-et-donald-trump-parlent-defense-antiaerienne-apres-une-enorme-attaque-de-drones-russes-20250704_UFQ6CPW65BGL3JFIOMSFD6WKBI\/\" target=\"_blank\" rel=\"noreferrer noopener\" title=\"https:\/\/www.liberation.fr\/international\/europe\/volodymyr-zelensky-et-donald-trump-parlent-defense-antiaerienne-apres-une-enorme-attaque-de-drones-russes-20250704_UFQ6CPW65BGL3JFIOMSFD6WKBI\/\">Volodymyr Zelensky<\/a>, a dit avoir \u00abcharg\u00e9\u00bb son ministre de la D\u00e9fense et le chef d\u2019\u00e9tat-major de l\u2019arm\u00e9e d\u2019\u00abintensifier tous les contacts avec la partie am\u00e9ricaine\u00bb au sujet de la livraison de syst\u00e8mes de d\u00e9fense antia\u00e9rienne, apr\u00e8s que Donald Trump eut annonc\u00e9 la veille que davantage d\u2019armes allaient \u00eatre envoy\u00e9es \u00e0 Kiev. \u00abNous disposons d\u00e9sormais des d\u00e9clarations et des d\u00e9cisions politiques n\u00e9cessaires, qui doivent \u00eatre mises en \u0153uvre d\u00e8s que possible afin de prot\u00e9ger notre population et nos positions. Cela concerne en premier lieu la d\u00e9fense antia\u00e9rienne\u00bb, a poursuivi l\u2019homme d\u2019Etat ukrainien dans son allocution quotidienne.<\/p>\n<p class=\"sc-ksZaOG ehjQrN text-element\">En visite \u00e0 Londres, le pr\u00e9sident fran\u00e7ais <a href=\"https:\/\/www.liberation.fr\/international\/europe\/emmanuel-macron-en-visite-detat-a-londres-ou-la-relance-dune-entente-presque-cordiale-20250708_ISFMU4BW7VDLFL4BH35IYIJ6D4\/\" target=\"_blank\" rel=\"noreferrer noopener\" title=\"https:\/\/www.liberation.fr\/international\/europe\/emmanuel-macron-en-visite-detat-a-londres-ou-la-relance-dune-entente-presque-cordiale-20250708_ISFMU4BW7VDLFL4BH35IYIJ6D4\/\">Emmanuel Macron<\/a> a assur\u00e9 le m\u00eame jour que les Europ\u00e9ens n\u2019abandonneraient \u00abjamais l\u2019Ukraine\u00bb et se battraient \u00abjusqu\u2019\u00e0 la derni\u00e8re minute afin d\u2019obtenir un cessez-le-feu, pour entamer les n\u00e9gociations afin de construire cette paix solide et durable\u00bb.<\/p>\n<p class=\"sc-ksZaOG ehjQrN text-element\">De fa\u00e7on inattendue, d\u00e9but juillet, le gouvernement am\u00e9ricain a d\u00e9clar\u00e9 avoir cess\u00e9 de fournir certaines armes aux Ukrainiens, officiellement en raison d\u2019inqui\u00e9tudes sur une baisse des stocks de munitions des Etats-Unis. Des responsables am\u00e9ricains se sont depuis efforc\u00e9s de relativiser l\u2019impact de cette mesure, sans donner plus de d\u00e9tails.<\/p>\n<p class=\"sc-ksZaOG ehjQrN text-element\">Donald Trump n\u2019a pas annonc\u00e9 de nouvelles aides \u00e0 l\u2019Ukraine depuis janvier alors que, sous son pr\u00e9d\u00e9cesseur <a href=\"https:\/\/www.liberation.fr\/international\/amerique\/guerre-en-ukraine-joe-biden-annonce-6-milliards-daide-militaire-et-economique-pour-kyiv-20241230_Z5CESIGXAZCCXL7HPL4WB6DR2A\/\" target=\"_blank\" rel=\"noreferrer noopener\" title=\"https:\/\/www.liberation.fr\/international\/amerique\/guerre-en-ukraine-joe-biden-annonce-6-milliards-daide-militaire-et-economique-pour-kyiv-20241230_Z5CESIGXAZCCXL7HPL4WB6DR2A\/\">Joe Biden<\/a>, Washington s\u2019\u00e9tait engag\u00e9 \u00e0 fournir pour plus de 65 milliards de dollars d\u2019aide militaire \u00e0 ce pays. La diplomatie est par ailleurs au point mort entre les bellig\u00e9rants. <a href=\"https:\/\/www.liberation.fr\/international\/la-russie-et-lukraine-entament-un-deuxieme-round-de-pourparlers-a-istanbul-20250602_CNC7KM22INAH7CSGS7QLLLUKGY\/\" target=\"_blank\" rel=\"noreferrer noopener\" title=\"https:\/\/www.liberation.fr\/international\/la-russie-et-lukraine-entament-un-deuxieme-round-de-pourparlers-a-istanbul-20250602_CNC7KM22INAH7CSGS7QLLLUKGY\/\">Deux cycles de pourparlers<\/a> entre Russes et Ukrainiens en Turquie le 16 mai et le 2 juin n\u2019ont pas abouti \u00e0 une perc\u00e9e majeure.<\/p>\n<p class=\"sc-ksZaOG ehjQrN text-element\">Vladimir Poutine maintient toujours ses demandes maximalistes, en particulier que soient c\u00e9d\u00e9es \u00e0 la Russie les r\u00e9gions ukrainiennes annex\u00e9es et que l\u2019Ukraine renonce \u00e0 rejoindre l\u2019Otan. Des conditions jug\u00e9es inacceptables par Kiev et ses alli\u00e9s occidentaux. Les Ukrainiens, pour leur part, exigent que les Russes se retirent enti\u00e8rement de leur territoire, occup\u00e9 \u00e0 hauteur d\u2019environ 20 %.<\/p>\n<p class=\"sc-ksZaOG ehjQrN text-element\">Sur le terrain, Moscou a revendiqu\u00e9 lundi la prise d\u2019un village dans la r\u00e9gion de Dnipropetrovsk, situ\u00e9e dans le centre-est de l\u2019Ukraine et \u00e0 70 km de la ville de <a href=\"https:\/\/www.liberation.fr\/international\/europe\/guerre-en-ukraine-la-russie-vise-la-capture-totale-de-la-region-de-donetsk-20221222_BFZ6ESFSMRCHHKQAX2BZSTCETQ\/\" target=\"_blank\" rel=\"noreferrer noopener\" title=\"https:\/\/www.liberation.fr\/international\/europe\/guerre-en-ukraine-la-russie-vise-la-capture-totale-de-la-region-de-donetsk-20221222_BFZ6ESFSMRCHHKQAX2BZSTCETQ\/\">Donetsk<\/a> sous contr\u00f4le russe &#8211; une premi\u00e8re depuis f\u00e9vrier 2022, date du d\u00e9but de l\u2019invasion. Kiev n\u2019a pas r\u00e9agi \u00e0 cette annonce pour l\u2019instant. Lundi, l\u2019\u00e9tat-major de l\u2019arm\u00e9e ukrainienne avait assur\u00e9 que des assauts russes avaient \u00e9t\u00e9 repouss\u00e9s la veille dans les environs de cette localit\u00e9. Pour Oleksi\u00ef Kopytko, un expert militaire ukrainien, la Russie n\u2019a toutefois \u00abpas et n\u2019aura pas les ressources n\u00e9cessaires pour avancer rapidement\u00bb.<\/p>\n","protected":false},"excerpt":{"rendered":"La bromance entre Donald Trump et Vladimir Poutine s\u2019\u00e9tiole de jour en jour. \u00abSi vous voulez la v\u00e9rit\u00e9,&hellip;\n","protected":false},"author":2,"featured_media":236989,"comment_status":"","ping_status":"","sticky":false,"template":"","format":"standard","meta":{"footnotes":""},"categories":[1591],"tags":[11,75,73,1887,12,1885,1886,132,220,297,135],"class_list":{"0":"post-236988","1":"post","2":"type-post","3":"status-publish","4":"format-standard","5":"has-post-thumbnail","7":"category-russie","8":"tag-actualites","9":"tag-donald-trump","10":"tag-etats-unis","11":"tag-federation-de-russie","12":"tag-news","13":"tag-russia","14":"tag-russian-federation","15":"tag-russie","16":"tag-ukraine","17":"tag-ukraine-la-crise","18":"tag-vladimir-poutine"},"share_on_mastodon":{"url":"https:\/\/pubeurope.com\/@fr\/114821982097177752","error":""},"_links":{"self":[{"href":"https:\/\/www.europesays.com\/fr\/wp-json\/wp\/v2\/posts\/236988","targetHints":{"allow":["GET"]}}],"collection":[{"href":"https:\/\/www.europesays.com\/fr\/wp-json\/wp\/v2\/posts"}],"about":[{"href":"https:\/\/www.europesays.com\/fr\/wp-json\/wp\/v2\/types\/post"}],"author":[{"embeddable":true,"href":"https:\/\/www.europesays.com\/fr\/wp-json\/wp\/v2\/users\/2"}],"replies":[{"embeddable":true,"href":"https:\/\/www.europesays.com\/fr\/wp-json\/wp\/v2\/comments?post=236988"}],"version-history":[{"count":0,"href":"https:\/\/www.europesays.com\/fr\/wp-json\/wp\/v2\/posts\/236988\/revisions"}],"wp:featuredmedia":[{"embeddable":true,"href":"https:\/\/www.europesays.com\/fr\/wp-json\/wp\/v2\/media\/236989"}],"wp:attachment":[{"href":"https:\/\/www.europesays.com\/fr\/wp-json\/wp\/v2\/media?parent=236988"}],"wp:term":[{"taxonomy":"category","embeddable":true,"href":"https:\/\/www.europesays.com\/fr\/wp-json\/wp\/v2\/categories?post=236988"},{"taxonomy":"post_tag","embeddable":true,"href":"https:\/\/www.europesays.com\/fr\/wp-json\/wp\/v2\/tags?post=236988"}],"curies":[{"name":"wp","href":"https:\/\/api.w.org\/{rel}","templated":true}]}}