{"id":236996,"date":"2025-07-09T07:02:09","date_gmt":"2025-07-09T07:02:09","guid":{"rendered":"https:\/\/www.europesays.com\/fr\/236996\/"},"modified":"2025-07-09T07:02:09","modified_gmt":"2025-07-09T07:02:09","slug":"brand-ol-lyonnes-et-lallemagne-qualifiees","status":"publish","type":"post","link":"https:\/\/www.europesays.com\/fr\/236996\/","title":{"rendered":"Brand (OL Lyonnes) et l&rsquo;Allemagne qualifi\u00e9es"},"content":{"rendered":"<p>                            <img width=\"770\" height=\"433\" src=\"https:\/\/www.europesays.com\/fr\/wp-content\/uploads\/2025\/07\/Jule-Brand-e1751695380964-770x433.jpg\" class=\"attachment-article size-article wp-post-image\" alt=\"Jule Brand, avec l'Allemagne\" decoding=\"async\" fetchpriority=\"high\"  \/><\/p>\n<p>Jule Brand, avec l\u2019Allemagne (@UEFA)<\/p>\n<p>D\u00e9j\u00e0 \u00e0 son avantage lors du premier match, Jule Brand a remis \u00e7a mardi soir avec l\u2019Allemagne. La Lyonnaise a d\u00e9livr\u00e9 une passe d\u00e9cisive dans la victoire contre le Danemark, synonyme de qualification.<\/p>\n<p>Apr\u00e8s Ada <strong>Hegerberg<\/strong> et Ingrid <strong>Engen<\/strong> avec la <strong>Norv\u00e8ge<\/strong>, une nouvelle joueuse de l\u2019<a href=\"https:\/\/www.olympique-et-lyonnais.com\/mercato-ponsot-lol-lyonnes-arrivait-en-fin-de-cycle,369631.html\" target=\"_blank\" rel=\"noopener\">OL Lyonnes<\/a> n\u2019a eu besoin que de deux matchs dans cette phase de poule de l\u2019Euro 2025 pour se qualifier. Gr\u00e2ce \u00e0 sa victoire 2-1 sur le <strong>Danemark<\/strong> apr\u00e8s avoir couru derri\u00e8re le score, l\u2019<strong>Allemagne <\/strong>de Jule <strong>Brand<\/strong> a valid\u00e9 son ticket pour les quarts de finale. Deux victoires en deux matchs, le contrat a \u00e9t\u00e9 parfaitement rempli avant la derni\u00e8re rencontre contre la <strong>Su\u00e8de<\/strong>, samedi prochain. Ce dernier tour de piste en phase de poule se fera sans pression pour les deux s\u00e9lections, toutes deux qualifi\u00e9es pour le tour suivant.<\/p>\n<p>Un d\u00e9but d&rsquo;Euro r\u00e9ussi pour la Lyonnaise<\/p>\n<p>L\u2019enjeu sera donc de savoir qui terminera premier afin d\u2019affronter le deuxi\u00e8me du groupe D, celui de la France. Dans cette finale de poule C, Jule Brand pourrait bien se reposer apr\u00e8s avoir fait le travail pendant 180 minutes. De nouveau titulaire contre le <strong>Danemark<\/strong>, la joueuse offensive de l\u2019OL Lyonnes a surf\u00e9 sur sa dynamique du premier match contre la Pologne. Apr\u00e8s un but et une passe d\u00e9cisive, <strong>Brand<\/strong> s\u2019est \u00ab\u00a0content\u00e9e\u00a0\u00bb d\u2019une passe sur le deuxi\u00e8me but allemand inscrit par <strong>Sch\u00fcller<\/strong> (66e).<\/p>\n<p>\t\t\t\t\t<a href=\"https:\/\/www.olympique-et-lyonnais.com\/lol-veut-a-tout-prix-eviter-un-mercredi-en-enfer,370100.html\" title=\"L\u2019OL veut \u00e0 tout prix \u00e9viter un mercredi en enfer\" target=\"_blank\" rel=\"noopener\"><img loading=\"lazy\" width=\"580\" height=\"326\" src=\"https:\/\/www.europesays.com\/fr\/wp-content\/uploads\/2025\/07\/Michele-Kang-e1751548859949-580x326.jpg\" class=\"attachment-actularge size-actularge wp-post-image\" alt=\"Michele Kang, pr\u00e9sidente de l'OL\" decoding=\"async\"  \/>\t\t\t\t\t<\/a><\/p>\n","protected":false},"excerpt":{"rendered":"Jule Brand, avec l\u2019Allemagne (@UEFA) D\u00e9j\u00e0 \u00e0 son avantage lors du premier match, Jule Brand a remis \u00e7a&hellip;\n","protected":false},"author":2,"featured_media":236997,"comment_status":"","ping_status":"","sticky":false,"template":"","format":"standard","meta":{"footnotes":""},"categories":[1587],"tags":[11,672,1804,1805,1803,1777,674,1801,12,241,242,1802],"class_list":{"0":"post-236996","1":"post","2":"type-post","3":"status-publish","4":"format-standard","5":"has-post-thumbnail","7":"category-allemagne","8":"tag-actualites","9":"tag-allemagne","10":"tag-bundesrepublik-deutschland","11":"tag-de","12":"tag-deutschland","13":"tag-eu","14":"tag-europe","15":"tag-germany","16":"tag-news","17":"tag-ol","18":"tag-ol-feminin","19":"tag-republique-federale-dallemagne"},"share_on_mastodon":{"url":"https:\/\/pubeurope.com\/@fr\/114821998279360392","error":""},"_links":{"self":[{"href":"https:\/\/www.europesays.com\/fr\/wp-json\/wp\/v2\/posts\/236996","targetHints":{"allow":["GET"]}}],"collection":[{"href":"https:\/\/www.europesays.com\/fr\/wp-json\/wp\/v2\/posts"}],"about":[{"href":"https:\/\/www.europesays.com\/fr\/wp-json\/wp\/v2\/types\/post"}],"author":[{"embeddable":true,"href":"https:\/\/www.europesays.com\/fr\/wp-json\/wp\/v2\/users\/2"}],"replies":[{"embeddable":true,"href":"https:\/\/www.europesays.com\/fr\/wp-json\/wp\/v2\/comments?post=236996"}],"version-history":[{"count":0,"href":"https:\/\/www.europesays.com\/fr\/wp-json\/wp\/v2\/posts\/236996\/revisions"}],"wp:featuredmedia":[{"embeddable":true,"href":"https:\/\/www.europesays.com\/fr\/wp-json\/wp\/v2\/media\/236997"}],"wp:attachment":[{"href":"https:\/\/www.europesays.com\/fr\/wp-json\/wp\/v2\/media?parent=236996"}],"wp:term":[{"taxonomy":"category","embeddable":true,"href":"https:\/\/www.europesays.com\/fr\/wp-json\/wp\/v2\/categories?post=236996"},{"taxonomy":"post_tag","embeddable":true,"href":"https:\/\/www.europesays.com\/fr\/wp-json\/wp\/v2\/tags?post=236996"}],"curies":[{"name":"wp","href":"https:\/\/api.w.org\/{rel}","templated":true}]}}