{"id":237006,"date":"2025-07-09T07:07:11","date_gmt":"2025-07-09T07:07:11","guid":{"rendered":"https:\/\/www.europesays.com\/fr\/237006\/"},"modified":"2025-07-09T07:07:11","modified_gmt":"2025-07-09T07:07:11","slug":"en-direct-incendies-dans-le-sud-de-la-france-a-marseille-le-feu-est-en-nette-regression","status":"publish","type":"post","link":"https:\/\/www.europesays.com\/fr\/237006\/","title":{"rendered":"EN DIRECT &#8211; Incendies dans le sud de la France : \u00e0 Marseille, le feu est en \u00ab\u00a0nette r\u00e9gression\u00a0\u00bb"},"content":{"rendered":"<p>                \u00ab\u00a0\u00c0 Marseille, le feu baisse en intensit\u00e9\u00a0\u00bb<\/p>\n<p>Le violent incendie qui menace Marseille depuis mardi, dop\u00e9 par une longue p\u00e9riode de canicule et un mistral violent, a baiss\u00e9 en intensit\u00e9, mais n&rsquo;est toujours pas fix\u00e9, a indiqu\u00e9 la pr\u00e9fecture mercredi matin, apr\u00e8s que le ministre de l&rsquo;Int\u00e9rieur a averti d&rsquo;un \u00ab\u00a0\u00e9t\u00e9 \u00e0 haut risque\u00a0\u00bb.<\/p>\n<p>\u00ab\u00a0\u00c0 Marseille, le feu baisse en intensit\u00e9\u00a0\u00bb mercredi matin, \u00ab\u00a0mais les lisi\u00e8res sont toujours actives et non stabilis\u00e9es\u00a0\u00bb, a indiqu\u00e9 une porte-parole de la pr\u00e9fecture \u00e0 l&rsquo;AFP, pr\u00e9cisant que le feu n&rsquo;\u00e9tait pas fix\u00e9 \u00e0 ce stade.<\/p>\n<p>Devant cette am\u00e9lioration de la situation, la pr\u00e9fecture a cependant averti sur X que les habitants du 16e arrondissement de Marseille, touch\u00e9 par les flammes hier apr\u00e8s-midi, dans le nord de la ville, \u00e9taient d\u00e9sormais \u00ab\u00a0d\u00e9confin\u00e9s\u00a0\u00bb mais qu&rsquo;il \u00e9tait \u00ab\u00a0encore trop t\u00f4t pour les personnes \u00e9vacu\u00e9es\u00a0\u00bb, au nombre d&rsquo;environ 400, \u00ab\u00a0regagnent leur domicile\u00a0\u00bb.<\/p>\n<p>    Partager<\/p>\n","protected":false},"excerpt":{"rendered":"\u00ab\u00a0\u00c0 Marseille, le feu baisse en intensit\u00e9\u00a0\u00bb Le violent incendie qui menace Marseille depuis mardi, dop\u00e9 par une&hellip;\n","protected":false},"author":2,"featured_media":237007,"comment_status":"","ping_status":"","sticky":false,"template":"","format":"standard","meta":{"footnotes":""},"categories":[4],"tags":[11,107,1011,27,7089,1310,884,35514,12,1311,25],"class_list":{"0":"post-237006","1":"post","2":"type-post","3":"status-publish","4":"format-standard","5":"has-post-thumbnail","7":"category-france","8":"tag-actualites","9":"tag-fil-info","10":"tag-fr","11":"tag-france","12":"tag-herault","13":"tag-incendie","14":"tag-marseille","15":"tag-narbonne","16":"tag-news","17":"tag-pompiers","18":"tag-republique-francaise"},"share_on_mastodon":{"url":"https:\/\/pubeurope.com\/@fr\/114822017567560387","error":""},"_links":{"self":[{"href":"https:\/\/www.europesays.com\/fr\/wp-json\/wp\/v2\/posts\/237006","targetHints":{"allow":["GET"]}}],"collection":[{"href":"https:\/\/www.europesays.com\/fr\/wp-json\/wp\/v2\/posts"}],"about":[{"href":"https:\/\/www.europesays.com\/fr\/wp-json\/wp\/v2\/types\/post"}],"author":[{"embeddable":true,"href":"https:\/\/www.europesays.com\/fr\/wp-json\/wp\/v2\/users\/2"}],"replies":[{"embeddable":true,"href":"https:\/\/www.europesays.com\/fr\/wp-json\/wp\/v2\/comments?post=237006"}],"version-history":[{"count":0,"href":"https:\/\/www.europesays.com\/fr\/wp-json\/wp\/v2\/posts\/237006\/revisions"}],"wp:featuredmedia":[{"embeddable":true,"href":"https:\/\/www.europesays.com\/fr\/wp-json\/wp\/v2\/media\/237007"}],"wp:attachment":[{"href":"https:\/\/www.europesays.com\/fr\/wp-json\/wp\/v2\/media?parent=237006"}],"wp:term":[{"taxonomy":"category","embeddable":true,"href":"https:\/\/www.europesays.com\/fr\/wp-json\/wp\/v2\/categories?post=237006"},{"taxonomy":"post_tag","embeddable":true,"href":"https:\/\/www.europesays.com\/fr\/wp-json\/wp\/v2\/tags?post=237006"}],"curies":[{"name":"wp","href":"https:\/\/api.w.org\/{rel}","templated":true}]}}