{"id":23702,"date":"2025-04-14T05:19:26","date_gmt":"2025-04-14T05:19:26","guid":{"rendered":"https:\/\/www.europesays.com\/fr\/23702\/"},"modified":"2025-04-14T05:19:26","modified_gmt":"2025-04-14T05:19:26","slug":"fermes-de-cannabis-le-phenomene-qui-prend-de-lampleur-en-france","status":"publish","type":"post","link":"https:\/\/www.europesays.com\/fr\/23702\/","title":{"rendered":"Fermes de cannabis : le ph\u00e9nom\u00e8ne qui prend de l&rsquo;ampleur en France"},"content":{"rendered":"<p>Les douanes ont indiqu\u00e9, jeudi, avoir d\u00e9couvert dans la Meuse plus de 660 plants de cannabis au sein d&rsquo;une ferme sp\u00e9cialis\u00e9e.Des installations qui sont de moins en moins rares dans l&rsquo;Hexagone.En 2023, plus de 100.000 plants de cannabis ont \u00e9t\u00e9 saisis en France.<a href=\"https:\/\/www.tf1info.fr\/emission\/le-20h-11001\/\" rel=\"noopener\" class=\"jsx-3118104007 Link jsx-1428418400 jsx-640816507\" target=\"_blank\"><\/p>\n<p style=\"font-weight:400\" class=\"jsx-1837267516\">Suivez la couverture compl\u00e8te<\/p>\n<p style=\"font-weight:800\" class=\"jsx-1837267516\">Le 20H<\/p>\n<p><\/a><\/p>\n<p data-module=\"article-paragraph\" class=\"jsx-362436225 Paragraph Paragraph__End\">S&rsquo;ils \u00e9taient bien \u00e0 la recherche de cannabis, les douaniers ne s&rsquo;attendaient pas \u00e0 tomber sur une exploitation de cette ampleur. Mercredi 9 avril, <a href=\"https:\/\/www.tf1info.fr\/justice-faits-divers\/verdun-meuse-saisie-de-667-plants-de-cannabis-alimentes-par-le-reseau-d-eau-et-d-electricite-municipal-2364736.html\" target=\"_blank\" rel=\"noopener\">667 plants de cannabis dans cinq chambres de cultures \u00ab\u00a0indoor\u00a0\u00bb<\/a> ont \u00e9t\u00e9 d\u00e9couverts pr\u00e8s de la ville de Verdun, dans la Meuse. La culture \u00e9tait r\u00e9partie sur deux sites diff\u00e9rents : 460 pieds dans un hangar et 207 dans un appartement, le tout dans deux villages voisins. \u00ab\u00a0L&rsquo;\u00e9lectricit\u00e9 et l&rsquo;eau \u00e9taient directement puis\u00e9s sur le r\u00e9seau municipal et dans une nappe phr\u00e9atique avec une pompe\u00a0\u00bb, indiquent les douaniers dans un communiqu\u00e9.<\/p>\n<p>Plus de 100.000 plants saisis en 2023<\/p>\n<p data-module=\"article-paragraph\" class=\"jsx-362436225 Paragraph Paragraph__End\">\u00ab\u00a0On est sur quelque chose d&rsquo;organis\u00e9 \u00e0 une grande \u00e9chelle. On est dans un hangar en pleine campagne, on va dire dans un petit village. On a plus de 600 plants quand m\u00eame\u00a0\u00bb, constate Georges Dubois, chef divisionnaire des douanes de Nancy (Meurthe-et-Moselle) dans le reportage en t\u00eate de cet article. Et<a href=\"https:\/\/www.tf1info.fr\/societe\/verif-la-consommation-de-cannabis-explose-t-elle-la-ou-il-a-ete-legalise-sans-faire-disparaitre-le-marche-noir-2351575.html\" target=\"_blank\" rel=\"noopener\"> les d\u00e9couvertes de ce type ne sont pas si rares<\/a> en France. En 2023, 112.000 plants de cannabis ont \u00e9t\u00e9 saisis dans le pays.\u00a0<\/p>\n<p><img decoding=\"async\" src=\"https:\/\/www.europesays.com\/fr\/wp-content\/uploads\/2025\/04\/saisies-de-plants-de-cannabis-en-france-66596f-0@1x.jpeg\" alt=\"Saisie de plants de cannabis en France en 2023\" loading=\"lazy\" importance=\"low\" fetchpriority=\"low\" class=\"\"\/>Saisie de plants de cannabis en France en 2023 &#8211; TF1<\/p>\n<p data-module=\"article-paragraph\" class=\"jsx-362436225 Paragraph Paragraph__End\">La majorit\u00e9 de ces cultures provenaient des d\u00e9partements et territoires d&rsquo;Outre-mer. Mais en m\u00e9tropole \u00e9galement, des installations clandestines sont r\u00e9guli\u00e8rement d\u00e9couvertes.\u00a0<\/p>\n<p><img decoding=\"async\" src=\"https:\/\/www.europesays.com\/fr\/wp-content\/uploads\/2025\/04\/saisies-de-cannabis-dom-tom-en-france-2023-a9d946-0@1x.jpeg\" alt=\"Pourcentage des saisies de cannabis en France dans les d\u00e9partements et territoires d'Outre-mer\" loading=\"lazy\" importance=\"low\" fetchpriority=\"low\" class=\"\"\/>Pourcentage des saisies de cannabis en France dans les d\u00e9partements et territoires d&rsquo;Outre-mer &#8211; TF1<\/p>\n<p data-module=\"article-paragraph\" class=\"jsx-362436225 Paragraph Paragraph__End\">Comme en d\u00e9cembre dernier, o\u00f9 800 plants et 11 kilos d&rsquo;herbes destin\u00e9s \u00e0 la vente ont \u00e9t\u00e9 d\u00e9couverts dans le Doubs. L\u00e0 encore, la ferme se trouvait dans un petit village d&rsquo;\u00e0 peine 700 habitants. \u00ab\u00a0Cette affaire est le reflet de ce que l&rsquo;on rel\u00e8ve de plus en plus souvent. C&rsquo;est-\u00e0-dire <a href=\"https:\/\/www.tf1info.fr\/justice-faits-divers\/il-cultive-du-cannabis-chez-lui-et-invite-la-police-pour-une-visite-de-courtoisie-1556054.html\" target=\"_blank\" rel=\"noopener\">utiliser une zone calme d&rsquo;un petit village<\/a> dans la profondeur, excentr\u00e9e, pour en toute discr\u00e9tion produire du cannabis\u00a0\u00bb, explique Jean-Baptiste Fontenille, commandant de la Compagnie de gendarmerie d\u00e9partementale de Besan\u00e7on.\u00a0<\/p>\n<ul class=\"jsx-658110588 ReadMoreArticle__List flex flex-column\">\n<li class=\"jsx-658110588\"><a href=\"https:\/\/www.tf1info.fr\/justice-faits-divers\/video-tf1-ca-me-rapporte-4000-euros-par-mois-la-ferme-a-cannabis-une-activite-discrete-lucrative-et-illegale-2355472.html\" rel=\"noopener\" class=\"jsx-4233824444 Link flex\" target=\"_blank\"><img decoding=\"async\" src=\"https:\/\/www.europesays.com\/fr\/wp-content\/uploads\/2025\/04\/cannabis-2351-5bd17d-0@1x.jpeg\" alt=\"Immersion dans une ferme de cannabis. \" loading=\"lazy\" importance=\"low\" fetchpriority=\"low\" class=\"\" copyright=\"TF1\"\/>\n<p class=\"jsx-658110588 ReadMoreArticle__Title\">Lire aussi<\/p>\n<p class=\"jsx-658110588\">\u00ab\u00a0\u00c7a me rapporte 4.000 euros par mois\u00a0\u00bb : la ferme \u00e0 cannabis, une activit\u00e9 discr\u00e8te, lucrative&#8230; et ill\u00e9gale<\/p>\n<p><\/a><\/li>\n<\/ul>\n<p data-module=\"article-paragraph\" class=\"jsx-362436225 Paragraph Paragraph__End\">Autre saisie importante, pas plus tard que la semaine derni\u00e8re, avec 2.100 plants d\u00e9couverts en Haute-Sa\u00f4ne. Cette fois, les malfaiteurs ont \u00e9t\u00e9 trahis par leur consommation d&rsquo;\u00e9lectricit\u00e9. Des agents d&rsquo;Enedis, d\u00e9p\u00each\u00e9s sur place pour des soup\u00e7ons de branchement ill\u00e9gal, ont d\u00e9couvert la ferme. Ce sont eux qui ont pr\u00e9venu les forces de l&rsquo;ordre.<\/p>\n<p>La r\u00e9daction de TF1info | Reportage TF1 : Antoine BOURDARIAS et Marie BELOT<\/p>\n","protected":false},"excerpt":{"rendered":"Les douanes ont indiqu\u00e9, jeudi, avoir d\u00e9couvert dans la Meuse plus de 660 plants de cannabis au sein&hellip;\n","protected":false},"author":2,"featured_media":23703,"comment_status":"","ping_status":"","sticky":false,"template":"","format":"standard","meta":{"footnotes":""},"categories":[4],"tags":[1111,11,1921,3675,1011,27,1922,2954,2952,12,25,887,133,2953],"class_list":{"0":"post-23702","1":"post","2":"type-post","3":"status-publish","4":"format-standard","5":"has-post-thumbnail","7":"category-france","8":"tag-actu","9":"tag-actualites","10":"tag-article-video","11":"tag-cannabis","12":"tag-fr","13":"tag-france","14":"tag-info","15":"tag-justice-et-faits-divers","16":"tag-le-20h","17":"tag-news","18":"tag-republique-francaise","19":"tag-trafic-de-drogue","20":"tag-video","21":"tag-video-police"},"share_on_mastodon":{"url":"https:\/\/pubeurope.com\/@fr\/114334634065228917","error":""},"_links":{"self":[{"href":"https:\/\/www.europesays.com\/fr\/wp-json\/wp\/v2\/posts\/23702","targetHints":{"allow":["GET"]}}],"collection":[{"href":"https:\/\/www.europesays.com\/fr\/wp-json\/wp\/v2\/posts"}],"about":[{"href":"https:\/\/www.europesays.com\/fr\/wp-json\/wp\/v2\/types\/post"}],"author":[{"embeddable":true,"href":"https:\/\/www.europesays.com\/fr\/wp-json\/wp\/v2\/users\/2"}],"replies":[{"embeddable":true,"href":"https:\/\/www.europesays.com\/fr\/wp-json\/wp\/v2\/comments?post=23702"}],"version-history":[{"count":0,"href":"https:\/\/www.europesays.com\/fr\/wp-json\/wp\/v2\/posts\/23702\/revisions"}],"wp:featuredmedia":[{"embeddable":true,"href":"https:\/\/www.europesays.com\/fr\/wp-json\/wp\/v2\/media\/23703"}],"wp:attachment":[{"href":"https:\/\/www.europesays.com\/fr\/wp-json\/wp\/v2\/media?parent=23702"}],"wp:term":[{"taxonomy":"category","embeddable":true,"href":"https:\/\/www.europesays.com\/fr\/wp-json\/wp\/v2\/categories?post=23702"},{"taxonomy":"post_tag","embeddable":true,"href":"https:\/\/www.europesays.com\/fr\/wp-json\/wp\/v2\/tags?post=23702"}],"curies":[{"name":"wp","href":"https:\/\/api.w.org\/{rel}","templated":true}]}}