{"id":237021,"date":"2025-07-09T07:16:11","date_gmt":"2025-07-09T07:16:11","guid":{"rendered":"https:\/\/www.europesays.com\/fr\/237021\/"},"modified":"2025-07-09T07:16:11","modified_gmt":"2025-07-09T07:16:11","slug":"om-mercato-lespoir-dune-vente-dounahi-relance","status":"publish","type":"post","link":"https:\/\/www.europesays.com\/fr\/237021\/","title":{"rendered":"OM Mercato : l&rsquo;espoir d&rsquo;une vente d&rsquo;Ounahi relanc\u00e9 !"},"content":{"rendered":"<p><strong>Alors qu\u2019il a refus\u00e9 de signer au Spartak Moscou et que le Panathina\u00efkos ne peut verser les 12 M\u20ac attendus, Azzedine Ounahi (OM) a tap\u00e9 dans l\u2019\u0153il de deux clubs turcs.<\/strong><\/p>\n<p><strong>\ud83d\udfe7 Piste cr\u00e9dible<\/strong><\/p>\n<p>La semaine derni\u00e8re, l\u2019espoir de voir le flop Azzedine Ounahi quitter d\u00e9finitivement <a href=\"https:\/\/www.butfootballclub.fr\/om-mercato-une-premiere-offre-presque-record-est-partie-pour-paixao\/\" rel=\"nofollow noopener\" target=\"_blank\">l\u2019OM<\/a> a dur\u00e9 quelques jours. Le temps pour le milieu de terrain marocain, arriv\u00e9 en janvier 2023, de refuser d\u2019aller au Spartak Moscou, qui lui offrait pourtant un pont d\u2019or au niveau salarial et une indemnit\u00e9 de 12 M\u20ac \u00e0 Marseille. L\u2019ancien Angevin ne sentait pas le projet russe, surtout en cette p\u00e9riode de conflit avec l\u2019Ukraine. Exit, donc, la piste Spartak. Le Panathina\u00efkos, o\u00f9 Ounahi a \u00e9t\u00e9 pr\u00eat\u00e9 en 2024-25, attend patiemment de voir <a href=\"https:\/\/www.butfootballclub.fr\/om-mercato-aguerd-hesite-ca-bouge-pour-alexis-sanchez\/\" rel=\"nofollow noopener\" target=\"_blank\">l\u2019OM<\/a> baisser ses pr\u00e9tentions pour sauter sur l\u2019occasion.<\/p>\n<p>Des clubs turcs le suivent de pr\u00e8s !<\/p>\n<p>Evidemment, l\u2019OM n\u2019est pas d\u2019accord, qui esp\u00e8re rentrer dans ses frais avec un \u00e9l\u00e9ment lui ayant co\u00fbt\u00e9 tr\u00e8s cher \u00e0 une \u00e9poque o\u00f9 tout le monde le voulait. Cependant, la marge de man\u0153uvre est \u00e9troite car Roberto De Zerbi ne compte pas du tout sur Ounahi. Preuve en est, il l\u2019a envoy\u00e9 en \u00e9quipe r\u00e9serve pour la reprise, avec cinq autre co\u00e9quipiers, \u00e9galement invit\u00e9s au d\u00e9part. Bonne nouvelle, selon la presse turque, deux clubs seraient \u00e0 l\u2019affut pour le Marocain ! Il s\u2019agirait de Trabzonspor et, \u00e0 un degr\u00e9 moindre, de Fenerbah\u00e7e. Est-ce que le premier nomm\u00e9 a les moyens de verser 12 M\u20ac ?<\/p>\n<p>Le d\u00e9part d\u2019Ounahi, en plus de lib\u00e9rer une place dans l\u2019effectif marseillais, permettrait au club de renflouer les caisses pour, pourquoi pas, augmenter son offre pour sa cible prioritaire, Igor Paixao (Feyenoord Rotterdam).<\/p>\n<p>\u00ab\u00a0Le coup d\u2019\u0153il de But FC\u00a0\u00bb<\/p>\n<p>\u00ab\u00a0Aussi bien pour l\u2019OM que pour Azzedine Ounahi, il serait bon que son transfert se r\u00e9alise le plus rapidement possible. Si le Marocain esp\u00e9rait convaincre Roberto De Zerbi de lui donner sa chance, sa place en r\u00e9serve a d\u00fb le convaincre que son avenir se situait loin de Marseille.\u00a0\u00bb<\/p>\n","protected":false},"excerpt":{"rendered":"Alors qu\u2019il a refus\u00e9 de signer au Spartak Moscou et que le Panathina\u00efkos ne peut verser les 12&hellip;\n","protected":false},"author":2,"featured_media":237022,"comment_status":"","ping_status":"","sticky":false,"template":"","format":"standard","meta":{"footnotes":""},"categories":[1410],"tags":[11,448,63,1011,27,66,3388,12,60,10662],"class_list":{"0":"post-237021","1":"post","2":"type-post","3":"status-publish","4":"format-standard","5":"has-post-thumbnail","7":"category-football","8":"tag-actualites","9":"tag-champions-league","10":"tag-football","11":"tag-fr","12":"tag-france","13":"tag-ligue-1","14":"tag-matchs","15":"tag-news","16":"tag-sports","17":"tag-transferts"},"share_on_mastodon":{"url":"https:\/\/pubeurope.com\/@fr\/114822053326875686","error":""},"_links":{"self":[{"href":"https:\/\/www.europesays.com\/fr\/wp-json\/wp\/v2\/posts\/237021","targetHints":{"allow":["GET"]}}],"collection":[{"href":"https:\/\/www.europesays.com\/fr\/wp-json\/wp\/v2\/posts"}],"about":[{"href":"https:\/\/www.europesays.com\/fr\/wp-json\/wp\/v2\/types\/post"}],"author":[{"embeddable":true,"href":"https:\/\/www.europesays.com\/fr\/wp-json\/wp\/v2\/users\/2"}],"replies":[{"embeddable":true,"href":"https:\/\/www.europesays.com\/fr\/wp-json\/wp\/v2\/comments?post=237021"}],"version-history":[{"count":0,"href":"https:\/\/www.europesays.com\/fr\/wp-json\/wp\/v2\/posts\/237021\/revisions"}],"wp:featuredmedia":[{"embeddable":true,"href":"https:\/\/www.europesays.com\/fr\/wp-json\/wp\/v2\/media\/237022"}],"wp:attachment":[{"href":"https:\/\/www.europesays.com\/fr\/wp-json\/wp\/v2\/media?parent=237021"}],"wp:term":[{"taxonomy":"category","embeddable":true,"href":"https:\/\/www.europesays.com\/fr\/wp-json\/wp\/v2\/categories?post=237021"},{"taxonomy":"post_tag","embeddable":true,"href":"https:\/\/www.europesays.com\/fr\/wp-json\/wp\/v2\/tags?post=237021"}],"curies":[{"name":"wp","href":"https:\/\/api.w.org\/{rel}","templated":true}]}}