{"id":237025,"date":"2025-07-09T07:18:10","date_gmt":"2025-07-09T07:18:10","guid":{"rendered":"https:\/\/www.europesays.com\/fr\/237025\/"},"modified":"2025-07-09T07:18:10","modified_gmt":"2025-07-09T07:18:10","slug":"pour-le-tour-de-france-deux-magnifiques-fresques-geantes-filmees-dans-les-champs-de-loise","status":"publish","type":"post","link":"https:\/\/www.europesays.com\/fr\/237025\/","title":{"rendered":"Pour le Tour de France, deux magnifiques fresques g\u00e9antes film\u00e9es dans les champs de l&rsquo;Oise"},"content":{"rendered":"<p>A l\u2019occasion du passage du Tour de France, lors de l\u2019\u00e9tape Amiens-Rouen, ce mardi 8 juillet, les agriculteurs de la FDSEA et les membres du mus\u00e9e agricole d\u2019H\u00e9tomesnil ont pr\u00e9sent\u00e9 deux fresques g\u00e9antes. Elles ont \u00e9t\u00e9 film\u00e9es par France 2 TV et salu\u00e9e par le \u201cMonsieur Histoire du Tour\u201d, Franck Ferrand.<\/p>\n<p>Chose promise chose due, les\u00a0<a href=\"https:\/\/www.facebook.com\/jeunesagriculteurs60\/?locale=fr_FR\" target=\"_blank\" rel=\"noreferrer noopener nofollow\">Jeunes Agriculteurs<\/a>\u00a0de l\u2019Oise et la <a href=\"https:\/\/fdsea60.fr\/\" rel=\"nofollow noopener\" target=\"_blank\">FDSEA<\/a> ont d\u00e9voil\u00e9, \u00e0 Marseille en Beauvaisis, une fresque g\u00e9ante de 30 m\u00e8tres sur 20, le 8 juillet, \u00e0 l\u2019occasion du passage du Tour de France dans l\u2019Oise. \u00abL\u2019id\u00e9e est de faire une belle journ\u00e9e de f\u00eate, conviviale\u201d, expliquait \u00e0 <a href=\"https:\/\/www.lebonhommepicard.fr\/tour-de-france-marseille-fdsea\/\" rel=\"nofollow noopener\" target=\"_blank\">nos confr\u00e8res du Bonhomme picard,<\/a> Luc Smessaert, vice-pr\u00e9sident de la FNSEA, pr\u00e9sident de la Chambre d\u2019agriculture de l\u2019Oise, et agriculteur \u00e0 Roy-Boissy.<\/p>\n<p>Une vache, une abeille, le contour du d\u00e9partement et un slogan tout en jeu de mots \u2013 \u201cTerr\u2019Oise\u201d \u2013 \u00e9taient les \u00e9l\u00e9ments cl\u00e9s de cette \u0153uvre qui a \u00e9t\u00e9 film\u00e9e de l\u2019h\u00e9licopt\u00e8re de <a href=\"https:\/\/www.france.tv\/sport\/cyclisme\/tour-de-france\/?gad_source=1&amp;gad_campaignid=22756129861&amp;gbraid=0AAAAAD4epFLolSaI9BlZaaVEILTAvYSta&amp;gclid=CjwKCAjwg7PDBhBxEiwAf1CVu8L4YpEF2S0Rvfj7LKG1NjFcZ-SmlJe1wd-KBfos9gq3jsrBICDOKBoCmZoQAvD_BwE#at_medium=1&amp;at_platform=2&amp;at_offre=5&amp;at_campaign=sport_se_evt_tdf&amp;at_adgroup=cqte_cyclisme&amp;at_adgroupid=185696874367&amp;at_adid=761881106766&amp;at_term=tv%20cyclisme%20direct&amp;at_highlight={Roland_Garros}\" rel=\"nofollow noopener\" target=\"_blank\">France 2 TV<\/a> et comment\u00e9e par Franck Ferrand, le \u201cMonsieur Histoire\u201d du Tour, lequel a pr\u00e9sent\u00e9 les richesses de notre r\u00e9gion en saluant longuement les agriculteurs de la FDSEA.<\/p>\n<p>Des tracteurs pr\u00eat\u00e9s par Massey Ferguson<\/p>\n<p>Cette ann\u00e9e, le th\u00e8me impos\u00e9 \u00e9tait: \u201cNotre terroir\u201d. L\u2019abeille, symbole de biodiversit\u00e9, a n\u00e9cessit\u00e9 70 \u00e0 80 ballots ronds et plusieurs b\u00e2ches pour faire ressortir le corps de l\u2019hym\u00e9nopt\u00e8re. Un syst\u00e8me permettait m\u00eame de simuler le battement des ailes. \u00c0 ses c\u00f4t\u00e9s, la t\u00eate d\u2019un bovin rappellait la richesse de l\u2019\u00e9levage local.<\/p>\n<p>Entre les deux, un slogan \u201cTerr\u2019Oise\u201d compos\u00e9 de v\u00e9g\u00e9taux locaux : \u00e9pis de bl\u00e9, lin et betteraves. Autour de la fresque, des tracteurs pr\u00eat\u00e9s par Massey Ferguson et des v\u00e9t\u00e9tistes ont \u00e9t\u00e9 invit\u00e9s \u00e0 faire le tour de l\u2019aire. 200 tee-shirts, floqu\u00e9s d\u2019un grand \u201c60\u201d dans le dos, en r\u00e9f\u00e9rence au d\u00e9partement, ont \u00e9t\u00e9 offerts aux cyclistes.<\/p>\n<p>Le mus\u00e9e agricole d\u2019H\u00e9tosmesnil pr\u00e9sente \u00e9galement sa fresque g\u00e9ante<img fetchpriority=\"high\" decoding=\"async\" width=\"1280\" height=\"720\" alt=\"Magnifique fresque r\u00e9alis\u00e9e par les b\u00e9n\u00e9voles du mus\u00e9es agricole d'H\u00e9tomesnil (Photo DR).\" class=\"wp-image-139497 lazyload\" data-eio=\"p\" src=\"https:\/\/www.europesays.com\/fr\/wp-content\/uploads\/2025\/07\/516468466-3733508576957824-3272977869126834822-n.jpg\"  data- data-eio-rwidth=\"1280\" data-eio-rheight=\"720\"\/>Magnifique fresque r\u00e9alis\u00e9e par les b\u00e9n\u00e9voles du mus\u00e9es agricole d\u2019H\u00e9tomesnil (Photo DR).<\/p>\n<p>Mais ce n\u2019est pas tout, le mus\u00e9e agricole d\u2019H\u00e9tomesnil a \u00e9galement adapt\u00e9 son traditionnel labyrinthe (trac\u00e9 dans un champ de ma\u00efs) \u00e0 l\u2019\u00e9v\u00e9nement. Une fresque g\u00e9ante y repr\u00e9sentait, cette fois,  un v\u00e9lo g\u00e9ant et un maillot. \u00abLe ma\u00efs aventure c\u00e9l\u00e8bre \u00e0 sa fa\u00e7on le passage du Tour de France. Le dessin du v\u00e9lo a \u00e9t\u00e9 r\u00e9alis\u00e9 par les b\u00e9n\u00e9voles du mus\u00e9e\u00bb, a f\u00e9licit\u00e9, \u00e0 raison, le maire de la commune, Pascal Verbeke.  <\/p>\n<p>Sans aucun doute, le directeur du Tour de France, Christian Prudhomme, a d\u00fb appr\u00e9cier. Un argument suppl\u00e9mentaire pour faire revenir le Tour dans l\u2019Oise, et peut-\u00eatre\u2026 \u00e0 Beauvais. Sa derni\u00e8re halte dans la ville-pr\u00e9fecture date de 2006, une \u00e9dition o\u00f9 Beauvais avait \u00e9t\u00e9 ville-\u00e9tape.<\/p>\n<p><strong>Avec Sylvie Godin<\/strong><\/p>\n","protected":false},"excerpt":{"rendered":"A l\u2019occasion du passage du Tour de France, lors de l\u2019\u00e9tape Amiens-Rouen, ce mardi 8 juillet, les agriculteurs&hellip;\n","protected":false},"author":2,"featured_media":237026,"comment_status":"","ping_status":"","sticky":false,"template":"","format":"standard","meta":{"footnotes":""},"categories":[1358],"tags":[2572,1348,1384,1385,1386,58,59,37596,1011,27,1940,210],"class_list":{"0":"post-237025","1":"post","2":"type-post","3":"status-publish","4":"format-standard","5":"has-post-thumbnail","7":"category-arts-et-design","8":"tag-agriculteurs","9":"tag-arts","10":"tag-arts-and-design","11":"tag-arts-et-design","12":"tag-design","13":"tag-divertissement","14":"tag-entertainment","15":"tag-fdsea","16":"tag-fr","17":"tag-france","18":"tag-oise","19":"tag-tour-de-france"},"share_on_mastodon":{"url":"https:\/\/pubeurope.com\/@fr\/114822061583530131","error":""},"_links":{"self":[{"href":"https:\/\/www.europesays.com\/fr\/wp-json\/wp\/v2\/posts\/237025","targetHints":{"allow":["GET"]}}],"collection":[{"href":"https:\/\/www.europesays.com\/fr\/wp-json\/wp\/v2\/posts"}],"about":[{"href":"https:\/\/www.europesays.com\/fr\/wp-json\/wp\/v2\/types\/post"}],"author":[{"embeddable":true,"href":"https:\/\/www.europesays.com\/fr\/wp-json\/wp\/v2\/users\/2"}],"replies":[{"embeddable":true,"href":"https:\/\/www.europesays.com\/fr\/wp-json\/wp\/v2\/comments?post=237025"}],"version-history":[{"count":0,"href":"https:\/\/www.europesays.com\/fr\/wp-json\/wp\/v2\/posts\/237025\/revisions"}],"wp:featuredmedia":[{"embeddable":true,"href":"https:\/\/www.europesays.com\/fr\/wp-json\/wp\/v2\/media\/237026"}],"wp:attachment":[{"href":"https:\/\/www.europesays.com\/fr\/wp-json\/wp\/v2\/media?parent=237025"}],"wp:term":[{"taxonomy":"category","embeddable":true,"href":"https:\/\/www.europesays.com\/fr\/wp-json\/wp\/v2\/categories?post=237025"},{"taxonomy":"post_tag","embeddable":true,"href":"https:\/\/www.europesays.com\/fr\/wp-json\/wp\/v2\/tags?post=237025"}],"curies":[{"name":"wp","href":"https:\/\/api.w.org\/{rel}","templated":true}]}}