{"id":237030,"date":"2025-07-09T07:21:12","date_gmt":"2025-07-09T07:21:12","guid":{"rendered":"https:\/\/www.europesays.com\/fr\/237030\/"},"modified":"2025-07-09T07:21:12","modified_gmt":"2025-07-09T07:21:12","slug":"un-celebre-boysband-des-annees-90-a-lhonneur-les-premieres-images-de-la-saison-2-devoilees","status":"publish","type":"post","link":"https:\/\/www.europesays.com\/fr\/237030\/","title":{"rendered":"un c\u00e9l\u00e8bre boysband des ann\u00e9es 90 \u00e0 l\u2019honneur, les premi\u00e8res images de la saison 2 d\u00e9voil\u00e9es"},"content":{"rendered":"<p><b>La seconde saison de la s\u00e9rie de Prime Video \u00ab Culte \u00bb sera diffus\u00e9e cet automne. Elle racontera la gen\u00e8se et la carri\u00e8re fulgurante des 2Be3, inconique groupe des ann\u00e9es 90. <\/b><\/p>\n<p>30 ans apr\u00e8s le lancement de leur carri\u00e8re, le souvenir des 2Be3 est encore vivace. L&rsquo;histoire du groupe iconique, form\u00e9 de Filip Nikolic, Adel Kachermi et Frank Delay, va \u00eatre au coeur de deux fictions, dont une salve d&rsquo;\u00e9pisodes qui s&rsquo;inscrit dans la suite de la s\u00e9rie de Prime Video Culte. La premi\u00e8re saison de cette fiction, diffus\u00e9e en octobre 2024, avait \u00e9t\u00e9 consacr\u00e9e \u00e0 la gen\u00e8se de Loft Story, la premi\u00e8re \u00e9mission de t\u00e9l\u00e9-r\u00e9alit\u00e9 d&rsquo;enfermement \u00e0 avoir \u00e9t\u00e9 programm\u00e9e en France.<\/p>\n<p><strong>\u00c0 d\u00e9couvrir \u00e9galement <\/strong> : <a href=\"https:\/\/www.femina.fr\/article\/fourth-wing-ou-en-est-l-adaptation-commandee-par-prime-video#xtor=AL-34\" rel=\"nofollow noopener\" target=\"_blank\" data-ylk=\"slk:\u00ab Fourth Wing \u00bb : o\u00f9 en est l\u2019adaptation command\u00e9e par Prime Video ?;elm:context_link;itc:0;sec:content-canvas\" class=\"link \">\u00ab Fourth Wing \u00bb : o\u00f9 en est l\u2019adaptation command\u00e9e par Prime Video ?<\/a><\/p>\n<p>Les 2Be3 h\u00e9ros de la saison 2 de \u00ab Culte \u00bb \u00e0 partir de cet automne sur Prime Video<\/p>\n<p>Culte reviendra donc \u00e0 l&rsquo;automne sur Prime Video pour raconter l&rsquo;incroyable destin des trois copains originaires de Longjumeau. Dans un post publi\u00e9 sur Instagram, la plateforme officialise le lancement de cette saison 2 pour le 24 octobre. \u00ab L&rsquo;histoire derri\u00e8re le mythe \u00bb, peut-on lire en l\u00e9gende d&rsquo;un petit teaser qui donne un avant-go\u00fbt de ce qui attend les t\u00e9l\u00e9spectateurs. Dans cette petite bande-annonce, on d\u00e9couvre le boysband culte plus vrai que nature, avec Antoine Simony dans le r\u00f4le de Filip Nikolic, Namory Bakayoko dans celui d&rsquo;Adel Kachermi et Marin Judas-Bouissou dans la peau de Frank Delay. Au menu : entra\u00eenements, sessions d&rsquo;enregistrements (avec Daphn\u00e9 B\u00fcrki dans le r\u00f4le d&rsquo;une productrice artistique), clashs, rapports avec la famille et&#8230;<\/p>\n<p><a href=\"https:\/\/www.femina.fr\/article\/culte-un-celebre-boysband-des-annees-90-a-l-honneur-les-premieres-images-de-la-saison-2-devoilees#xtor=AL-34\" rel=\"nofollow noopener\" target=\"_blank\" data-ylk=\"slk:Lire la suite sur Femina.fr;elm:context_link;itc:0;sec:content-canvas\" class=\"link \">Lire la suite sur Femina.fr<\/a><\/p>\n<p>A lire aussi<\/p>\n","protected":false},"excerpt":{"rendered":"La seconde saison de la s\u00e9rie de Prime Video \u00ab Culte \u00bb sera diffus\u00e9e cet automne. Elle racontera&hellip;\n","protected":false},"author":2,"featured_media":237031,"comment_status":"","ping_status":"","sticky":false,"template":"","format":"standard","meta":{"footnotes":""},"categories":[1355],"tags":[37598,7016,58,59,37599,1011,27,3041,1361,873,11765],"class_list":{"0":"post-237030","1":"post","2":"type-post","3":"status-publish","4":"format-standard","5":"has-post-thumbnail","7":"category-musique","8":"tag-adel-kachermi","9":"tag-culte","10":"tag-divertissement","11":"tag-entertainment","12":"tag-filip-nikolic","13":"tag-fr","14":"tag-france","15":"tag-frank-delay","16":"tag-music","17":"tag-musique","18":"tag-prime-video"},"share_on_mastodon":{"url":"https:\/\/pubeurope.com\/@fr\/114822073046437627","error":""},"_links":{"self":[{"href":"https:\/\/www.europesays.com\/fr\/wp-json\/wp\/v2\/posts\/237030","targetHints":{"allow":["GET"]}}],"collection":[{"href":"https:\/\/www.europesays.com\/fr\/wp-json\/wp\/v2\/posts"}],"about":[{"href":"https:\/\/www.europesays.com\/fr\/wp-json\/wp\/v2\/types\/post"}],"author":[{"embeddable":true,"href":"https:\/\/www.europesays.com\/fr\/wp-json\/wp\/v2\/users\/2"}],"replies":[{"embeddable":true,"href":"https:\/\/www.europesays.com\/fr\/wp-json\/wp\/v2\/comments?post=237030"}],"version-history":[{"count":0,"href":"https:\/\/www.europesays.com\/fr\/wp-json\/wp\/v2\/posts\/237030\/revisions"}],"wp:featuredmedia":[{"embeddable":true,"href":"https:\/\/www.europesays.com\/fr\/wp-json\/wp\/v2\/media\/237031"}],"wp:attachment":[{"href":"https:\/\/www.europesays.com\/fr\/wp-json\/wp\/v2\/media?parent=237030"}],"wp:term":[{"taxonomy":"category","embeddable":true,"href":"https:\/\/www.europesays.com\/fr\/wp-json\/wp\/v2\/categories?post=237030"},{"taxonomy":"post_tag","embeddable":true,"href":"https:\/\/www.europesays.com\/fr\/wp-json\/wp\/v2\/tags?post=237030"}],"curies":[{"name":"wp","href":"https:\/\/api.w.org\/{rel}","templated":true}]}}