{"id":237032,"date":"2025-07-09T07:22:10","date_gmt":"2025-07-09T07:22:10","guid":{"rendered":"https:\/\/www.europesays.com\/fr\/237032\/"},"modified":"2025-07-09T07:22:10","modified_gmt":"2025-07-09T07:22:10","slug":"nos-critiques-des-sorties-cinema-de-la-semaine-liberation","status":"publish","type":"post","link":"https:\/\/www.europesays.com\/fr\/237032\/","title":{"rendered":"nos critiques des sorties cin\u00e9ma de la semaine \u2013 Lib\u00e9ration"},"content":{"rendered":"<p class=\"sc-ksZaOG ehjQrN text-element\">Pour aider nos lecteurs \u00e0 s\u2019y retrouver dans une offre culturelle foisonnante, les journalistes du service Culture de Lib\u00e9 vous d\u00e9blaient le terrain dans l\u2019actualit\u00e9 des sorties de films, d\u2019albums, de spectacles, de s\u00e9ries et d\u2019expositions. <a href=\"https:\/\/www.liberation.fr\/selections-culture\/\" rel=\"noopener\" title=\"https:\/\/www.liberation.fr\/selections-culture\/\" target=\"_blank\">Retrouvez l\u2019ensemble de nos s\u00e9lections<\/a>.<\/p>\n<p class=\"sc-ksZaOG ehjQrN text-element\">Tout en ambigu\u00eft\u00e9, le cin\u00e9aste portugais imagine un ing\u00e9nieur d\u00e9barqu\u00e9 en Guin\u00e9e-Bissau pour valider le trac\u00e9 d\u2019une route dans un film lumineux sur le d\u00e9sir, le post-colonialisme, les contradictions. <a href=\"https:\/\/www.liberation.fr\/culture\/cinema\/le-rire-et-le-couteau-de-pedro-pinho-du-plus-profond-de-la-lame-20250708_GP3BQYXNZFAU3EBEZH35OCDBHU\/\" target=\"_blank\" rel=\"noopener\" title=\"https:\/\/www.liberation.fr\/culture\/cinema\/le-rire-et-le-couteau-de-pedro-pinho-du-plus-profond-de-la-lame-20250708_GP3BQYXNZFAU3EBEZH35OCDBHU\/\">Lire notre critique<\/a>. <\/p>\n<\/p>\n<p class=\"sc-ksZaOG ehjQrN text-element\">Romanesque et obstin\u00e9, l\u2019ultime volet de la trilogie du cin\u00e9aste chinois sur les travailleurs textiles de Zhili les suit dans leurs villages et leurs familles. Et cl\u00f4ture un chef-d\u2019\u0153uvre sur la condition ouvri\u00e8re contemporaine. <a href=\"https:\/\/www.liberation.fr\/culture\/cinema\/jeunesse-retour-au-pays-de-wang-bing-foyer-decueils-20250709_U6VUSWDPXVDYVOLZNTTHNKFDFM\/\" target=\"_blank\" rel=\"noreferrer noopener\" title=\"https:\/\/www.liberation.fr\/culture\/cinema\/jeunesse-retour-au-pays-de-wang-bing-foyer-decueils-20250709_U6VUSWDPXVDYVOLZNTTHNKFDFM\/\">Lire notre critique<\/a>. <\/p>\n<\/p>\n<p class=\"sc-ksZaOG ehjQrN text-element\">Avec un sens r\u00e9jouissant de la ligne claire, le cin\u00e9aste insuffle vivacit\u00e9 et l\u00e9g\u00e8ret\u00e9 au nouvel opus des aventures de l\u2019\u00fcbermensch de Krypton. <a href=\"https:\/\/www.liberation.fr\/culture\/cinema\/superman-de-james-gunn-very-good-slip-20250708_HJHT4AOS35EOTOACV4SWDGJNZ4\/\" target=\"_blank\" rel=\"noreferrer noopener\" title=\"https:\/\/www.liberation.fr\/culture\/cinema\/superman-de-james-gunn-very-good-slip-20250708_HJHT4AOS35EOTOACV4SWDGJNZ4\/\">Lire notre super-critique<\/a>. <\/p>\n<\/p>\n<p class=\"sc-ksZaOG ehjQrN text-element\">L\u2019Am\u00e9ricaine queer d\u2019origine mexicaine conte quatre s\u00e9jours de s\u0153urs chez leur p\u00e8re divorc\u00e9, dans un r\u00e9cit fronti\u00e8re d\u00e9licat qui \u00e9vite les pi\u00e8ges du pathos. <a href=\"https:\/\/www.liberation.fr\/culture\/in-the-summers-dalessandra-lacorazza-tout-ce-qui-a-ete-20250708_YDL2FCTIFRBGRGMHFCFEUBDUYM\/\" target=\"_blank\" rel=\"noopener\" title=\"https:\/\/www.liberation.fr\/culture\/in-the-summers-dalessandra-lacorazza-tout-ce-qui-a-ete-20250708_YDL2FCTIFRBGRGMHFCFEUBDUYM\/\">Lire notre critique<\/a>. <\/p>\n<\/p>\n<p class=\"sc-ksZaOG ehjQrN text-element\">Un biopic musical, r\u00e9cit imparfait de quelques mois de la vie de Robert Wyatt, ancien batteur de Soft Machine. <a href=\"https:\/\/www.liberation.fr\/culture\/cinema\/vite-vu-rock-bottom-de-maria-trenor-20250709_SNGQNDKSUNF4TJP4Y5I5AKO2QM\/\" target=\"_blank\" rel=\"noreferrer noopener\" title=\"https:\/\/www.liberation.fr\/culture\/cinema\/vite-vu-rock-bottom-de-maria-trenor-20250709_SNGQNDKSUNF4TJP4Y5I5AKO2QM\/\">Lire notre (courte) critique<\/a>. <\/p>\n<\/p>\n<p class=\"sc-ksZaOG ehjQrN text-element\">L\u2019ego trip fanfaron de l\u2019acteur-romancier sans filtre, sorte d\u2019introspection sur son explosion m\u00e9diatique, est consternant voire glauque. <a href=\"https:\/\/www.liberation.fr\/culture\/i-love-peru-le-nanar-de-raphael-quenard-20250708_DORQ6QZBGJH4ZJZMLP6NFSR72M\/\" target=\"_blank\" rel=\"noopener\" title=\"https:\/\/www.liberation.fr\/culture\/i-love-peru-le-nanar-de-raphael-quenard-20250708_DORQ6QZBGJH4ZJZMLP6NFSR72M\/\">Lire notre critique \u00e9nerv\u00e9e<\/a>.<\/p>\n<\/p>\n<p class=\"sc-ksZaOG ehjQrN text-element\"><b>Chaque jour, retrouvez les choix du service Culture de <\/b><b>Lib\u00e9 <\/b><b>: expositions le lundi, th\u00e9\u00e2tre, danse et op\u00e9ra le mardi, sorties cin\u00e9 le mercredi, musique le vendredi, s\u00e9ries le dimanche. Ainsi que le Top 10 de la semaine le samedi. Tout ce qui nous a plu (et parfois d\u00e9plu) dans l\u2019actualit\u00e9 de la culture.<\/b><\/p>\n","protected":false},"excerpt":{"rendered":"Pour aider nos lecteurs \u00e0 s\u2019y retrouver dans une offre culturelle foisonnante, les journalistes du service Culture de&hellip;\n","protected":false},"author":2,"featured_media":237033,"comment_status":"","ping_status":"","sticky":false,"template":"","format":"standard","meta":{"footnotes":""},"categories":[1354],"tags":[58,59,1346,1011,27,1360,6517],"class_list":{"0":"post-237032","1":"post","2":"type-post","3":"status-publish","4":"format-standard","5":"has-post-thumbnail","7":"category-films","8":"tag-divertissement","9":"tag-entertainment","10":"tag-films","11":"tag-fr","12":"tag-france","13":"tag-movies","14":"tag-sorties-cinema"},"share_on_mastodon":{"url":"https:\/\/pubeurope.com\/@fr\/114822076782528214","error":""},"_links":{"self":[{"href":"https:\/\/www.europesays.com\/fr\/wp-json\/wp\/v2\/posts\/237032","targetHints":{"allow":["GET"]}}],"collection":[{"href":"https:\/\/www.europesays.com\/fr\/wp-json\/wp\/v2\/posts"}],"about":[{"href":"https:\/\/www.europesays.com\/fr\/wp-json\/wp\/v2\/types\/post"}],"author":[{"embeddable":true,"href":"https:\/\/www.europesays.com\/fr\/wp-json\/wp\/v2\/users\/2"}],"replies":[{"embeddable":true,"href":"https:\/\/www.europesays.com\/fr\/wp-json\/wp\/v2\/comments?post=237032"}],"version-history":[{"count":0,"href":"https:\/\/www.europesays.com\/fr\/wp-json\/wp\/v2\/posts\/237032\/revisions"}],"wp:featuredmedia":[{"embeddable":true,"href":"https:\/\/www.europesays.com\/fr\/wp-json\/wp\/v2\/media\/237033"}],"wp:attachment":[{"href":"https:\/\/www.europesays.com\/fr\/wp-json\/wp\/v2\/media?parent=237032"}],"wp:term":[{"taxonomy":"category","embeddable":true,"href":"https:\/\/www.europesays.com\/fr\/wp-json\/wp\/v2\/categories?post=237032"},{"taxonomy":"post_tag","embeddable":true,"href":"https:\/\/www.europesays.com\/fr\/wp-json\/wp\/v2\/tags?post=237032"}],"curies":[{"name":"wp","href":"https:\/\/api.w.org\/{rel}","templated":true}]}}