{"id":237034,"date":"2025-07-09T07:23:10","date_gmt":"2025-07-09T07:23:10","guid":{"rendered":"https:\/\/www.europesays.com\/fr\/237034\/"},"modified":"2025-07-09T07:23:10","modified_gmt":"2025-07-09T07:23:10","slug":"ce-virus-courant-est-bien-plus-dangereux-quon-ne-le-pensait-il-multiplie-par-5-le-risque-davoir-un-cancer","status":"publish","type":"post","link":"https:\/\/www.europesays.com\/fr\/237034\/","title":{"rendered":"Ce virus courant est bien plus dangereux qu&rsquo;on ne le pensait, il multiplie par 5\u00a0le risque d&rsquo;avoir un cancer"},"content":{"rendered":"<p class=\"app_entry_lead\">\n                                    <a title=\"\u00a0\u00a9\u00a0jarun011 - stock.adobe.com\" href=\"https:\/\/www.europesays.com\/fr\/wp-content\/uploads\/2025\/07\/77422108.jpg\" class=\"fancy\"><\/p>\n<p>                            <img loading=\"lazy\" decoding=\"async\" src=\"https:\/\/www.europesays.com\/fr\/wp-content\/uploads\/2025\/07\/77422108.jpg\" alt=\"Ce virus courant est bien plus dangereux qu'on ne le pensait, il multiplie par 5\u00a0le risque d'avoir un cancer\" width=\"1500\" height=\"1000\"\/><\/p>\n<p>                    <\/a><br \/>\n                    Un lien entre ce virus et le cancer avait d\u00e9j\u00e0 \u00e9t\u00e9 \u00e9tabli mais le risque serait bien plus important qu&rsquo;on ne le pensait.\n            <\/p>\n<p>Tabac, alcool, alimentation malsaine, manque d&rsquo;activit\u00e9 physique, g\u00e9n\u00e9tique&#8230;\u00a0On conna\u00eet bien ces causes largement prouv\u00e9es de cancer.\u00a0Mais d&rsquo;autres sont moins connues.\u00a0Par exemple, certains virus peuvent augmenter le risque de d\u00e9velopper un cancer.\u00a0Parmi eux : le virus d&rsquo;Epstein-Barr (EBV). S&rsquo;il est m\u00e9connu du grand public, il s&rsquo;agit pourtant du \u00ab\u00a0virus humain le plus courant et le plus persistant. Il infecte environ 95\u00a0% de la population mondiale avec une infection asymptomatique \u00e0 vie\u00a0\u00bb.\u00a0Il peut aussi provoquer une mononucl\u00e9ose&#8230; ou pire, un cancer.<\/p>\n<p>Ce virus de la famille de l&rsquo;herp\u00e8s a en effet \u00e9t\u00e9 class\u00e9 \u00ab\u00a0canc\u00e9rog\u00e8ne pour l&rsquo;homme\u00a0\u00bb par le Centre international de recherche sur le cancer (CIRC), qui fait partie de l&rsquo;OMS, en 1997. Il a d\u00e9j\u00e0 \u00e9t\u00e9 associ\u00e9 \u00e0 certains cancers, notamment des lymphomes, carcinomes, et cancers de l&rsquo;estomac. Mais \u00ab\u00a0bien que l&rsquo;association de l&rsquo;infection par l&rsquo;EBV avec certains types de cancer, tels que les lymphomes et le carcinome nasopharyng\u00e9, soit bien \u00e9tablie, on dispose de moins de donn\u00e9es sur le risque de cancer en g\u00e9n\u00e9ral\u00a0\u00bb, a expliqu\u00e9 dans un communiqu\u00e9 le Dr Zisis Kozlakidis, coauteur d&rsquo;une nouvelle \u00e9tude men\u00e9e par le CIRC et <a href=\"https:\/\/www.nature.com\/articles\/s41467-025-60999-5#Sec9\" rel=\"nofollow noopener\" target=\"_blank\">publi\u00e9e<\/a> dans la revue Nature d\u00e9but juillet 2025.<\/p>\n<p><img decoding=\"async\" alt=\"\" src=\"https:\/\/www.europesays.com\/fr\/wp-content\/uploads\/2025\/07\/77422109.jpg\"\/><\/p>\n<p>Pour mieux conna\u00eetre ce risque, les chercheurs ont suivi pendant une d\u00e9cennie l&rsquo;\u00e9tat de sant\u00e9 de pr\u00e8s de 75\u00a0000\u00a0personnes en Chine. Ils ont ainsi pu observer que les personnes qui avaient des anticorps &#8211; et donc avaient \u00e9t\u00e9 infect\u00e9es &#8211; par le virus Epstein-Barr \u00ab\u00a0\u00e9taient pr\u00e8s de 5\u00a0fois plus susceptibles de d\u00e9velopper un cancer\u00a0\u00bb que celles qui n&rsquo;avaient pas d&rsquo;anticorps du virus. Pour les cancers d\u00e9j\u00e0 associ\u00e9s au virus, le risque \u00e9tait multipli\u00e9 par 3,2\u00a0pour le lymphome et m\u00eame par&#8230;\u00a026\u00a0pour le carcinome nasopharyng\u00e9 !<\/p>\n<p>Les chercheurs ont aussi d\u00e9couvert un lien jusqu&rsquo;alors m\u00e9connu avec certains types de cancers.\u00a0Les personnes qui avaient des anticorps du virus Epstein-Barr avaient 1,76\u00a0fois plus de risque d&rsquo;avoir un cancer du poumon et 1,7\u00a0fois plus de risque d&rsquo;avoir un cancer du foie.<\/p>\n<p>D&rsquo;apr\u00e8s les chercheurs, pr\u00e8s de 8\u00a0% des cancers dans le sud de la Chine &#8211; l\u00e0 o\u00f9 l&rsquo;\u00e9tude a \u00e9t\u00e9 men\u00e9e &#8211; pourraient \u00ab\u00a0\u00eatre attribu\u00e9s\u00a0\u00bb au virus Epstein-Barr.\u00a0C&rsquo;est quatre fois plus que ce qui avait \u00e9t\u00e9 estim\u00e9 pr\u00e9c\u00e9demment.\u00a0D&rsquo;autres \u00e9tudes doivent \u00eatre men\u00e9es pour confirmer et \u00e9valuer ce risque dans d&rsquo;autres zones du monde.<\/p>\n","protected":false},"excerpt":{"rendered":"Un lien entre ce virus et le cancer avait d\u00e9j\u00e0 \u00e9t\u00e9 \u00e9tabli mais le risque serait bien plus&hellip;\n","protected":false},"author":2,"featured_media":237035,"comment_status":"","ping_status":"","sticky":false,"template":"","format":"standard","meta":{"footnotes":""},"categories":[10],"tags":[1011,27,72,71],"class_list":{"0":"post-237034","1":"post","2":"type-post","3":"status-publish","4":"format-standard","5":"has-post-thumbnail","7":"category-sante","8":"tag-fr","9":"tag-france","10":"tag-health","11":"tag-sante"},"share_on_mastodon":{"url":"","error":""},"_links":{"self":[{"href":"https:\/\/www.europesays.com\/fr\/wp-json\/wp\/v2\/posts\/237034","targetHints":{"allow":["GET"]}}],"collection":[{"href":"https:\/\/www.europesays.com\/fr\/wp-json\/wp\/v2\/posts"}],"about":[{"href":"https:\/\/www.europesays.com\/fr\/wp-json\/wp\/v2\/types\/post"}],"author":[{"embeddable":true,"href":"https:\/\/www.europesays.com\/fr\/wp-json\/wp\/v2\/users\/2"}],"replies":[{"embeddable":true,"href":"https:\/\/www.europesays.com\/fr\/wp-json\/wp\/v2\/comments?post=237034"}],"version-history":[{"count":0,"href":"https:\/\/www.europesays.com\/fr\/wp-json\/wp\/v2\/posts\/237034\/revisions"}],"wp:featuredmedia":[{"embeddable":true,"href":"https:\/\/www.europesays.com\/fr\/wp-json\/wp\/v2\/media\/237035"}],"wp:attachment":[{"href":"https:\/\/www.europesays.com\/fr\/wp-json\/wp\/v2\/media?parent=237034"}],"wp:term":[{"taxonomy":"category","embeddable":true,"href":"https:\/\/www.europesays.com\/fr\/wp-json\/wp\/v2\/categories?post=237034"},{"taxonomy":"post_tag","embeddable":true,"href":"https:\/\/www.europesays.com\/fr\/wp-json\/wp\/v2\/tags?post=237034"}],"curies":[{"name":"wp","href":"https:\/\/api.w.org\/{rel}","templated":true}]}}