{"id":237048,"date":"2025-07-09T07:30:15","date_gmt":"2025-07-09T07:30:15","guid":{"rendered":"https:\/\/www.europesays.com\/fr\/237048\/"},"modified":"2025-07-09T07:30:15","modified_gmt":"2025-07-09T07:30:15","slug":"entre-le-contrecoup-ecologique-et-le-deni-des-faits-scientifiques-une-rencontre-dune-ampleur-inedite","status":"publish","type":"post","link":"https:\/\/www.europesays.com\/fr\/237048\/","title":{"rendered":"\u00ab\u00a0Entre le contrecoup \u00e9cologique et le d\u00e9ni des faits scientifiques, une rencontre d\u2019une ampleur in\u00e9dite\u00a0\u00bb"},"content":{"rendered":"<p>        <img decoding=\"async\" loading=\"lazy\" src=\"https:\/\/www.europesays.com\/fr\/wp-content\/uploads\/2025\/07\/45b6ef9_1658713164673-5fe1d77b2600000d05a4f5df.jpeg\"  width=\"728\" height=\"487\" alt=\"Des \u00e9oliennes du site d'Opoul Perillos, le 25 janvier 2006, pr\u00e8s de Narbonne.\"\/>  <\/p>\n<p>GEORGES GOBET \/ AFP via Getty Images<\/p>\n<p>Des \u00e9oliennes du site d&rsquo;Opoul Perillos, le 25 janvier 2006, pr\u00e8s de Narbonne.<\/p>\n<p class=\"asset asset-text\">TRIBUNE &#8211; Ces derni\u00e8res ann\u00e9es, nous avons connu un retour de b\u00e2ton \u00e9cologique en France avec les nombreux renoncements \u00e0 la promesse \u00e9lys\u00e9enne d\u2019<a href=\"https:\/\/www.huffingtonpost.fr\/politique\/video\/comment-le-discours-de-macron-a-evolue-sur-sa-dissolution-un-an-plus-tard_252327.html\" target=\"_blank\" rel=\"noopener\">Emmanuel Macron<\/a> (\u00ab\u00a0mon mandat sera \u00e9cologique ou ne sera pas\u00a0\u00bb). Ce reniement politique a conduit \u00e0 <a href=\"https:\/\/www.huffingtonpost.fr\/environnement\/article\/dans-l-affaire-du-siecle-l-etat-echappe-a-une-troisieme-condamnation-pour-inaction-climatique_227416.html\" target=\"_blank\" rel=\"noopener\">une condamnation historique de l\u2019\u00c9tat fran\u00e7ais pour inaction climatique<\/a>.<\/p>\n<p class=\"asset asset-text\">Sur la sc\u00e8ne europ\u00e9enne, le constat est tout aussi alarmant\u00a0: Emmanuel Macron a \u00e9t\u00e9 le premier chef d\u2019\u00c9tat \u00e0 exiger une pause de la transition \u00e9cologique europ\u00e9enne, incarnant un d\u00e9sengagement brutal face \u00e0 l\u2019urgence environnementale. En politique comme en amour, on peut faire des pauses, mais quand elles sont \u00e0 dur\u00e9e ind\u00e9termin\u00e9e et durent depuis d\u00e9j\u00e0 plus de deux ans, la pause commence \u00e0 ressembler \u00e0 une rupture.<\/p>\n<p class=\"asset asset-text\">En parall\u00e8le, nous avons \u00e9galement \u00e9t\u00e9 t\u00e9moins d\u2019un inqui\u00e9tant d\u00e9ni de la science, particuli\u00e8rement flagrant durant la pand\u00e9mie de Covid-19. Les discours complotistes et anti-vax ont aliment\u00e9 une d\u00e9fiance dangereuse envers les connaissances scientifiques, pourtant fond\u00e9es sur des preuves solides, v\u00e9rifi\u00e9es et partag\u00e9es par l\u2019immense majorit\u00e9 de la communaut\u00e9 scientifique. Face \u00e0 l\u2019efficacit\u00e9 du vaccin, les complotistes anti-vax se sont reconvertis dans la d\u00e9sinformation anti-climat.<\/p>\n<p>    Une d\u00e9rive exacerb\u00e9e depuis l\u2019\u00e9lection de Trump    <\/p>\n<p class=\"asset asset-text\">\u00c0 croire que l\u2019histoire se r\u00e9p\u00e8te. En 1979, le rapport Charney permet une mobilisation politique sans pr\u00e9c\u00e9dent pour le climat. Face \u00e0 cela, les lobbies p\u00e9troliers, ExxonMobil en t\u00eate, vite imit\u00e9s par d\u2019autres, dont les Fran\u00e7ais Elf et Total, se lancent dans une grande campagne de d\u00e9nigrement climatique. S\u2019inspirant des lobbies du tabac, l\u2019industrie p\u00e9troli\u00e8re mondiale r\u00e9ussit, tout au long des d\u00e9cennies 1990-2000, \u00e0 enterrer toute action climatique r\u00e9ellement ambitieuse.<\/p>\n<p class=\"asset asset-text\">\u00c0 la fin des ann\u00e9es 2010, l\u2019\u00e9lan des marches pour le climat avait enfin impos\u00e9 la transition \u00e9cologique au sommet des priorit\u00e9s politiques. Coup\u00e9 par les confinements, cet \u00e9lan a disparu. Aujourd\u2019hui, nous faisons face \u00e0 une contre-r\u00e9volution scientifique et \u00e9cologique. D\u00e8s 2023, les campagnes de communication anti-\u00e9olienne, anti-r\u00e9novation, anti-voiture \u00e9lectrique, anti-agro\u00e9cologie se d\u00e9ploient. En 2024, elles s\u2019intensifient. Les derni\u00e8res \u00e9lections europ\u00e9ennes ont permis \u00e0 <a href=\"https:\/\/www.huffingtonpost.fr\/politique\/article\/a-l-assemblee-nationale-les-republicains-votent-plus-avec-le-rn-qu-avec-le-socle-commun_252154.html\" target=\"_blank\" rel=\"noopener\">une majorit\u00e9 droite et extr\u00eame droite<\/a> de voir le jour au Parlement europ\u00e9en. Depuis, la droite europ\u00e9enne s\u2019allie r\u00e9guli\u00e8rement avec les extr\u00eames droites pour s\u2019attaquer \u00e0 la transition \u00e9cologique.<\/p>\n<p class=\"asset asset-text\">Jacques Chirac disait\u00a0: \u00ab\u00a0Notre maison br\u00fble et nous regardons ailleurs\u00a0\u00bb. Aujourd\u2019hui, sa famille politique s\u2019allie \u00e0 celle de Le Pen pour jeter de l\u2019essence sur les flammes.<\/p>\n<p>    Un Parlement fran\u00e7ais en pleine d\u00e9rive trumpiste    <\/p>\n<p class=\"asset asset-text\">L\u2019actualit\u00e9 du Parlement fran\u00e7ais imite <a href=\"https:\/\/www.huffingtonpost.fr\/politique\/article\/budget-2026-la-droite-et-l-extreme-droite-vent-debout-contre-cette-piste-de-bercy_252225.html\" target=\"_blank\" rel=\"noopener\">cette d\u00e9rive d\u00e9magogique<\/a> qui nous fait basculer dans une \u00e8re de contre-v\u00e9rit\u00e9s scientifiques et \u00e9cologiques. La proposition de loi Duplomb, la suppression des ZFE ou encore le moratoire &#8211; inspir\u00e9 de Donald Trump &#8211; <a href=\"https:\/\/www.huffingtonpost.fr\/politique\/article\/la-reponse-seche-de-macron-a-retailleau-sur-les-energies-renouvelables_252192.html\" target=\"_blank\" rel=\"noopener\">sur les \u00e9nergies renouvelables<\/a> sont les sympt\u00f4mes dangereux de cette contre-r\u00e9volution.<\/p>\n<p class=\"asset asset-text\">Depuis des ann\u00e9es, la science alerte sans rel\u00e2che sur les dangers des pesticides, de la pollution de l\u2019air et du d\u00e9r\u00e8glement climatique. Certains parlementaires, m\u00eame au-del\u00e0 de l\u2019extr\u00eame droite, persistent dans un discours mensonger. Alors que la France se pr\u00e9sente comme une terre d\u2019accueil pour les scientifiques am\u00e9ricains, comme une terre de progr\u00e8s \u00e9cologique, la r\u00e9alit\u00e9 ass\u00e8ne le socle commun du pr\u00e9sident fran\u00e7ais.<\/p>\n<p>    Mettons l\u2019\u00e9cologie et la science au c\u0153ur de nos politiques    <\/p>\n<p class=\"asset asset-text\">Nous, parlementaires <a href=\"https:\/\/www.huffingtonpost.fr\/politique\/article\/raphael-glucksmann-au-defi-de-transformer-son-succes-ephemere-en-aventure-presidentielle_251602.html\" target=\"_blank\" rel=\"noopener\">Place publique<\/a>, mettons la promesse \u00e9cologique au c\u0153ur de notre action. Nous savons que la France ne restera libre que si elle redevient puissante, et qu\u2019elle ne pourra \u00eatre puissante que si elle devient r\u00e9ellement \u00e9cologique.<\/p>\n<p class=\"asset asset-text\">Nous assumons de d\u00e9fendre une hausse des financements pour la recherche et le lancement d\u2019un programme \u00ab\u00a0France Libert\u00e9s\u00a0\u00bb pour devenir un refuge pour les scientifiques. Nous assumons de rompre avec les logiques destructrices de l\u2019environnement, en demandant une r\u00e9forme en profondeur de la politique agricole et du mod\u00e8le de financement des exploitations agricoles. Nous assumons \u00e9galement de d\u00e9velopper massivement les transports en commun et de lancer un grand leasing social pour permettre \u00e0 des millions d\u2019ouvriers et d\u2019employ\u00e9s des milieux ruraux d\u2019acc\u00e9der \u00e0 la voiture \u00e9lectrique.<\/p>\n<p class=\"asset asset-text\">L\u2019objectif est clair\u00a0: sauver des vies, celles de 40\u00a0000 personnes qui meurent chaque ann\u00e9e \u00e0 cause de la pollution de l\u2019air. D\u00e9velopper la production industrielle\u00a0: celle des batteries, bus et petites voitures \u00e9lectriques. Agir concr\u00e8tement pour une \u00e9cologie populaire, enracin\u00e9e dans les r\u00e9alit\u00e9s de nos territoires.<\/p>\n<p class=\"asset asset-text\">L\u2019ADN de Place publique est de ne pas succomber \u00e0 la facilit\u00e9 des mots mais de r\u00e9pondre \u00e0 la complexit\u00e9 de notre soci\u00e9t\u00e9 par une r\u00e9flexion collective et construite. Face aux lobbys et \u00e0 la d\u00e9sinformation, continuons le combat pour la science, l\u2019environnement et la sant\u00e9 de tous.<\/p>\n","protected":false},"excerpt":{"rendered":"GEORGES GOBET \/ AFP via Getty Images Des \u00e9oliennes du site d&rsquo;Opoul Perillos, le 25 janvier 2006, pr\u00e8s&hellip;\n","protected":false},"author":2,"featured_media":237049,"comment_status":"","ping_status":"","sticky":false,"template":"","format":"standard","meta":{"footnotes":""},"categories":[2],"tags":[11,436,1011,27,12,316,29351,43,5030],"class_list":{"0":"post-237048","1":"post","2":"type-post","3":"status-publish","4":"format-standard","5":"has-post-thumbnail","7":"category-actualites","8":"tag-actualites","9":"tag-environnement","10":"tag-fr","11":"tag-france","12":"tag-news","13":"tag-politique","14":"tag-prise-de-parole","15":"tag-science","16":"tag-tribune"},"share_on_mastodon":{"url":"","error":""},"_links":{"self":[{"href":"https:\/\/www.europesays.com\/fr\/wp-json\/wp\/v2\/posts\/237048","targetHints":{"allow":["GET"]}}],"collection":[{"href":"https:\/\/www.europesays.com\/fr\/wp-json\/wp\/v2\/posts"}],"about":[{"href":"https:\/\/www.europesays.com\/fr\/wp-json\/wp\/v2\/types\/post"}],"author":[{"embeddable":true,"href":"https:\/\/www.europesays.com\/fr\/wp-json\/wp\/v2\/users\/2"}],"replies":[{"embeddable":true,"href":"https:\/\/www.europesays.com\/fr\/wp-json\/wp\/v2\/comments?post=237048"}],"version-history":[{"count":0,"href":"https:\/\/www.europesays.com\/fr\/wp-json\/wp\/v2\/posts\/237048\/revisions"}],"wp:featuredmedia":[{"embeddable":true,"href":"https:\/\/www.europesays.com\/fr\/wp-json\/wp\/v2\/media\/237049"}],"wp:attachment":[{"href":"https:\/\/www.europesays.com\/fr\/wp-json\/wp\/v2\/media?parent=237048"}],"wp:term":[{"taxonomy":"category","embeddable":true,"href":"https:\/\/www.europesays.com\/fr\/wp-json\/wp\/v2\/categories?post=237048"},{"taxonomy":"post_tag","embeddable":true,"href":"https:\/\/www.europesays.com\/fr\/wp-json\/wp\/v2\/tags?post=237048"}],"curies":[{"name":"wp","href":"https:\/\/api.w.org\/{rel}","templated":true}]}}