{"id":237050,"date":"2025-07-09T07:31:10","date_gmt":"2025-07-09T07:31:10","guid":{"rendered":"https:\/\/www.europesays.com\/fr\/237050\/"},"modified":"2025-07-09T07:31:10","modified_gmt":"2025-07-09T07:31:10","slug":"villars-le-pere-tue-a-la-mine-le-fils-tue-dans-les-tranchees","status":"publish","type":"post","link":"https:\/\/www.europesays.com\/fr\/237050\/","title":{"rendered":"Villars. Le p\u00e8re tu\u00e9 \u00e0 la mine, le fils tu\u00e9 dans les tranch\u00e9es"},"content":{"rendered":"<p>L\u00e9on Gidrol est n\u00e9 le 1er \u00a0novembre 1869 dans le bourg de Villars o\u00f9 ses parents, originaires de Saint-Just-sur-Loire, \u00e9taient venus s\u2019installer, son p\u00e8re travaillant \u00e0 la mine. M\u00e9tier qui sera aussi le sien.<\/p>\n<p>On retrouve sa trace le 5\u00a0janvier 1895, jour de son mariage \u00e0 Villars avec Antoinette Mayrand. Lui habite chemin des Sagnes \u00e0 Michard et elle \u00e0 La Boutonne. La famille va ensuite s\u2019installer \u00e0 Merley, o\u00f9 na\u00eetront successivement cinq enfants, \u00e0 une \u00e9poque o\u00f9 tout ce secteur&#8230;<\/p>\n","protected":false},"excerpt":{"rendered":"L\u00e9on Gidrol est n\u00e9 le 1er \u00a0novembre 1869 dans le bourg de Villars o\u00f9 ses parents, originaires de&hellip;\n","protected":false},"author":2,"featured_media":237051,"comment_status":"","ping_status":"","sticky":false,"template":"","format":"standard","meta":{"footnotes":""},"categories":[9653],"tags":[1111,11,2430,7539,1777,674,1011,27,937,12,25,4001,9664,104,10246],"class_list":{"0":"post-237050","1":"post","2":"type-post","3":"status-publish","4":"format-standard","5":"has-post-thumbnail","7":"category-saint-etienne","8":"tag-actu","9":"tag-actualites","10":"tag-auvergne-rhone-alpes","11":"tag-edition-loire-sud","12":"tag-eu","13":"tag-europe","14":"tag-fr","15":"tag-france","16":"tag-histoire","17":"tag-news","18":"tag-republique-francaise","19":"tag-saint-etienne","20":"tag-saint-etienne-bassin","21":"tag-societe","22":"tag-villars"},"share_on_mastodon":{"url":"","error":""},"_links":{"self":[{"href":"https:\/\/www.europesays.com\/fr\/wp-json\/wp\/v2\/posts\/237050","targetHints":{"allow":["GET"]}}],"collection":[{"href":"https:\/\/www.europesays.com\/fr\/wp-json\/wp\/v2\/posts"}],"about":[{"href":"https:\/\/www.europesays.com\/fr\/wp-json\/wp\/v2\/types\/post"}],"author":[{"embeddable":true,"href":"https:\/\/www.europesays.com\/fr\/wp-json\/wp\/v2\/users\/2"}],"replies":[{"embeddable":true,"href":"https:\/\/www.europesays.com\/fr\/wp-json\/wp\/v2\/comments?post=237050"}],"version-history":[{"count":0,"href":"https:\/\/www.europesays.com\/fr\/wp-json\/wp\/v2\/posts\/237050\/revisions"}],"wp:featuredmedia":[{"embeddable":true,"href":"https:\/\/www.europesays.com\/fr\/wp-json\/wp\/v2\/media\/237051"}],"wp:attachment":[{"href":"https:\/\/www.europesays.com\/fr\/wp-json\/wp\/v2\/media?parent=237050"}],"wp:term":[{"taxonomy":"category","embeddable":true,"href":"https:\/\/www.europesays.com\/fr\/wp-json\/wp\/v2\/categories?post=237050"},{"taxonomy":"post_tag","embeddable":true,"href":"https:\/\/www.europesays.com\/fr\/wp-json\/wp\/v2\/tags?post=237050"}],"curies":[{"name":"wp","href":"https:\/\/api.w.org\/{rel}","templated":true}]}}