{"id":237052,"date":"2025-07-09T07:32:17","date_gmt":"2025-07-09T07:32:17","guid":{"rendered":"https:\/\/www.europesays.com\/fr\/237052\/"},"modified":"2025-07-09T07:32:17","modified_gmt":"2025-07-09T07:32:17","slug":"asse-chico-lamba-le-transfert-qui-fait-sensation","status":"publish","type":"post","link":"https:\/\/www.europesays.com\/fr\/237052\/","title":{"rendered":"ASSE : CHICO LAMBA, LE TRANSFERT QUI FAIT SENSATION"},"content":{"rendered":"<p>                <a href=\"https:\/\/cadenceradio.fr\" target=\"_blank\" aria-label=\"Banni\u00e8re Cadence 2025\" rel=\"nofollow noopener\"><img loading=\"lazy\" decoding=\"async\" src=\"https:\/\/www.europesays.com\/fr\/wp-content\/uploads\/2025\/07\/Banniere-Cadence-2025-scaled.jpg\" alt=\"\"   width=\"2560\" height=\"738\"\/><\/a><\/p>\n<p>Avec l\u2019officialisation du recrutement de Chico Lamba pour 8 millions d\u2019euros, les Verts d\u00e9montrent leur d\u00e9termination \u00e0 rapidement retrouver l\u2019\u00e9lite du football fran\u00e7ais.<\/p>\n<p>L\u2019ASSE vient de boucler l\u2019une des transactions les plus importantes jamais r\u00e9alis\u00e9es en Ligue 2. Le transfert de Chico Lamba pour 8 millions d\u2019euros (bonus inclus) place le club st\u00e9phanois sur le podium des plus grosses op\u00e9rations de deuxi\u00e8me division fran\u00e7aise.<\/p>\n<p>Cette signature fait suite \u00e0 l\u2019officialisation de quatre autres recrues, t\u00e9moignant d\u2019une strat\u00e9gie de recrutement ambitieuse et structur\u00e9e. Les dirigeants for\u00e9ziens affirment ainsi leur refus de subir passivement leur rel\u00e9gation.<\/p>\n<p>Un d\u00e9fenseur aux qualit\u00e9s reconnues<\/p>\n<p>Chico Lamba, d\u00e9fenseur central portugais de 22 ans, arrive dans le Forez aur\u00e9ol\u00e9 d\u2019une r\u00e9putation flatteuse. Consid\u00e9r\u00e9 comme l\u2019un des d\u00e9fenseurs les plus prometteurs de sa g\u00e9n\u00e9ration, il s\u2019est particuli\u00e8rement illustr\u00e9 lors de l\u2019Euro Espoirs 2025.<\/p>\n<p>Ses qualit\u00e9s athletiques impressionnent : solidit\u00e9 dans les duels, puissance physique remarquable et excellent sens du placement d\u00e9fensif. Mais c\u2019est sa technique balle au pied qui s\u00e9duit particuli\u00e8rement les observateurs, profil moderne parfaitement adapt\u00e9 au football contemporain.<\/p>\n<p>L\u2019analyste football Walid Acherchour n\u2019a pas manqu\u00e9 de r\u00e9agir \u00e0 cette signature retentissante au micro du Winamax FC. \u00ab\u00a0Chico Lomba. Le mec signe pour 6 millions d\u2019euros\u2026 en Ligue 2\u00a0\u00bb, s\u2019\u00e9tonnait-il d\u2019embl\u00e9e, soulignant le caract\u00e8re inhabituel d\u2019un tel investissement en deuxi\u00e8me division.<\/p>\n<p>\u00ab\u00a0D\u00e9j\u00e0, le blaze est incroyable. Et franchement, ce que fait l\u2019ASSE, c\u2019est exceptionnel\u00a0\u00bb, poursuivait l\u2019expert. Cette reconnaissance externe valide l\u2019audace de la strat\u00e9gie st\u00e9phanoise et son impact sur les observateurs du football fran\u00e7ais.<\/p>\n<p>Une \u00e9quipe en construction pour \u00ab\u00a0casser la Ligue 2\u00a0\u00bb<\/p>\n<p>Acherchour analyse cette politique de recrutement comme un projet global coh\u00e9rent. \u00ab\u00a0Ils sont en train de se construire une vraie \u00e9quipe. Ils l\u00e8vent l\u2019option d\u2019achat de Bernauer, ils mettent 6 millions d\u2019euros sur Chico Lomba. C\u2019est fort\u00a0\u00bb, d\u00e9taille-t-il.<\/p>\n<p>Cette lecture r\u00e9v\u00e8le une philosophie claire : \u00ab\u00a0On dirait qu\u2019ils se sont dits : \u2018On va revenir en Ligue 2, on va la casser en deux, la Ligue 2. Et puis on remontera.&rsquo;\u00a0\u00bb Cette ambition affich\u00e9e contraste avec l\u2019attitude d\u00e9faitiste souvent adopt\u00e9e par les clubs rel\u00e9gu\u00e9s.<\/p>\n<p>Des regrets sur le timing de ces investissements<\/p>\n<p>Toutefois, l\u2019analyste exprime une r\u00e9serve sur la chronologie de ces recrutements. \u00ab\u00a0Ce mercato-l\u00e0, ils auraient peut-\u00eatre d\u00fb le faire en janvier, pour essayer de se sauver\u00a0\u00bb, regrette-t-il, pointant du doigt la possibilit\u00e9 d\u2019avoir \u00e9vit\u00e9 la rel\u00e9gation avec de tels moyens.<\/p>\n<p>Malgr\u00e9 la rel\u00e9gation, les propri\u00e9taires am\u00e9ricains de Kilmer Sports maintiennent un niveau d\u2019investissement \u00e9lev\u00e9. Cette approche tranche avec la frilosit\u00e9 habituelle des actionnaires apr\u00e8s une descente en division inf\u00e9rieure.<\/p>\n<p>D\u2019autres recrues attendues dans le Forez<\/p>\n<p>Les dirigeants st\u00e9phanois ne comptent pas s\u2019arr\u00eater en si bon chemin. D\u2019autres recrutements tourn\u00e9s vers l\u2019avenir sont annonc\u00e9s pour les prochaines semaines, laissant pr\u00e9sager d\u2019un effectif encore renforc\u00e9.<\/p>\n<p>Au-del\u00e0 des aspects purement sportifs, ce mercato marque une rupture dans la mentalit\u00e9 st\u00e9phanoise. Fini le temps de la gestion prudente et des moyens compt\u00e9s : l\u2019ASSE assume d\u00e9sormais ses ambitions avec des actes concrets.<\/p>\n<p>Avec de tels investissements, l\u2019ASSE s\u2019impose naturellement parmi les favoris pour la remont\u00e9e imm\u00e9diate. Cette pression positive devrait galvaniser l\u2019\u00e9quipe tout en cr\u00e9ant une attente l\u00e9gitime chez les supporters.<\/p>\n<p>Le d\u00e9fi sera de transformer ces recrues prometteuses en collectif performant capable de \u00ab\u00a0casser la Ligue 2\u00a0\u00bb comme l\u2019imagine Walid Acherchour.<\/p>\n<p>Un pari sur l\u2019avenir du football st\u00e9phanois<\/p>\n<p>Le recrutement de Chico Lamba symbolise parfaitement la nouvelle philosophie de l\u2019ASSE : investir massivement sur des jeunes talents pour construire l\u2019avenir. Cette approche moderne et ambitieuse redonne espoir \u00e0 tout un territoire qui attend le retour de ses Verts au plus haut niveau.<\/p>\n<p>Reste \u00e0 confirmer sur le terrain que cette r\u00e9volution du mercato se traduira par des succ\u00e8s sportifs \u00e0 la hauteur des investissements consentis.<\/p>\n","protected":false},"excerpt":{"rendered":"Avec l\u2019officialisation du recrutement de Chico Lamba pour 8 millions d\u2019euros, les Verts d\u00e9montrent leur d\u00e9termination \u00e0 rapidement&hellip;\n","protected":false},"author":2,"featured_media":237053,"comment_status":"","ping_status":"","sticky":false,"template":"","format":"standard","meta":{"footnotes":""},"categories":[9653],"tags":[1111,11,461,2430,1777,674,2257,1011,27,3367,12,25,4001,517],"class_list":{"0":"post-237052","1":"post","2":"type-post","3":"status-publish","4":"format-standard","5":"has-post-thumbnail","7":"category-saint-etienne","8":"tag-actu","9":"tag-actualites","10":"tag-asse","11":"tag-auvergne-rhone-alpes","12":"tag-eu","13":"tag-europe","14":"tag-foot","15":"tag-fr","16":"tag-france","17":"tag-loire","18":"tag-news","19":"tag-republique-francaise","20":"tag-saint-etienne","21":"tag-sport"},"share_on_mastodon":{"url":"https:\/\/pubeurope.com\/@fr\/114822115869580512","error":""},"_links":{"self":[{"href":"https:\/\/www.europesays.com\/fr\/wp-json\/wp\/v2\/posts\/237052","targetHints":{"allow":["GET"]}}],"collection":[{"href":"https:\/\/www.europesays.com\/fr\/wp-json\/wp\/v2\/posts"}],"about":[{"href":"https:\/\/www.europesays.com\/fr\/wp-json\/wp\/v2\/types\/post"}],"author":[{"embeddable":true,"href":"https:\/\/www.europesays.com\/fr\/wp-json\/wp\/v2\/users\/2"}],"replies":[{"embeddable":true,"href":"https:\/\/www.europesays.com\/fr\/wp-json\/wp\/v2\/comments?post=237052"}],"version-history":[{"count":0,"href":"https:\/\/www.europesays.com\/fr\/wp-json\/wp\/v2\/posts\/237052\/revisions"}],"wp:featuredmedia":[{"embeddable":true,"href":"https:\/\/www.europesays.com\/fr\/wp-json\/wp\/v2\/media\/237053"}],"wp:attachment":[{"href":"https:\/\/www.europesays.com\/fr\/wp-json\/wp\/v2\/media?parent=237052"}],"wp:term":[{"taxonomy":"category","embeddable":true,"href":"https:\/\/www.europesays.com\/fr\/wp-json\/wp\/v2\/categories?post=237052"},{"taxonomy":"post_tag","embeddable":true,"href":"https:\/\/www.europesays.com\/fr\/wp-json\/wp\/v2\/tags?post=237052"}],"curies":[{"name":"wp","href":"https:\/\/api.w.org\/{rel}","templated":true}]}}