{"id":237058,"date":"2025-07-09T07:36:11","date_gmt":"2025-07-09T07:36:11","guid":{"rendered":"https:\/\/www.europesays.com\/fr\/237058\/"},"modified":"2025-07-09T07:36:11","modified_gmt":"2025-07-09T07:36:11","slug":"une-halle-solidaire-ouvre-a-la-banque-alimentaire-de-la-seyne","status":"publish","type":"post","link":"https:\/\/www.europesays.com\/fr\/237058\/","title":{"rendered":"Une halle solidaire ouvre \u00e0 la Banque alimentaire de La Seyne"},"content":{"rendered":"<p>Tout juste distingu\u00e9e comme laur\u00e9ate pour son accompagnement social par l\u2019alimentation, d\u00e9cern\u00e9 par les Banques alimentaires nationales, l\u2019antenne du Var encha\u00eene. Elle vient d\u2019ouvrir sa premi\u00e8re halle solidaire \u00e0 La Garde, d\u00e9j\u00e0 remplie de v\u00eatements et d\u2019accessoires neufs pour les familles dans le besoin.<\/p>\n<p>\u00ab\u00a0Tous ces produits nous sont offerts par les grandes surfaces. Il n\u2019y a que du non alimentaire que nous c\u00e9dons \u00e0 des prix d\u00e9risoires. Ces quelques euros ne font que couvrir nos frais de fonctionnement\u00a0\u00bb, explique Jo\u00ebl Gattullo, \u00e0 la t\u00eate de la Banque alimentaire du Var.<\/p>\n<p>Exemple: un v\u00eatement vendu dans le commerce 20 euros est propos\u00e9 \u00e0 2 euros \u00e0 la Banque. Actuellement, des duvets sont c\u00e9d\u00e9s \u00e0 3 euros, des DVD \u00e0 1 euro, des sacs \u00e0 dos \u00e0 5 euros ou des espadrilles \u00e0 2 euros. Enfin (c\u2019est de saison) des maillots de bain neufs sont \u00ab\u00a0liquid\u00e9s\u00a0\u00bb \u00e0 1 euro pi\u00e8ce. \u00ab\u00a0Gr\u00e2ce \u00e0 la soci\u00e9t\u00e9 Capra qui nous laisse un hangar \u00e0 disposition, nous pouvons entreposer des centaines d\u2019articles et cr\u00e9er une v\u00e9ritable halle aux v\u00eatements et accessoires pour tous.\u00a0\u00bb<\/p>\n<p>              <img ci-src=\"https:\/\/www.varmatin.com\/vie-locale\/protec\/DATA_ART_15871147-82pyJC4c.jpg?vh=86231a&amp;ci_seal=276e61dff9\" alt=\"\"\/><br \/>\n         <strong>Photo F. D..<\/strong> <\/p>\n<p>                                Bient\u00f4t une \u00e9picerie solidaire \u00e0 La Seyne<\/p>\n<p>Certaines familles viennent, toutes \u00e9berlu\u00e9es de profiter de marchandises neuves qui auraient \u00e9t\u00e9 inabordables pour elles. \u00ab\u00a0D\u2019habitude, je n\u2019ach\u00e8te que d\u2019occasion pour les enfants. \u00c7a fait plaisir de s\u2019offrir du neuf pour pas grand-chose \u00ab\u00a0, t\u00e9moigne une maman. \u00bb \u00ab\u00a0Nous donnons la priorit\u00e9 aux personnes adress\u00e9es par les 84 associations locales avec lesquelles la Banque alimentaire travaille en partenariat toute l\u2019ann\u00e9e\u00a0\u00bb, pr\u00e9cise Jo\u00ebl.<\/p>\n<p>Autre nouveaut\u00e9: \u00e0 la rentr\u00e9e de septembre, la Banque du Var va ouvrir une \u00e9picerie solidaire \u00e0 La Seyne, premi\u00e8re ville choisie dans le d\u00e9partement, pour aider les foyers dans le besoin. Ce projet, baptis\u00e9 Le Rayon, est d\u2019ampleur nationale et promet d\u2019\u00eatre d\u00e9centralis\u00e9 dans plusieurs villes de la M\u00e9tropole.<\/p>\n<p>Seconde vie aux aliments<\/p>\n<p>Enfin, un atelier de transformation de fruits et l\u00e9gumes est en cours de cr\u00e9ation au si\u00e8ge de la Banque alimentaire. D\u00e8s la fin du mois, il sera op\u00e9rationnel pour lutter contre le gaspillage alimentaire et promouvoir une alimentation durable.<\/p>\n<p>\u00a0\u00bb Chaque ann\u00e9e, des tonnes de fruits et l\u00e9gumes parfaitement consommables sont jet\u00e9es. Nous, on les r\u00e9cup\u00e8re pour les transformer en soupes, confitures et pr\u00e9parations diverses, supervis\u00e9es par une di\u00e9t\u00e9ticienne. On donne donc une seconde vie aux aliments et on en fait profiter les plus d\u00e9munis\u00a0\u00bb, ajoute le pr\u00e9sident de la Banque alimentaire.<\/p>\n<p>Du m\u00eame coup, l\u2019atelier cr\u00e9e des opportunit\u00e9s d\u2019apprentissage et d\u2019insertion pour les volontaires et des personnes en r\u00e9insertion. La Banque se sert en mati\u00e8res premi\u00e8res aupr\u00e8s des producteurs locaux pour favoriser les circuits courts.<\/p>\n<p>Forte de 90 b\u00e9n\u00e9voles tr\u00e8s actifs qui circulent toute l\u2019ann\u00e9e \u00e0 bord de 11 fourgons, l\u2019association aide 50.000 personnes localement. R\u00e9cemment, elle a lanc\u00e9 un atelier dans une cuisine flambant neuve qui marche \u00e0 fond! Chaque semaine, 18 personnes sont form\u00e9es en direct \u00e0 la Banque. Passage de t\u00e9moins entre g\u00e9n\u00e9rations pour un \u00e9lan de solidarit\u00e9 sans cesse renouvel\u00e9.<\/p>\n","protected":false},"excerpt":{"rendered":"Tout juste distingu\u00e9e comme laur\u00e9ate pour son accompagnement social par l\u2019alimentation, d\u00e9cern\u00e9 par les Banques alimentaires nationales, l\u2019antenne&hellip;\n","protected":false},"author":2,"featured_media":237059,"comment_status":"","ping_status":"","sticky":false,"template":"","format":"standard","meta":{"footnotes":""},"categories":[9619],"tags":[1111,11,1777,674,1011,27,12,882,25,2310,3366],"class_list":{"0":"post-237058","1":"post","2":"type-post","3":"status-publish","4":"format-standard","5":"has-post-thumbnail","7":"category-toulon","8":"tag-actu","9":"tag-actualites","10":"tag-eu","11":"tag-europe","12":"tag-fr","13":"tag-france","14":"tag-news","15":"tag-provence-alpes-cote-dazur","16":"tag-republique-francaise","17":"tag-toulon","18":"tag-vie-locale"},"share_on_mastodon":{"url":"","error":""},"_links":{"self":[{"href":"https:\/\/www.europesays.com\/fr\/wp-json\/wp\/v2\/posts\/237058","targetHints":{"allow":["GET"]}}],"collection":[{"href":"https:\/\/www.europesays.com\/fr\/wp-json\/wp\/v2\/posts"}],"about":[{"href":"https:\/\/www.europesays.com\/fr\/wp-json\/wp\/v2\/types\/post"}],"author":[{"embeddable":true,"href":"https:\/\/www.europesays.com\/fr\/wp-json\/wp\/v2\/users\/2"}],"replies":[{"embeddable":true,"href":"https:\/\/www.europesays.com\/fr\/wp-json\/wp\/v2\/comments?post=237058"}],"version-history":[{"count":0,"href":"https:\/\/www.europesays.com\/fr\/wp-json\/wp\/v2\/posts\/237058\/revisions"}],"wp:featuredmedia":[{"embeddable":true,"href":"https:\/\/www.europesays.com\/fr\/wp-json\/wp\/v2\/media\/237059"}],"wp:attachment":[{"href":"https:\/\/www.europesays.com\/fr\/wp-json\/wp\/v2\/media?parent=237058"}],"wp:term":[{"taxonomy":"category","embeddable":true,"href":"https:\/\/www.europesays.com\/fr\/wp-json\/wp\/v2\/categories?post=237058"},{"taxonomy":"post_tag","embeddable":true,"href":"https:\/\/www.europesays.com\/fr\/wp-json\/wp\/v2\/tags?post=237058"}],"curies":[{"name":"wp","href":"https:\/\/api.w.org\/{rel}","templated":true}]}}