{"id":237070,"date":"2025-07-09T07:44:26","date_gmt":"2025-07-09T07:44:26","guid":{"rendered":"https:\/\/www.europesays.com\/fr\/237070\/"},"modified":"2025-07-09T07:44:26","modified_gmt":"2025-07-09T07:44:26","slug":"linsat-se-lance-dans-une-formation-dingenieurs-en-microelectronique-en-partenariat-avec-luniversite-grenoble-alpes","status":"publish","type":"post","link":"https:\/\/www.europesays.com\/fr\/237070\/","title":{"rendered":"L\u2019INSAT se lance dans une formation d\u2019Ing\u00e9nieurs en \u00abMicro\u00e9lectronique\u00bb en partenariat avec l\u2019Universit\u00e9 Grenoble-Alpes"},"content":{"rendered":"<p><strong><img decoding=\"async\" src=\"https:\/\/www.europesays.com\/fr\/wp-content\/uploads\/2025\/07\/Adnane-Abdelghani(2).jpg\" width=\"15%\" vspace=\"5\" hspace=\"5\" align=\"left\" alt=\"\"\/>Par\u00a0Pr.\u00a0<\/strong><strong>Adnane <\/strong><strong>Abdelghani &#8211;<\/strong>\u00a0Un groupe d\u2019\u00e9tudiant(e)s de la premi\u00e8re promotion de l\u2019option \u00ab Micro\u00e9lectronique \u00bb de l\u2019Institut National des Sciences Appliqu\u00e9es et de Technologie (INSAT) viens de rentrer en Tunisie apr\u00e8s avoir pass\u00e9 une semaine en stage d\u2019\u00e9tude \u00e0 l\u2019Universit\u00e9 de Grenoble-Alpes du 29 Juin au 05 Juillet 2025. Cette option qui a d\u00e9marr\u00e9e en Janvier 2025 \u00e0 l\u2019INSAT est le fruit d\u2019un projet mis en place par\u00a0 Mr. Adnane Abdelghani (Professeur \u00e0 INSAT), Mr. Bassem Salem (Directeur de Recherche au LTM, Grenoble) et Mr. Yassine Lakhnech (Pr\u00e9sident de l\u2019Universit\u00e9 de Grenoble-Alpes) qui donn\u00e9 suite \u00e0 la signature d\u2019une convention avec L\u2019universit\u00e9 de Carthage le 16 Mai 2023 en Tunisie. Ce stage de formation \u00e9t\u00e9 pour les quinze \u00e9tudiant(e)s en quatri\u00e8me ann\u00e9e \u00abInstrumentation et Maintenance industrielle\u00bb (IMI4) de l\u2019INSAT une opportunit\u00e9 de r\u00e9aliser des travaux pratiques en salle blanche au CIME-NANOTECH et sur les outils de conception d\u2019\u00e9lectronique num\u00e9rique.<\/p>\n<p>Durant le s\u00e9jour, une visite a \u00e9t\u00e9 programm\u00e9 \u00e0 l\u2019entreprise STMicroelectronics-Crolles avec une entr\u00e9e pour la premi\u00e8re fois aux salles blanches de technologie 200 et 300 mm. En plus, une visite au CEA-Leti (Centre d\u2019\u00e9nergie Atomique) a \u00e9t\u00e9 organis\u00e9e pour d\u00e9couvrir ces plateformes technologiques et ces laboratoires de recherche de pointe. Ce voyage \u00e9t\u00e9 une opportunit\u00e9 pour les \u00e9tudiant(e)s de d\u00e9couvrir l\u2019\u00e9cosyst\u00e8me entrepreneurial de Grenoble, consid\u00e9r\u00e9 comme \u00e9tant la \u00ab Silicon Valley \u00bb de l\u2019Europe. Ce Projet permettra de \u00ab booster \u00bb l\u2019\u00e9cosyst\u00e8me entrepreneurial en micro\u00e9lectronique en Tunisie par la formation des \u00ab futurs ing\u00e9nieurs-concepteurs\u00bb dans un domaine de pointe. L\u2019universit\u00e9 Grenoble Alpes est class\u00e9e la premi\u00e8re universit\u00e9 europ\u00e9enne en innovation par l\u2019office europ\u00e9en des brevets en 2024, en restant \u00e0 la premi\u00e8re place des universit\u00e9s fran\u00e7aises dans le classement de l\u2019INPI (publi\u00e9 lundi 24 Mars 2025). Elle est dirig\u00e9e depuis Janvier 2020 par le Professeur Yassine\u00a0 Lakhnech, qui a \u00e9t\u00e9 impliqu\u00e9 dans la construction de plusieurs projets structurants sur le site dont le \u00abLab Ex Persyval-lab\u00bb, l&rsquo;op\u00e9ration campus PILSI\u00bb\u00a0 (IMAG) et l&rsquo;initiative d&rsquo;excellence d\u2019Universit\u00e9 Grenoble-Alpes.<\/p>\n<p style=\"text-align: right;\"><strong>Pr.\u00a0<\/strong><strong>Adnane\u00a0<\/strong><strong>Abdelghani<\/strong><br \/>INSAT<br \/>\u00a0<\/p>\n","protected":false},"excerpt":{"rendered":"Par\u00a0Pr.\u00a0Adnane Abdelghani &#8211;\u00a0Un groupe d\u2019\u00e9tudiant(e)s de la premi\u00e8re promotion de l\u2019option \u00ab Micro\u00e9lectronique \u00bb de l\u2019Institut National des&hellip;\n","protected":false},"author":2,"featured_media":237071,"comment_status":"","ping_status":"","sticky":false,"template":"","format":"standard","meta":{"footnotes":""},"categories":[9566],"tags":[1111,11,2430,13789,1777,674,1011,27,2731,25920,37601,37600,12,35092,25,2028],"class_list":{"0":"post-237070","1":"post","2":"type-post","3":"status-publish","4":"format-standard","5":"has-post-thumbnail","7":"category-grenoble","8":"tag-actu","9":"tag-actualites","10":"tag-auvergne-rhone-alpes","11":"tag-dirigeants","12":"tag-eu","13":"tag-europe","14":"tag-fr","15":"tag-france","16":"tag-grenoble","17":"tag-journal-en-ligne","18":"tag-leaders","19":"tag-media-en-ligne","20":"tag-news","21":"tag-personnalites","22":"tag-republique-francaise","23":"tag-tunisie"},"share_on_mastodon":{"url":"https:\/\/pubeurope.com\/@fr\/114822162969698571","error":""},"_links":{"self":[{"href":"https:\/\/www.europesays.com\/fr\/wp-json\/wp\/v2\/posts\/237070","targetHints":{"allow":["GET"]}}],"collection":[{"href":"https:\/\/www.europesays.com\/fr\/wp-json\/wp\/v2\/posts"}],"about":[{"href":"https:\/\/www.europesays.com\/fr\/wp-json\/wp\/v2\/types\/post"}],"author":[{"embeddable":true,"href":"https:\/\/www.europesays.com\/fr\/wp-json\/wp\/v2\/users\/2"}],"replies":[{"embeddable":true,"href":"https:\/\/www.europesays.com\/fr\/wp-json\/wp\/v2\/comments?post=237070"}],"version-history":[{"count":0,"href":"https:\/\/www.europesays.com\/fr\/wp-json\/wp\/v2\/posts\/237070\/revisions"}],"wp:featuredmedia":[{"embeddable":true,"href":"https:\/\/www.europesays.com\/fr\/wp-json\/wp\/v2\/media\/237071"}],"wp:attachment":[{"href":"https:\/\/www.europesays.com\/fr\/wp-json\/wp\/v2\/media?parent=237070"}],"wp:term":[{"taxonomy":"category","embeddable":true,"href":"https:\/\/www.europesays.com\/fr\/wp-json\/wp\/v2\/categories?post=237070"},{"taxonomy":"post_tag","embeddable":true,"href":"https:\/\/www.europesays.com\/fr\/wp-json\/wp\/v2\/tags?post=237070"}],"curies":[{"name":"wp","href":"https:\/\/api.w.org\/{rel}","templated":true}]}}