{"id":237076,"date":"2025-07-09T07:49:09","date_gmt":"2025-07-09T07:49:09","guid":{"rendered":"https:\/\/www.europesays.com\/fr\/237076\/"},"modified":"2025-07-09T07:49:09","modified_gmt":"2025-07-09T07:49:09","slug":"tentative-de-reprise-du-point-de-deal-de-la-laverie-a-nice-de-deux-a-six-ans-de-prison","status":"publish","type":"post","link":"https:\/\/www.europesays.com\/fr\/237076\/","title":{"rendered":"Tentative de reprise du point de deal de la Laverie, \u00e0 Nice: de deux \u00e0 six ans de prison"},"content":{"rendered":"<p>L\u2019affaire avait d\u00e9fray\u00e9 la chronique. Le 13 novembre 2023, la police judiciaire ni\u00e7oise lan\u00e7ait une vaste op\u00e9ration de d\u00e9mant\u00e8lement du point de deal de la Laverie, dans le quartier des Moulins \u00e0 Nice. 186kg de r\u00e9sine de cannabis, 9kg d\u2019herbe de cannabis et 900 grammes de coca\u00efne ainsi que 125.815 euros \u00e9taient saisis. Le cerveau de la Laverie, membre de la communaut\u00e9 tch\u00e9tch\u00e8ne \u00e9tait interpell\u00e9 de l\u2019autre c\u00f4t\u00e9 de la fronti\u00e8re. Un business lucratif: entre 450.000 et 600.000 euros par mois.<\/p>\n<p>Le coup d\u2019arr\u00eat mis au trafic a \u00e9t\u00e9 tr\u00e8s momentan\u00e9. Le lendemain, coup de th\u00e9\u00e2tre. Un autre groupe de narco trafiquants tentait de reprendre le point de deal. Vers 9h30, des tirs de kalachnikov \u00e9clataient \u00e0 deux pas de la place des Amaryllis, tr\u00e8s fr\u00e9quent\u00e9e en ce jour de march\u00e9. De nombreuses interpellations ont eu lieu dans la foul\u00e9e. C\u2019est ce groupe de narcos qui \u00e9tait jug\u00e9 ce mardi par le tribunal correctionnel de Nice, lors d\u2019une audience sp\u00e9ciale pr\u00e9sid\u00e9e par Marion Menot. Trois mineurs ont d\u00e9j\u00e0 \u00e9t\u00e9 condamn\u00e9s, par le tribunal pour enfants, \u00e0 deux ans de prison ferme dans ce dossier, avec maintien en d\u00e9tention. Seuls deux pr\u00e9venus sur les cinq comparaissaient ce mardi. Les autres ne se sont pas pr\u00e9sent\u00e9s.<\/p>\n<p>Un commando parti d\u2019un squat<\/p>\n<p>L\u2019information judiciaire a r\u00e9v\u00e9l\u00e9 que ce fameux 14 novembre, au lendemain du vaste coup de filet de la PJ, un commando venant d\u2019un squat situ\u00e9 dans le Vieux-Nice, au 5 rue du Pont-Vieux, s\u2019\u00e9tait dirig\u00e9 vers le quartier des Moulins. Le but: se r\u00e9approprier le point de deal, manifestement perdu. Ils sont arm\u00e9s d\u2019une kalachnikov et sont arriv\u00e9s beno\u00eetement \u00e0 bord d\u2019un VTC command\u00e9 via l\u2019application Bolt. Premier point de rendez-vous: le parvis de la gare de Saint-Augustin. Tous sont v\u00eatus de vestes \u00e0 capuche et cache-cols pour ne pas \u00eatre reconnus. \u00c0 9h30, c\u2019est le top d\u00e9part. Ils font irruption sur la place des Amaryllis, en mode western, en plein jour de march\u00e9. Effray\u00e9s, les habitants entendent trois \u00e0 quatre tirs de kalachnikov. Des tirs en l\u2019air, \u00ab\u00a0pour intimider\u00a0\u00bb.<\/p>\n<p>Manque de chance pour les narcos, des policiers de la brigade de s\u00e9curisation de terrain (BST), en surveillance, assistent \u00e0 la sc\u00e8ne. Une course-poursuite s\u2019engage. Les hommes se d\u00e9lestent d\u2019un sac \u00e0 dos contenant des produits stup\u00e9fiants, dont 172 capsules de coca\u00efne, et cachent \u00e0 la va-vite la kalachnikov sous une voiture. L\u2019arme \u00e9tait munie de 26 cartouches, dont une chambr\u00e9e, pr\u00eate \u00e0 tirer de nouveau.<\/p>\n<p>Le procureur a requis jusqu\u2019\u00e0 six ans de prison. Les pr\u00e9venus s\u2019av\u00e8rent pour la plupart \u00eatre des va-nu-pieds. \u00ab\u00a0Des mis\u00e9reux\u00a0\u00bb, insiste Me Florian Sempere, certains ayant accept\u00e9 la somme de 70 euros. Me Franck Chouman a plaid\u00e9 pour que la peine soit revue \u00e0 la baisse. Tous, dont les mineurs, avaient accept\u00e9 l\u2019affaire en \u00e9change d\u2019un \u00ab\u00a0travail\u00a0\u00bb, d\u2019un logement ou de quelques dizaines d\u2019euros. De la chair \u00e0 canon pour les narcos. \u00ab\u00a0Ce qui est pr\u00e9occupant dans cette structure de narco trafiquants, c\u2019est le recrutement d\u2019individus en situation pr\u00e9caire, qui cherchent de l\u2019argent, quelques euros\u00a0\u00bb, a d\u00e9plor\u00e9 le substitut du procureur de la R\u00e9publique, Anthony Carello.<\/p>\n<p>Il a d\u00e9nonc\u00e9 dans ses r\u00e9quisitions des faits \u00ab\u00a0d\u2019une extr\u00eame gravit\u00e9\u00a0\u00bb qui se sont d\u00e9roul\u00e9s dans un quartier des Moulins compos\u00e9 de travailleurs, d\u2019honn\u00eates gens, d\u2019enfants. \u00ab\u00a0Je pense \u00e0 ces gens effray\u00e9s qui ont entendu les coups de feu \u00e0 9h30 du matin, en plein march\u00e9.\u00a0\u00bb Il a insist\u00e9 sur le danger de ces r\u00e9seaux qui \u00ab\u00a0gangr\u00e8nent la vie de nos quartiers\u00a0\u00bb.<\/p>\n<p>Le tribunal a finalement condamn\u00e9 les pr\u00e9venus \u00e0 des peines de deux ans \u00e0 six ans de prison. Des mandats d\u2019arr\u00eat ont \u00e9t\u00e9 d\u00e9cern\u00e9s contre les absents. La plupart se sont vus infliger une interdiction d\u00e9finitive de territoire fran\u00e7ais.<\/p>\n","protected":false},"excerpt":{"rendered":"L\u2019affaire avait d\u00e9fray\u00e9 la chronique. Le 13 novembre 2023, la police judiciaire ni\u00e7oise lan\u00e7ait une vaste op\u00e9ration de&hellip;\n","protected":false},"author":2,"featured_media":237077,"comment_status":"","ping_status":"","sticky":false,"template":"","format":"standard","meta":{"footnotes":""},"categories":[2819],"tags":[1111,11,1777,674,1011,27,303,12,2401,882,25],"class_list":{"0":"post-237076","1":"post","2":"type-post","3":"status-publish","4":"format-standard","5":"has-post-thumbnail","7":"category-nice","8":"tag-actu","9":"tag-actualites","10":"tag-eu","11":"tag-europe","12":"tag-fr","13":"tag-france","14":"tag-justice","15":"tag-news","16":"tag-nice","17":"tag-provence-alpes-cote-dazur","18":"tag-republique-francaise"},"share_on_mastodon":{"url":"https:\/\/pubeurope.com\/@fr\/114822183141578744","error":""},"_links":{"self":[{"href":"https:\/\/www.europesays.com\/fr\/wp-json\/wp\/v2\/posts\/237076","targetHints":{"allow":["GET"]}}],"collection":[{"href":"https:\/\/www.europesays.com\/fr\/wp-json\/wp\/v2\/posts"}],"about":[{"href":"https:\/\/www.europesays.com\/fr\/wp-json\/wp\/v2\/types\/post"}],"author":[{"embeddable":true,"href":"https:\/\/www.europesays.com\/fr\/wp-json\/wp\/v2\/users\/2"}],"replies":[{"embeddable":true,"href":"https:\/\/www.europesays.com\/fr\/wp-json\/wp\/v2\/comments?post=237076"}],"version-history":[{"count":0,"href":"https:\/\/www.europesays.com\/fr\/wp-json\/wp\/v2\/posts\/237076\/revisions"}],"wp:featuredmedia":[{"embeddable":true,"href":"https:\/\/www.europesays.com\/fr\/wp-json\/wp\/v2\/media\/237077"}],"wp:attachment":[{"href":"https:\/\/www.europesays.com\/fr\/wp-json\/wp\/v2\/media?parent=237076"}],"wp:term":[{"taxonomy":"category","embeddable":true,"href":"https:\/\/www.europesays.com\/fr\/wp-json\/wp\/v2\/categories?post=237076"},{"taxonomy":"post_tag","embeddable":true,"href":"https:\/\/www.europesays.com\/fr\/wp-json\/wp\/v2\/tags?post=237076"}],"curies":[{"name":"wp","href":"https:\/\/api.w.org\/{rel}","templated":true}]}}