{"id":237080,"date":"2025-07-09T07:53:09","date_gmt":"2025-07-09T07:53:09","guid":{"rendered":"https:\/\/www.europesays.com\/fr\/237080\/"},"modified":"2025-07-09T07:53:09","modified_gmt":"2025-07-09T07:53:09","slug":"un-feu-de-broussailles-brule-4-hectares-pres-du-peripherique","status":"publish","type":"post","link":"https:\/\/www.europesays.com\/fr\/237080\/","title":{"rendered":"un feu de broussailles br\u00fble 4 hectares pr\u00e8s du p\u00e9riph\u00e9rique"},"content":{"rendered":"<p>            Par<br \/>\n        <strong><br \/>\n            <a href=\"https:\/\/actu.fr\/auteur\/thomas-bernard\" title=\"Consulter tous les articles de Thomas Bernard\" rel=\"nofollow noopener\" target=\"_blank\">Thomas Bernard<\/a><br \/>\n        <\/strong><\/p>\n<p>        Publi\u00e9 le<\/p>\n<p>            9 juil. 2025 \u00e0 9h24        <\/p>\n<p>Peu apr\u00e8s 20h, mardi 8\u00a0juillet 2025, les pompiers ont re\u00e7u de nombreux appels pour signaler un incendie \u00e0 <a href=\"https:\/\/actu.fr\/pays-de-la-loire\/saint-herblain_44162\" rel=\"nofollow noopener\" target=\"_blank\">Saint-Herblain<\/a>, \u00e0 l\u2019ouest de Nantes. Les sapeurs-pompiers sont intervenus pour<strong> un feu de broussailles \u00e0 l\u2019int\u00e9rieur du parc Bois Jo<\/strong>, pr\u00e8s de la sortie 31 du <a href=\"https:\/\/actu.fr\/pays-de-la-loire\/nantes_44109\/peripherique-de-nantes-l-autoroute-a11-va-etre-fermee-plusieurs-nuit-cet-ete_62828503.html\" rel=\"nofollow noopener\" target=\"_blank\">p\u00e9riph\u00e9rique de Nantes<\/a>.<\/p>\n<p>    <a href=\"https:\/\/www.facebook.com\/plugins\/post.php?href=https%3A%2F%2Fwww.facebook.com%2FSDIS44%2Fposts%2Fpfbid02yAnQAaEPXXcBkmsp8h2CKVsqGXXPxUzFdVn96kak9qSgdmwCULMjN1xLyQkJP2pYl&amp;show_text=true&amp;width=350\" title=\"Ouvrie le lien\" rel=\"nofollow noopener\" target=\"_blank\">Cliquez ici pour visualiser le contenu<\/a><\/p>\n<p>Un feu sur 4 hectares<\/p>\n<p class=\" wall-content\">Selon le centre op\u00e9rationnel d\u00e9partemental d\u2019incendie et de secours (Codis), le feu s\u2019est \u00e9tendu <strong>sur une surface de 4 hectares sur les 5 menac\u00e9s<\/strong>.<\/p>\n<p class=\" wall-content\">Le feu a \u00e9t\u00e9 fix\u00e9 aux alentours de 22h, mardi 8\u00a0juillet 2025. L\u2019op\u00e9ration a n\u00e9cessit\u00e9 l\u2019intervention de <strong>30 sapeurs-pompiers<\/strong>, assist\u00e9s de deux v\u00e9hicules de secours routiers et de quatre camions feux de for\u00eat.<\/p>\n<p class=\" wall-content\">Suivez toute l\u2019actualit\u00e9 de vos villes et m\u00e9dias favoris en vous inscrivant \u00e0 <a href=\"https:\/\/moncompte.actu.fr\" title=\"D\u00e9couvez Mon Actu\" rel=\"nofollow noopener\" data-trk=\"{&quot;cta&quot;:{&quot;action&quot;:&quot;https:\\\/\\\/moncompte.actu.fr&quot;,&quot;category&quot;:&quot;mon compte&quot;,&quot;from&quot;:&quot;article footer&quot;,&quot;name&quot;:&quot;Mon actu&quot;,&quot;type&quot;:&quot;cta&quot;}}\" target=\"_blank\">Mon Actu<\/a>.<\/p>\n","protected":false},"excerpt":{"rendered":"Par Thomas Bernard Publi\u00e9 le 9 juil. 2025 \u00e0 9h24 Peu apr\u00e8s 20h, mardi 8\u00a0juillet 2025, les pompiers&hellip;\n","protected":false},"author":2,"featured_media":237081,"comment_status":"","ping_status":"","sticky":false,"template":"","format":"standard","meta":{"footnotes":""},"categories":[2818],"tags":[1111,11,1777,674,118,1011,27,1310,766,12,2636,1311,25],"class_list":{"0":"post-237080","1":"post","2":"type-post","3":"status-publish","4":"format-standard","5":"has-post-thumbnail","7":"category-nantes","8":"tag-actu","9":"tag-actualites","10":"tag-eu","11":"tag-europe","12":"tag-faits-divers","13":"tag-fr","14":"tag-france","15":"tag-incendie","16":"tag-nantes","17":"tag-news","18":"tag-pays-de-la-loire","19":"tag-pompiers","20":"tag-republique-francaise"},"share_on_mastodon":{"url":"https:\/\/pubeurope.com\/@fr\/114822198401718566","error":""},"_links":{"self":[{"href":"https:\/\/www.europesays.com\/fr\/wp-json\/wp\/v2\/posts\/237080","targetHints":{"allow":["GET"]}}],"collection":[{"href":"https:\/\/www.europesays.com\/fr\/wp-json\/wp\/v2\/posts"}],"about":[{"href":"https:\/\/www.europesays.com\/fr\/wp-json\/wp\/v2\/types\/post"}],"author":[{"embeddable":true,"href":"https:\/\/www.europesays.com\/fr\/wp-json\/wp\/v2\/users\/2"}],"replies":[{"embeddable":true,"href":"https:\/\/www.europesays.com\/fr\/wp-json\/wp\/v2\/comments?post=237080"}],"version-history":[{"count":0,"href":"https:\/\/www.europesays.com\/fr\/wp-json\/wp\/v2\/posts\/237080\/revisions"}],"wp:featuredmedia":[{"embeddable":true,"href":"https:\/\/www.europesays.com\/fr\/wp-json\/wp\/v2\/media\/237081"}],"wp:attachment":[{"href":"https:\/\/www.europesays.com\/fr\/wp-json\/wp\/v2\/media?parent=237080"}],"wp:term":[{"taxonomy":"category","embeddable":true,"href":"https:\/\/www.europesays.com\/fr\/wp-json\/wp\/v2\/categories?post=237080"},{"taxonomy":"post_tag","embeddable":true,"href":"https:\/\/www.europesays.com\/fr\/wp-json\/wp\/v2\/tags?post=237080"}],"curies":[{"name":"wp","href":"https:\/\/api.w.org\/{rel}","templated":true}]}}