{"id":237092,"date":"2025-07-09T07:59:12","date_gmt":"2025-07-09T07:59:12","guid":{"rendered":"https:\/\/www.europesays.com\/fr\/237092\/"},"modified":"2025-07-09T07:59:12","modified_gmt":"2025-07-09T07:59:12","slug":"liste-officielle-u18-eurohockey-lille","status":"publish","type":"post","link":"https:\/\/www.europesays.com\/fr\/237092\/","title":{"rendered":"Liste officielle U18 euroHockey Lille"},"content":{"rendered":"<dl class=\"article-info muted\">\n<dt class=\"article-info-term\">\n\t\t\t\t\t\t\t\t\tD\u00e9tails\t\t\t\t\t\t\t<\/dt>\n<dd class=\"category-name\">\n\t\t\t\t\t\t\t\t\t\t\t\t\t\t\t\t\t\tCat\u00e9gorie : <a href=\"https:\/\/www.ffhockey.org\/equipes-de-france.html\" itemprop=\"genre\" target=\"_blank\" rel=\"noopener\">Equipes de France<\/a>\t\t\t\t\t\t\t<\/dd>\n<dd class=\"modified\">\n<p>\t\t\t\t\tMis \u00e0 jour : 9 juillet 2025\n\t\t\t<\/dd>\n<\/dl>\n<p><strong>D\u00e9couvrez la liste officielle des U18 France pour EuroHockey lille 2025 !\u00a0<\/strong><\/p>\n<p>Voici les 18 joueurs s\u00e9lectionn\u00e9s pour la comp\u00e9tition EuroHockey 2025 qui aur alieu \u00e0 Lille !\u00a0<\/p>\n<p>\u00a0<\/p>\n<p style=\"text-align: justify;\"><img loading=\"lazy\" decoding=\"async\" src=\"https:\/\/www.europesays.com\/fr\/wp-content\/uploads\/2025\/07\/Liste_Garc\u0327ons.jpg\" data-alt=\"Liste_Garc\u0327ons.jpg\" width=\"395\" height=\"559\"\/>\u00a0\u00a0<img loading=\"lazy\" decoding=\"async\" src=\"https:\/\/www.europesays.com\/fr\/wp-content\/uploads\/2025\/07\/EuroHockey_U18.jpg\" data-alt=\"EuroHockey_U18.jpg\" width=\"395\" height=\"559\"\/><\/p>\n<p>\u00a0<\/p>\n<p>Les 18 joueurs entrain\u00e9s par Frederic Soyez et Fabien Tornabene, affronteront les Pays-Bas ce dimanche 13 juillet en ouverture de la comp\u00e9tition. S&rsquo;enchaineront des matchs contre l&rsquo;\u00c9cosse le lundi 14 juillet et contre la Belgique le mercredi 16 juillet \u00e0 17h20.\u00a0<\/p>\n<p>Les filles quant \u00e0 elles, entameront leur comp\u00e9tition contre la Belgique le dimanche 13 juillet \u00e0 13h35, puis contre la Pologne le lundi 14 juillet \u00e0 15h45 et enfin l&rsquo;Espagne mercredi 16 juillet \u00e0 19h35, sous la direction des entraineurs Guillaume Qui\u00e9vy et Matthias Castot.\u00a0<\/p>\n","protected":false},"excerpt":{"rendered":"D\u00e9tails Cat\u00e9gorie : Equipes de France Mis \u00e0 jour : 9 juillet 2025 D\u00e9couvrez la liste officielle des&hellip;\n","protected":false},"author":2,"featured_media":237093,"comment_status":"","ping_status":"","sticky":false,"template":"","format":"standard","meta":{"footnotes":""},"categories":[2815],"tags":[1111,11,8882,37607,37608,1777,674,37605,22302,1011,26,27,37177,811,4488,1307,12,12998,9640,704,37606,25,8878],"class_list":{"0":"post-237092","1":"post","2":"type-post","3":"status-publish","4":"format-standard","5":"has-post-thumbnail","7":"category-lille","8":"tag-actu","9":"tag-actualites","10":"tag-developpement","11":"tag-diriger","12":"tag-encourager","13":"tag-eu","14":"tag-europe","15":"tag-fair-play","16":"tag-federation","17":"tag-fr","18":"tag-francaise","19":"tag-france","20":"tag-gazon","21":"tag-hauts-de-france","22":"tag-hockey","23":"tag-lille","24":"tag-news","25":"tag-non-violence","26":"tag-organisation","27":"tag-promotion","28":"tag-reglementer","29":"tag-republique-francaise","30":"tag-salle"},"share_on_mastodon":{"url":"https:\/\/pubeurope.com\/@fr\/114822222045180221","error":""},"_links":{"self":[{"href":"https:\/\/www.europesays.com\/fr\/wp-json\/wp\/v2\/posts\/237092","targetHints":{"allow":["GET"]}}],"collection":[{"href":"https:\/\/www.europesays.com\/fr\/wp-json\/wp\/v2\/posts"}],"about":[{"href":"https:\/\/www.europesays.com\/fr\/wp-json\/wp\/v2\/types\/post"}],"author":[{"embeddable":true,"href":"https:\/\/www.europesays.com\/fr\/wp-json\/wp\/v2\/users\/2"}],"replies":[{"embeddable":true,"href":"https:\/\/www.europesays.com\/fr\/wp-json\/wp\/v2\/comments?post=237092"}],"version-history":[{"count":0,"href":"https:\/\/www.europesays.com\/fr\/wp-json\/wp\/v2\/posts\/237092\/revisions"}],"wp:featuredmedia":[{"embeddable":true,"href":"https:\/\/www.europesays.com\/fr\/wp-json\/wp\/v2\/media\/237093"}],"wp:attachment":[{"href":"https:\/\/www.europesays.com\/fr\/wp-json\/wp\/v2\/media?parent=237092"}],"wp:term":[{"taxonomy":"category","embeddable":true,"href":"https:\/\/www.europesays.com\/fr\/wp-json\/wp\/v2\/categories?post=237092"},{"taxonomy":"post_tag","embeddable":true,"href":"https:\/\/www.europesays.com\/fr\/wp-json\/wp\/v2\/tags?post=237092"}],"curies":[{"name":"wp","href":"https:\/\/api.w.org\/{rel}","templated":true}]}}