{"id":237094,"date":"2025-07-09T08:00:11","date_gmt":"2025-07-09T08:00:11","guid":{"rendered":"https:\/\/www.europesays.com\/fr\/237094\/"},"modified":"2025-07-09T08:00:11","modified_gmt":"2025-07-09T08:00:11","slug":"lacteur-christopher-judge-tealc-dans-stargate-sg-1-invite-du-herofestival-de-marseille","status":"publish","type":"post","link":"https:\/\/www.europesays.com\/fr\/237094\/","title":{"rendered":"L&rsquo;acteur Christopher Judge, Teal&rsquo;c dans Stargate SG-1, invit\u00e9 du HeroFestival de Marseille"},"content":{"rendered":"<p>Le <a href=\"https:\/\/www.laprovence.com\/article\/region\/2131051041119314\/marseille-le-herofestival-lantre-des-superheros-de-retour-en-novembre-au-parc-chanot\" target=\"_blank\" rel=\"noopener\">HeroFestival de Marseille<\/a>, la manifestation proven\u00e7ale d\u00e9di\u00e9e aux mondes fantastiques vient d\u2019annoncer les dates de sa prochaine \u00e9dition. Il se tiendra les 8 et 9\u00a0novembre au parc Chanot sur plus de 25\u00a0000\u00a0m2 d\u2019expositions. Les chiffres donnent presque le tournis\u00a0: 3 sc\u00e8nes, 3 halls, 5 univers, plus de 200 exposants et 40\u00a0000 spectateurs sont attendus.<\/p>\n<p>Quant au programme, il s\u2019annonce tout aussi copieux comme les ann\u00e9es pr\u00e9c\u00e9dentes\u00a0: rencontres avec les acteurs, chanteurs, cosplayers, illustrateurs, auteurs, concerts, immersion dans des d\u00e9cors du cin\u00e9ma, concerts, d\u00e9dicaces, photocalls, expositions. C\u2019est aussi un voyage dans les \u00e9toiles qui est propos\u00e9.\u00a0Le public retrouvera comme d\u2019habitude, le village Star Wars, le rendez-vous pour les passionn\u00e9s de l\u2019univers de George Lucas, et le village Stargate.<\/p>\n<p>Diff\u00e9rents univers<\/p>\n<p>Parmi les autres temps forts du HeroFestival, les diff\u00e9rents univers pr\u00e9sent\u00e9s\u00a0: Konoha consacr\u00e9 au pays du Soleil Levant, Broc\u00e9liande, Krypton autour des h\u00e9ros am\u00e9ricains, Ludopolis et Broadway. Sans oublier le voyage gustatif.<\/p>\n<p>Parmi les premiers noms annonc\u00e9s, on retrouvera Christopher Judge. Il est principalement connu pour le r\u00f4le de Teal\u2019c dans la s\u00e9rie t\u00e9l\u00e9vis\u00e9e Stargate SG-1.<\/p>\n<p>Toutes les infos sont \u00e0 retrouver sur\u00a0: herofestival.fr\/billetterie.<\/p>\n","protected":false},"excerpt":{"rendered":"Le HeroFestival de Marseille, la manifestation proven\u00e7ale d\u00e9di\u00e9e aux mondes fantastiques vient d\u2019annoncer les dates de sa prochaine&hellip;\n","protected":false},"author":2,"featured_media":237095,"comment_status":"","ping_status":"","sticky":false,"template":"","format":"standard","meta":{"footnotes":""},"categories":[2814],"tags":[17,1111,11,37609,251,1446,1777,674,1011,27,37610,13466,884,12,882,25,37613,37612,37611],"class_list":{"0":"post-237094","1":"post","2":"type-post","3":"status-publish","4":"format-standard","5":"has-post-thumbnail","7":"category-marseille","8":"tag-17","9":"tag-actu","10":"tag-actualites","11":"tag-christopher","12":"tag-culture","13":"tag-dans","14":"tag-eu","15":"tag-europe","16":"tag-fr","17":"tag-france","18":"tag-judge","19":"tag-lacteur","20":"tag-marseille","21":"tag-news","22":"tag-provence-alpes-cote-dazur","23":"tag-republique-francaise","24":"tag-sg-1","25":"tag-stargate","26":"tag-tealc"},"share_on_mastodon":{"url":"https:\/\/pubeurope.com\/@fr\/114822225860435751","error":""},"_links":{"self":[{"href":"https:\/\/www.europesays.com\/fr\/wp-json\/wp\/v2\/posts\/237094","targetHints":{"allow":["GET"]}}],"collection":[{"href":"https:\/\/www.europesays.com\/fr\/wp-json\/wp\/v2\/posts"}],"about":[{"href":"https:\/\/www.europesays.com\/fr\/wp-json\/wp\/v2\/types\/post"}],"author":[{"embeddable":true,"href":"https:\/\/www.europesays.com\/fr\/wp-json\/wp\/v2\/users\/2"}],"replies":[{"embeddable":true,"href":"https:\/\/www.europesays.com\/fr\/wp-json\/wp\/v2\/comments?post=237094"}],"version-history":[{"count":0,"href":"https:\/\/www.europesays.com\/fr\/wp-json\/wp\/v2\/posts\/237094\/revisions"}],"wp:featuredmedia":[{"embeddable":true,"href":"https:\/\/www.europesays.com\/fr\/wp-json\/wp\/v2\/media\/237095"}],"wp:attachment":[{"href":"https:\/\/www.europesays.com\/fr\/wp-json\/wp\/v2\/media?parent=237094"}],"wp:term":[{"taxonomy":"category","embeddable":true,"href":"https:\/\/www.europesays.com\/fr\/wp-json\/wp\/v2\/categories?post=237094"},{"taxonomy":"post_tag","embeddable":true,"href":"https:\/\/www.europesays.com\/fr\/wp-json\/wp\/v2\/tags?post=237094"}],"curies":[{"name":"wp","href":"https:\/\/api.w.org\/{rel}","templated":true}]}}