{"id":237098,"date":"2025-07-09T08:02:09","date_gmt":"2025-07-09T08:02:09","guid":{"rendered":"https:\/\/www.europesays.com\/fr\/237098\/"},"modified":"2025-07-09T08:02:09","modified_gmt":"2025-07-09T08:02:09","slug":"un-record-absolu-pour-la-location-de-velov-au-mois-de-juin","status":"publish","type":"post","link":"https:\/\/www.europesays.com\/fr\/237098\/","title":{"rendered":"un \u00ab\u00a0record absolu\u00a0\u00bb pour la location de V\u00e9lo\u2019v au mois de juin"},"content":{"rendered":"<p>Tels sont les mots de <a href=\"https:\/\/www.lyonmag.com\/profil-personnalite-lyonnaise\/518\/bruno-bernard\" target=\"_blank\" rel=\"noopener\">Bruno Bernard<\/a>, le pr\u00e9sident de la M\u00e9tropole de Lyon, pour annoncer les chiffres du mois de juin concernant la location de V\u00e9lo\u2019v sur l\u2019agglom\u00e9ration lyonnaise. Ce sont en effet 1 370 000 locations qui ont \u00e9t\u00e9 enregistr\u00e9es sur le mois de juin avec au bout \u00ab\u00a0un record absolu\u00a0\u00bb.\u00a0<\/p>\n<p>\u00ab\u00a0Pour la premi\u00e8re fois dans son histoire, l\u2019offre V\u00e9lo\u2019v \u00e9lectrique a repr\u00e9sent\u00e9 52% des trajets r\u00e9alis\u00e9s. Un engouement pour cette nouvelle gamme que nous avons lanc\u00e9 en janvier\u00a0\u00bb, pr\u00e9cise l\u2019\u00e9lu \u00e9cologiste.<\/p>\n<blockquote class=\"twitter-tweet\"><p>&#13;<\/p>\n<p dir=\"ltr\" lang=\"fr\">\ud83d\udfe2 C&rsquo;est un record absolu : 1 370 000 locations V\u00e9lo&rsquo;V sur le mois de Juin 2025.<\/p>\n<p>Jamais ce service n&rsquo;avait \u00e9t\u00e9 autant utilis\u00e9. <\/p>\n<p>Pour la premi\u00e8re fois dans son histoire, l&rsquo;offre Velo&rsquo;V \u00c9lectrique a repr\u00e9sent\u00e9 52% des trajets r\u00e9alis\u00e9s. Un engouement pour cette nouvelle gamme que\u2026 <a href=\"https:\/\/t.co\/pkiUcF750j\">pic.twitter.com\/pkiUcF750j<\/a><\/p>\n<p>&#13;<br \/>\n\u2014 Bruno Bernard (@brunobernard_fr) <a href=\"https:\/\/twitter.com\/brunobernard_fr\/status\/1942584532089110978?ref_src=twsrc%5Etfw\" target=\"_blank\" rel=\"noopener\">July 8, 2025<\/a><\/p><\/blockquote>\n<p>\t\t  <script async src=\"https:\/\/platform.twitter.com\/widgets.js\" charset=\"utf-8\"><\/script><\/p>\n","protected":false},"excerpt":{"rendered":"Tels sont les mots de Bruno Bernard, le pr\u00e9sident de la M\u00e9tropole de Lyon, pour annoncer les chiffres&hellip;\n","protected":false},"author":2,"featured_media":237099,"comment_status":"","ping_status":"","sticky":false,"template":"","format":"standard","meta":{"footnotes":""},"categories":[1889],"tags":[1111,11,2813,2190,2430,1109,251,1112,2811,1777,674,118,1011,27,1922,1110,1114,2428,2810,12,241,316,25,2812,517,800],"class_list":{"0":"post-237098","1":"post","2":"type-post","3":"status-publish","4":"format-standard","5":"has-post-thumbnail","7":"category-lyon","8":"tag-actu","9":"tag-actualites","10":"tag-article","11":"tag-asvel","12":"tag-auvergne-rhone-alpes","13":"tag-breves","14":"tag-culture","15":"tag-depeches","16":"tag-economique","17":"tag-eu","18":"tag-europe","19":"tag-faits-divers","20":"tag-fr","21":"tag-france","22":"tag-info","23":"tag-informations","24":"tag-infos","25":"tag-lyon","26":"tag-lyonmag","27":"tag-news","28":"tag-ol","29":"tag-politique","30":"tag-republique-francaise","31":"tag-sociale","32":"tag-sport","33":"tag-transports"},"share_on_mastodon":{"url":"https:\/\/pubeurope.com\/@fr\/114822234259073216","error":""},"_links":{"self":[{"href":"https:\/\/www.europesays.com\/fr\/wp-json\/wp\/v2\/posts\/237098","targetHints":{"allow":["GET"]}}],"collection":[{"href":"https:\/\/www.europesays.com\/fr\/wp-json\/wp\/v2\/posts"}],"about":[{"href":"https:\/\/www.europesays.com\/fr\/wp-json\/wp\/v2\/types\/post"}],"author":[{"embeddable":true,"href":"https:\/\/www.europesays.com\/fr\/wp-json\/wp\/v2\/users\/2"}],"replies":[{"embeddable":true,"href":"https:\/\/www.europesays.com\/fr\/wp-json\/wp\/v2\/comments?post=237098"}],"version-history":[{"count":0,"href":"https:\/\/www.europesays.com\/fr\/wp-json\/wp\/v2\/posts\/237098\/revisions"}],"wp:featuredmedia":[{"embeddable":true,"href":"https:\/\/www.europesays.com\/fr\/wp-json\/wp\/v2\/media\/237099"}],"wp:attachment":[{"href":"https:\/\/www.europesays.com\/fr\/wp-json\/wp\/v2\/media?parent=237098"}],"wp:term":[{"taxonomy":"category","embeddable":true,"href":"https:\/\/www.europesays.com\/fr\/wp-json\/wp\/v2\/categories?post=237098"},{"taxonomy":"post_tag","embeddable":true,"href":"https:\/\/www.europesays.com\/fr\/wp-json\/wp\/v2\/tags?post=237098"}],"curies":[{"name":"wp","href":"https:\/\/api.w.org\/{rel}","templated":true}]}}