{"id":237105,"date":"2025-07-09T08:07:09","date_gmt":"2025-07-09T08:07:09","guid":{"rendered":"https:\/\/www.europesays.com\/fr\/237105\/"},"modified":"2025-07-09T08:07:09","modified_gmt":"2025-07-09T08:07:09","slug":"les-secousses-telluriques-de-nine-inch-nails-ont-renverse-paris","status":"publish","type":"post","link":"https:\/\/www.europesays.com\/fr\/237105\/","title":{"rendered":"Les secousses telluriques de Nine Inch Nails ont renvers\u00e9 Paris"},"content":{"rendered":"<p>La salle est d\u00e9j\u00e0 plong\u00e9e dans une p\u00e9nombre inqui\u00e9tante lorsqu\u2019on p\u00e9n\u00e8tre hier soir vers 20h30 dans les trav\u00e9es de l\u2019Accor Arena. Nine Inch Nails se produit pour la premi\u00e8re fois dans l\u2019ancien Palais Omnisports de Paris Bercy et l\u2019excitation est palpable dans l\u2019air. Lors de son dernier concert dans la capitale en 2018, Trent Reznor, t\u00eate pensante de NIN, avait terrifi\u00e9 l\u2019Olympia avec un set \u00e9pique de 90 minutes. Ce soir, tous les fans de rock, de metal, de techno et d\u2019indus ont converg\u00e9 vers Bercy, en faisant un saut dans l\u2019inconnu, Reznor n\u2019ayant pas de nouvel album \u00e0 d\u00e9fendre. La tourn\u00e9e, intitul\u00e9e \u00ab Peel it back \u00bb et lanc\u00e9e en juin \u00e0 Dublin, semblait prometteuse sur le papier. Mais personne n\u2019avait imagin\u00e9 prendre une telle claque.<\/p>\n<p>Il n\u2019est pas tout \u00e0 fait 21h quand l\u2019immense voile noir au milieu de la foule s\u2019envole dans les cintres. Reznor, 60 ans, assis au piano, attaque \u00ab Right Where It Belongs \u00bb dans une version d\u00e9pouill\u00e9e. Pas un mot pour la foule, mais un musicien concentr\u00e9, presque \u00e9mu de l\u2019acclamation qui arrive. Pour \u00ab Ruiner \u00bb, il est rejoint par deux de ses complices : Atticus Ross aux claviers et Robin Finck \u00e0 la guitare. Et c\u2019est avec un \u00ab Piggy (Nothing Can Stop Me Now) \u00bb que Paris d\u00e9colle. Nine Inch Nails traverse alors la foule pour rejoindre la sc\u00e8ne principale et leur batteur, Ilan Rubin, dont on aper\u00e7oit la silhouette sur l\u2019immense kakemono blanc qui va petit \u00e0 petit se lever. \u00ab Wish \u00bb ouvre cette s\u00e9quence explosive, o\u00f9 le groupe joue derri\u00e8re un vo&#8230;<\/p>\n<p><a href=\"https:\/\/www.parismatch.com\/culture\/musique\/les-secousses-telluriques-de-nine-inch-nails-ont-renverse-paris-253916?at_medium=affiliate&amp;at_campaign=Yahoo\" rel=\"nofollow noopener\" target=\"_blank\" data-ylk=\"slk:Lire la suite sur ParisMatch;elm:context_link;itc:0;sec:content-canvas\" class=\"link \">Lire la suite sur ParisMatch<\/a><\/p>\n","protected":false},"excerpt":{"rendered":"La salle est d\u00e9j\u00e0 plong\u00e9e dans une p\u00e9nombre inqui\u00e9tante lorsqu\u2019on p\u00e9n\u00e8tre hier soir vers 20h30 dans les trav\u00e9es&hellip;\n","protected":false},"author":2,"featured_media":237106,"comment_status":"","ping_status":"","sticky":false,"template":"","format":"standard","meta":{"footnotes":""},"categories":[1888],"tags":[1111,1928,11,1927,1777,674,1011,27,12,1926,5099,37614,626,1925,25,5102],"class_list":{"0":"post-237105","1":"post","2":"type-post","3":"status-publish","4":"format-standard","5":"has-post-thumbnail","7":"category-paris","8":"tag-actu","9":"tag-actu-paris","10":"tag-actualites","11":"tag-actualites-paris","12":"tag-eu","13":"tag-europe","14":"tag-fr","15":"tag-france","16":"tag-news","17":"tag-news-paris","18":"tag-nine-inch-nails","19":"tag-palais-omnisports-de-paris-bercy","20":"tag-paris","21":"tag-paris-news","22":"tag-republique-francaise","23":"tag-trent-reznor"},"share_on_mastodon":{"url":"https:\/\/pubeurope.com\/@fr\/114822253478681347","error":""},"_links":{"self":[{"href":"https:\/\/www.europesays.com\/fr\/wp-json\/wp\/v2\/posts\/237105","targetHints":{"allow":["GET"]}}],"collection":[{"href":"https:\/\/www.europesays.com\/fr\/wp-json\/wp\/v2\/posts"}],"about":[{"href":"https:\/\/www.europesays.com\/fr\/wp-json\/wp\/v2\/types\/post"}],"author":[{"embeddable":true,"href":"https:\/\/www.europesays.com\/fr\/wp-json\/wp\/v2\/users\/2"}],"replies":[{"embeddable":true,"href":"https:\/\/www.europesays.com\/fr\/wp-json\/wp\/v2\/comments?post=237105"}],"version-history":[{"count":0,"href":"https:\/\/www.europesays.com\/fr\/wp-json\/wp\/v2\/posts\/237105\/revisions"}],"wp:featuredmedia":[{"embeddable":true,"href":"https:\/\/www.europesays.com\/fr\/wp-json\/wp\/v2\/media\/237106"}],"wp:attachment":[{"href":"https:\/\/www.europesays.com\/fr\/wp-json\/wp\/v2\/media?parent=237105"}],"wp:term":[{"taxonomy":"category","embeddable":true,"href":"https:\/\/www.europesays.com\/fr\/wp-json\/wp\/v2\/categories?post=237105"},{"taxonomy":"post_tag","embeddable":true,"href":"https:\/\/www.europesays.com\/fr\/wp-json\/wp\/v2\/tags?post=237105"}],"curies":[{"name":"wp","href":"https:\/\/api.w.org\/{rel}","templated":true}]}}