{"id":237117,"date":"2025-07-09T08:13:10","date_gmt":"2025-07-09T08:13:10","guid":{"rendered":"https:\/\/www.europesays.com\/fr\/237117\/"},"modified":"2025-07-09T08:13:10","modified_gmt":"2025-07-09T08:13:10","slug":"en-visite-detat-au-royaume-uni-emmanuel-macron-se-prononce-a-westminster-en-faveur-dun-ordre-mondial-a-proteger","status":"publish","type":"post","link":"https:\/\/www.europesays.com\/fr\/237117\/","title":{"rendered":"En visite d&rsquo;Etat au Royaume-Uni, Emmanuel Macron se prononce \u00e0 Westminster en faveur d&rsquo;un ordre mondial \u00e0 prot\u00e9ger"},"content":{"rendered":"<p>Discours choc<\/p>\n<p>En ouverture d\u2019une visite d\u2019\u00c9tat qualifi\u00e9e \u00ab d\u2019historique \u00bb par Downing Street, Emmanuel Macron a lanc\u00e9 un appel \u00e0 renforcer les liens entre la France et le Royaume-Uni. Devant les parlementaires britanniques, le pr\u00e9sident fran\u00e7ais a plaid\u00e9 pour une relation renouvel\u00e9e, notamment dans le domaine de la d\u00e9fense, affichant sa volont\u00e9 de tourner la page des tensions post-Brexit, et de b\u00e2tir un partenariat strat\u00e9gique plus \u00e9troit entre les deux voisins.<\/p>\n","protected":false},"excerpt":{"rendered":"Discours choc En ouverture d\u2019une visite d\u2019\u00c9tat qualifi\u00e9e \u00ab d\u2019historique \u00bb par Downing Street, Emmanuel Macron a lanc\u00e9&hellip;\n","protected":false},"author":2,"featured_media":237118,"comment_status":"","ping_status":"","sticky":false,"template":"","format":"standard","meta":{"footnotes":""},"categories":[1588],"tags":[11,1073,1777,674,12,473,1853,1851,1850,1852,37127],"class_list":{"0":"post-237117","1":"post","2":"type-post","3":"status-publish","4":"format-standard","5":"has-post-thumbnail","7":"category-royaume-uni","8":"tag-actualites","9":"tag-emmanuel-macron","10":"tag-eu","11":"tag-europe","12":"tag-news","13":"tag-royaume-uni","14":"tag-royaume-uni-de-grande-bretagne-et-dirlande-du-nord","15":"tag-uk","16":"tag-united-kingdom","17":"tag-united-kingdom-of-great-britain-and-northern-ireland","18":"tag-visite-d"},"share_on_mastodon":{"url":"https:\/\/pubeurope.com\/@fr\/114822277087857511","error":""},"_links":{"self":[{"href":"https:\/\/www.europesays.com\/fr\/wp-json\/wp\/v2\/posts\/237117","targetHints":{"allow":["GET"]}}],"collection":[{"href":"https:\/\/www.europesays.com\/fr\/wp-json\/wp\/v2\/posts"}],"about":[{"href":"https:\/\/www.europesays.com\/fr\/wp-json\/wp\/v2\/types\/post"}],"author":[{"embeddable":true,"href":"https:\/\/www.europesays.com\/fr\/wp-json\/wp\/v2\/users\/2"}],"replies":[{"embeddable":true,"href":"https:\/\/www.europesays.com\/fr\/wp-json\/wp\/v2\/comments?post=237117"}],"version-history":[{"count":0,"href":"https:\/\/www.europesays.com\/fr\/wp-json\/wp\/v2\/posts\/237117\/revisions"}],"wp:featuredmedia":[{"embeddable":true,"href":"https:\/\/www.europesays.com\/fr\/wp-json\/wp\/v2\/media\/237118"}],"wp:attachment":[{"href":"https:\/\/www.europesays.com\/fr\/wp-json\/wp\/v2\/media?parent=237117"}],"wp:term":[{"taxonomy":"category","embeddable":true,"href":"https:\/\/www.europesays.com\/fr\/wp-json\/wp\/v2\/categories?post=237117"},{"taxonomy":"post_tag","embeddable":true,"href":"https:\/\/www.europesays.com\/fr\/wp-json\/wp\/v2\/tags?post=237117"}],"curies":[{"name":"wp","href":"https:\/\/api.w.org\/{rel}","templated":true}]}}