{"id":237123,"date":"2025-07-09T08:16:12","date_gmt":"2025-07-09T08:16:12","guid":{"rendered":"https:\/\/www.europesays.com\/fr\/237123\/"},"modified":"2025-07-09T08:16:12","modified_gmt":"2025-07-09T08:16:12","slug":"la-chine-appelle-lue-a-reequilibrer-sa-vision-des-relations-commerciales","status":"publish","type":"post","link":"https:\/\/www.europesays.com\/fr\/237123\/","title":{"rendered":"La Chine appelle l&rsquo;UE \u00e0 r\u00e9\u00e9quilibrer sa vision des relations commerciales"},"content":{"rendered":"<p>Le minist\u00e8re chinois des Affaires \u00e9trang\u00e8res a d\u00e9clar\u00e9 mercredi que l&rsquo;Union europ\u00e9enne devrait r\u00e9\u00e9quilibrer sa mentalit\u00e9 concernant ses liens commerciaux avec la Chine.<\/p>\n<p>\n\u00ab\u00a0Nous esp\u00e9rons que l&rsquo;UE comprendra que ce qui doit \u00eatre r\u00e9\u00e9quilibr\u00e9 actuellement, c&rsquo;est la mentalit\u00e9 de l&rsquo;UE, et non les relations \u00e9conomiques et commerciales entre la Chine et l&rsquo;UE\u00a0\u00bb, a d\u00e9clar\u00e9 Mao Ning, porte-parole du minist\u00e8re, lors d&rsquo;un point de presse r\u00e9gulier.<\/p>\n<p>\nMao r\u00e9agissait ainsi aux propos de la pr\u00e9sidente de la Commission europ\u00e9enne, Ursula von der Leyen, selon lesquels le r\u00e9\u00e9quilibrage des relations \u00e9conomiques de l&rsquo;UE avec la Chine devrait constituer une priorit\u00e9.<\/p>\n","protected":false},"excerpt":{"rendered":"Le minist\u00e8re chinois des Affaires \u00e9trang\u00e8res a d\u00e9clar\u00e9 mercredi que l&rsquo;Union europ\u00e9enne devrait r\u00e9\u00e9quilibrer sa mentalit\u00e9 concernant ses&hellip;\n","protected":false},"author":2,"featured_media":237124,"comment_status":"","ping_status":"","sticky":false,"template":"","format":"standard","meta":{"footnotes":""},"categories":[1586],"tags":[11,340,1777,674,1779,1011,27,12,25,1778,364],"class_list":{"0":"post-237123","1":"post","2":"type-post","3":"status-publish","4":"format-standard","5":"has-post-thumbnail","7":"category-europe","8":"tag-actualites","9":"tag-bourse","10":"tag-eu","11":"tag-europe","12":"tag-european-union","13":"tag-fr","14":"tag-france","15":"tag-news","16":"tag-republique-francaise","17":"tag-ue","18":"tag-union-europeenne"},"share_on_mastodon":{"url":"https:\/\/pubeurope.com\/@fr\/114822289239242897","error":""},"_links":{"self":[{"href":"https:\/\/www.europesays.com\/fr\/wp-json\/wp\/v2\/posts\/237123","targetHints":{"allow":["GET"]}}],"collection":[{"href":"https:\/\/www.europesays.com\/fr\/wp-json\/wp\/v2\/posts"}],"about":[{"href":"https:\/\/www.europesays.com\/fr\/wp-json\/wp\/v2\/types\/post"}],"author":[{"embeddable":true,"href":"https:\/\/www.europesays.com\/fr\/wp-json\/wp\/v2\/users\/2"}],"replies":[{"embeddable":true,"href":"https:\/\/www.europesays.com\/fr\/wp-json\/wp\/v2\/comments?post=237123"}],"version-history":[{"count":0,"href":"https:\/\/www.europesays.com\/fr\/wp-json\/wp\/v2\/posts\/237123\/revisions"}],"wp:featuredmedia":[{"embeddable":true,"href":"https:\/\/www.europesays.com\/fr\/wp-json\/wp\/v2\/media\/237124"}],"wp:attachment":[{"href":"https:\/\/www.europesays.com\/fr\/wp-json\/wp\/v2\/media?parent=237123"}],"wp:term":[{"taxonomy":"category","embeddable":true,"href":"https:\/\/www.europesays.com\/fr\/wp-json\/wp\/v2\/categories?post=237123"},{"taxonomy":"post_tag","embeddable":true,"href":"https:\/\/www.europesays.com\/fr\/wp-json\/wp\/v2\/tags?post=237123"}],"curies":[{"name":"wp","href":"https:\/\/api.w.org\/{rel}","templated":true}]}}