{"id":237131,"date":"2025-07-09T08:20:11","date_gmt":"2025-07-09T08:20:11","guid":{"rendered":"https:\/\/www.europesays.com\/fr\/237131\/"},"modified":"2025-07-09T08:20:11","modified_gmt":"2025-07-09T08:20:11","slug":"championnats-deurope-par-equipes-les-bleues-leaders-chez-les-girls","status":"publish","type":"post","link":"https:\/\/www.europesays.com\/fr\/237131\/","title":{"rendered":"Championnats d&rsquo;Europe par \u00e9quipes\u00a0: Les Bleues leaders chez les Girls"},"content":{"rendered":"<p>\u00c0 7\u00a0h pr\u00e9cises mardi matin \u00e0 <strong>Chantilly<\/strong>, <strong>Louise Reau <\/strong>a eu l&rsquo;honneur de taper le premier coup du <strong>Championnat d&rsquo;Europe par \u00e9quipes Dames<\/strong>. La Toulousaine, comme toutes ses cong\u00e9n\u00e8res sur le terrain \u00e0 ce moment-l\u00e0, a d\u00fb rentrer au bercail 45 minutes plus tard, la faute \u00e0 un orage aussi inattendu que passager. Seule v\u00e9ritable p\u00e9rip\u00e9tie de cette premi\u00e8re journ\u00e9e \u00e0 Vineuil, o\u00f9 le temps est revenu au beau fixe dans le ciel, et o\u00f9 les Bleues ont bien tenu leur rang. Apr\u00e8s le premier tour, la France affiche le score de +5, soit le m\u00eame que la Su\u00e8de, cette derni\u00e8re tenant la 2e place au jeu du d\u00e9partage provisoire. Mais depuis leur 3e position, les Tricolores ont vue sur les leaders espagnoles, \u00e0 +1.<\/p>\n<p>Meilleure performeuse fran\u00e7aise du jour, <strong>Constance Fouillet<\/strong>, patiente pendant 16 trous, a termin\u00e9 par deux beaux birdies au 17 et au 18, pour poster un 68 (-2). Le matin, <strong>Camille Min-Gaultier <\/strong>avait fix\u00e9 une premi\u00e8re r\u00e9f\u00e9rence \u00e0 69 (-1), \u00e0 l&rsquo;issue d&rsquo;une partie en mod\u00e8le de propret\u00e9\u00a0: un birdie sur le par 5 du 8, et 17 pars. Les 72 (+2) de <strong>Louise Reau <\/strong>et <strong>Sara Brentcheneff<\/strong>, ainsi que le 74 (+4) de la locale de Chantilly <strong>Valentine Delon <\/strong>ont \u00e9t\u00e9 les trois autres cartes \u00e0 rentrer dans le total de l&rsquo;\u00e9quipe, qui compte pour le moment 11 coups d&rsquo;avance sur l&rsquo;Autriche, titulaire provisoire de la 9e place.<\/p>\n","protected":false},"excerpt":{"rendered":"\u00c0 7\u00a0h pr\u00e9cises mardi matin \u00e0 Chantilly, Louise Reau a eu l&rsquo;honneur de taper le premier coup du&hellip;\n","protected":false},"author":2,"featured_media":237132,"comment_status":"","ping_status":"","sticky":false,"template":"","format":"standard","meta":{"footnotes":""},"categories":[1418],"tags":[1011,27,1472,60],"class_list":{"0":"post-237131","1":"post","2":"type-post","3":"status-publish","4":"format-standard","5":"has-post-thumbnail","7":"category-golf","8":"tag-fr","9":"tag-france","10":"tag-golf","11":"tag-sports"},"share_on_mastodon":{"url":"https:\/\/pubeurope.com\/@fr\/114822304747041315","error":""},"_links":{"self":[{"href":"https:\/\/www.europesays.com\/fr\/wp-json\/wp\/v2\/posts\/237131","targetHints":{"allow":["GET"]}}],"collection":[{"href":"https:\/\/www.europesays.com\/fr\/wp-json\/wp\/v2\/posts"}],"about":[{"href":"https:\/\/www.europesays.com\/fr\/wp-json\/wp\/v2\/types\/post"}],"author":[{"embeddable":true,"href":"https:\/\/www.europesays.com\/fr\/wp-json\/wp\/v2\/users\/2"}],"replies":[{"embeddable":true,"href":"https:\/\/www.europesays.com\/fr\/wp-json\/wp\/v2\/comments?post=237131"}],"version-history":[{"count":0,"href":"https:\/\/www.europesays.com\/fr\/wp-json\/wp\/v2\/posts\/237131\/revisions"}],"wp:featuredmedia":[{"embeddable":true,"href":"https:\/\/www.europesays.com\/fr\/wp-json\/wp\/v2\/media\/237132"}],"wp:attachment":[{"href":"https:\/\/www.europesays.com\/fr\/wp-json\/wp\/v2\/media?parent=237131"}],"wp:term":[{"taxonomy":"category","embeddable":true,"href":"https:\/\/www.europesays.com\/fr\/wp-json\/wp\/v2\/categories?post=237131"},{"taxonomy":"post_tag","embeddable":true,"href":"https:\/\/www.europesays.com\/fr\/wp-json\/wp\/v2\/tags?post=237131"}],"curies":[{"name":"wp","href":"https:\/\/api.w.org\/{rel}","templated":true}]}}