{"id":237139,"date":"2025-07-09T08:25:11","date_gmt":"2025-07-09T08:25:11","guid":{"rendered":"https:\/\/www.europesays.com\/fr\/237139\/"},"modified":"2025-07-09T08:25:11","modified_gmt":"2025-07-09T08:25:11","slug":"motogp-gulf-et-trackhouse-de-nouveau-reunis-en-octobre","status":"publish","type":"post","link":"https:\/\/www.europesays.com\/fr\/237139\/","title":{"rendered":"MotoGP : Gulf et Trackhouse de nouveau r\u00e9unis en octobre !"},"content":{"rendered":"<p><strong>Gulf et l\u2019\u00e9quipe Trackhouse MotoGP sont ravis d\u2019annoncer<br \/>\nle retour de la livr\u00e9e embl\u00e9matique Gulf lors des deux derni\u00e8res<br \/>\nmanches de la saison 2025 de <a href=\"https:\/\/www.motogp.com\/\" target=\"_blank\" rel=\"noopener nofollow\">MotoGP<\/a> en Asie du Sud-Est, en<br \/>\nIndon\u00e9sie (du 3 au 5 octobre) et en Malaisie (du 24 au 26<br \/>\noctobre).<\/strong><\/p>\n<p>Un design personnalis\u00e9 a \u00e9t\u00e9 d\u00e9voil\u00e9 et tr\u00e8s appr\u00e9ci\u00e9 lors des<br \/>\ndeux premi\u00e8res courses de la saison, les Grands Prix de Tha\u00eflande<br \/>\net d\u2019Argentine respectivement, marquant la premi\u00e8re fois que les<br \/>\ncouleurs Gulf inspiraient l\u2019ensemble d\u2019une livr\u00e9e MotoGP. Ornant<br \/>\nles motos Aprilia RS-GP25 de l\u2019\u00e9quipe Trackhouse MotoGP, les<br \/>\ncombinaisons de course des pilotes <a href=\"https:\/\/www.paddock-gp.com\/?s=ogura\" target=\"_blank\" rel=\"noopener nofollow\"><strong>Ai Ogura<\/strong><\/a> et <a href=\"https:\/\/www.paddock-gp.com\/?s=raul+fernandez\" target=\"_blank\" rel=\"noopener nofollow\"><strong>Raul Fernandez<\/strong><\/a> ainsi que le garage<br \/>\nde l\u2019\u00e9quipe, la livr\u00e9e a imm\u00e9diatement s\u00e9duit la communaut\u00e9 MotoGP<br \/>\net le public du monde entier.<\/p>\n<p><strong>La livr\u00e9e Gulf est d\u00e9sormais pr\u00eate \u00e0 faire son retour<br \/>\nlors de deux autres courses, avec les fans au c\u0153ur de la<br \/>\ncampagne<\/strong>. Trois nouveaux designs ont \u00e9t\u00e9 cr\u00e9\u00e9s sur le<br \/>\nth\u00e8me \u00ab Bolder Together \u00bb (Plus forts ensemble), une expression qui<br \/>\nsymbolise ce qui unit Gulf et l\u2019\u00e9quipe Trackhouse MotoGP. Chacun de<br \/>\nces designs repr\u00e9sente un partenariat naissant fond\u00e9 sur la<br \/>\npassion, le progr\u00e8s et l\u2019unit\u00e9.<\/p>\n<p><a href=\"https:\/\/www.gulfoilltd.com\/partnerships\/motogp\/livery-vote\" target=\"_blank\" rel=\"noopener nofollow\"><strong>Les fans peuvent voter pour<br \/>\nleur livr\u00e9e Gulf pr\u00e9f\u00e9r\u00e9e<\/strong><\/a> du mardi 8 juillet (12 h<br \/>\nBST) au lundi 28 juillet (9 h BST).<\/p>\n<p>La livr\u00e9e gagnante sera d\u00e9voil\u00e9e lors du Grand Prix d\u2019Indon\u00e9sie<br \/>\nen octobre, o\u00f9 l\u2019\u00e9quipe Trackhouse MotoGP fera son entr\u00e9e en sc\u00e8ne<br \/>\nsur le circuit de Mandalika. La m\u00eame livr\u00e9e sera de retour trois<br \/>\nsemaines plus tard pour la manche malaisienne sur le circuit<br \/>\ninternational de Sepang.<\/p>\n<p>Gulf est fier de pr\u00e9senter sa marque aux communaut\u00e9s de motards<br \/>\nd\u2019Asie du Sud-Est en pla\u00e7ant les passionn\u00e9s de moto et les fans de<br \/>\nMotoGP au c\u0153ur de cette derni\u00e8re campagne de livr\u00e9e. Il s\u2019agit<br \/>\nd\u2019une \u00e9tape importante dans le partenariat entre Gulf et l\u2019\u00e9quipe<br \/>\nTrackhouse MotoGP, les deux marques s\u2019engageant \u00e0 rassembler les<br \/>\nfans du monde entier gr\u00e2ce \u00e0 des collaborations uniques et des<br \/>\ncontenus attrayants.<\/p>\n<p><strong>Mike Jones<\/strong>, PDG, GULF OIL INTERNATIONAL UK<br \/>\nLIMITED : \u00ab La r\u00e9action \u00e0 notre livr\u00e9e en Tha\u00eflande et en<br \/>\nArgentine a \u00e9t\u00e9 remarquable. Elle a suscit\u00e9 un v\u00e9ritable engouement<br \/>\nparmi les fans de MotoGP du monde entier lors de notre premi\u00e8re<br \/>\nsaison de partenariat. Nous avions toujours pr\u00e9vu de lancer une<br \/>\nautre livr\u00e9e plus tard dans la saison, mais nous savions que nous<br \/>\nvoulions impliquer les fans. Nous sommes impatients de voir quelle<br \/>\noption ils choisiront et de voir les couleurs Gulf \u00e0 nouveau<br \/>\narbor\u00e9es fi\u00e8rement par l\u2019\u00e9quipe Trackhouse MotoGP en Indon\u00e9sie et<br \/>\nen Malaisie. \u00bb<\/p>\n<p><strong>Justin Marks<\/strong> \u2013 Fondateur et propri\u00e9taire,<br \/>\nTRACKHOUSE ENTERNAINMENT GROUP : \u00ab Lorsque nous avons lanc\u00e9 la<br \/>\nlivr\u00e9e Gulf pour la toute premi\u00e8re fois, en Tha\u00eflande, j\u2019ai trouv\u00e9<br \/>\nque c\u2019\u00e9tait un moment sp\u00e9cial, et les motos \u00e9taient magnifiques.<br \/>\nAujourd\u2019hui, les couleurs Gulf feront leur grand retour sur les<br \/>\nmotos Trackhouse Aprilia en Indon\u00e9sie et en Malaisie, dans une<br \/>\nlivr\u00e9e choisie par nos fans, et j\u2019ai h\u00e2te de d\u00e9couvrir le design<br \/>\nqui sera retenu. Le partenariat avec Gulf a d\u00e9j\u00e0 \u00e9t\u00e9 tr\u00e8s<br \/>\nenrichissant, et c\u2019est une nouvelle \u00e9tape importante dans notre<br \/>\nrelation. \u00bb<\/p>\n<p><strong>Ai Ogura<\/strong> : \u00ab Je suis vraiment ravi que la<br \/>\nlivr\u00e9e Gulf fasse son retour sur nos motos en Indon\u00e9sie et en<br \/>\nMalaisie. Le design Gulf complet que nous avions sur la piste en<br \/>\nTha\u00eflande et en Argentine est tout simplement magnifique et je suis<br \/>\nfier de faire partie de l\u2019\u00e9quipe Gulf. Ce sera tr\u00e8s agr\u00e9able de<br \/>\nrouler \u00e0 nouveau avec les couleurs Gulf, d\u2019autant plus que ce sont<br \/>\nles fans qui ont vot\u00e9 pour la livr\u00e9e. \u00bb<\/p>\n<p><strong>Raul Fernandez<\/strong> : \u00ab Quand j\u2019ai vu la moto en<br \/>\nTha\u00eflande, j\u2019ai tout de suite dit : \u00ab Une belle moto est une moto<br \/>\nrapide \u00bb, donc je suis tr\u00e8s heureux de retrouver les couleurs Gulf.<br \/>\nCette fois-ci, pour l\u2019Indon\u00e9sie et la Malaisie, tous les fans<br \/>\npeuvent choisir notre livr\u00e9e, ce qui est une excellente occasion<br \/>\npour tout le monde de faire partie de notre \u00e9quipe Trackhouse<br \/>\nMotoGP et de la famille Gulf ! \u00bb<\/p>\n<p><a href=\"https:\/\/www.gulfoilltd.com\/partnerships\/motogp\/livery-vote\" target=\"_blank\" rel=\"noopener nofollow\"><img loading=\"lazy\" decoding=\"async\" class=\"aligncenter size-full wp-image-1307510\" src=\"https:\/\/www.europesays.com\/fr\/wp-content\/uploads\/2025\/07\/gulf2.jpg\" alt=\"\" width=\"800\" height=\"464\"  \/><\/a><\/p>\n<p><a href=\"https:\/\/www.gulfoilltd.com\/partnerships\/motogp\/livery-vote\" target=\"_blank\" rel=\"noopener nofollow\"><img loading=\"lazy\" decoding=\"async\" class=\"aligncenter size-full wp-image-1307512\" src=\"https:\/\/www.europesays.com\/fr\/wp-content\/uploads\/2025\/07\/GulfPassion.webp.webp\" alt=\"\" width=\"640\" height=\"505\"  \/><\/a><img loading=\"lazy\" decoding=\"async\" class=\"aligncenter size-full wp-image-1307515\" src=\"https:\/\/www.europesays.com\/fr\/wp-content\/uploads\/2025\/07\/GulfProgression.webp.webp\" alt=\"\" width=\"640\" height=\"505\"  \/><img loading=\"lazy\" decoding=\"async\" class=\"aligncenter size-full wp-image-1307518\" src=\"https:\/\/www.europesays.com\/fr\/wp-content\/uploads\/2025\/07\/GulfUnity.webp.webp\" alt=\"\" width=\"640\" height=\"505\"  \/><\/p>\n<p>Cr\u00e9dit photos : https:\/\/www.gulfoilltd.com\/<\/p>\n","protected":false},"excerpt":{"rendered":"Gulf et l\u2019\u00e9quipe Trackhouse MotoGP sont ravis d\u2019annoncer le retour de la livr\u00e9e embl\u00e9matique Gulf lors des deux&hellip;\n","protected":false},"author":2,"featured_media":237140,"comment_status":"","ping_status":"","sticky":false,"template":"","format":"standard","meta":{"footnotes":""},"categories":[1413],"tags":[1011,27,1457,1456,60],"class_list":{"0":"post-237139","1":"post","2":"type-post","3":"status-publish","4":"format-standard","5":"has-post-thumbnail","7":"category-moto","8":"tag-fr","9":"tag-france","10":"tag-moto","11":"tag-motocycle","12":"tag-sports"},"share_on_mastodon":{"url":"https:\/\/pubeurope.com\/@fr\/114822324318162595","error":""},"_links":{"self":[{"href":"https:\/\/www.europesays.com\/fr\/wp-json\/wp\/v2\/posts\/237139","targetHints":{"allow":["GET"]}}],"collection":[{"href":"https:\/\/www.europesays.com\/fr\/wp-json\/wp\/v2\/posts"}],"about":[{"href":"https:\/\/www.europesays.com\/fr\/wp-json\/wp\/v2\/types\/post"}],"author":[{"embeddable":true,"href":"https:\/\/www.europesays.com\/fr\/wp-json\/wp\/v2\/users\/2"}],"replies":[{"embeddable":true,"href":"https:\/\/www.europesays.com\/fr\/wp-json\/wp\/v2\/comments?post=237139"}],"version-history":[{"count":0,"href":"https:\/\/www.europesays.com\/fr\/wp-json\/wp\/v2\/posts\/237139\/revisions"}],"wp:featuredmedia":[{"embeddable":true,"href":"https:\/\/www.europesays.com\/fr\/wp-json\/wp\/v2\/media\/237140"}],"wp:attachment":[{"href":"https:\/\/www.europesays.com\/fr\/wp-json\/wp\/v2\/media?parent=237139"}],"wp:term":[{"taxonomy":"category","embeddable":true,"href":"https:\/\/www.europesays.com\/fr\/wp-json\/wp\/v2\/categories?post=237139"},{"taxonomy":"post_tag","embeddable":true,"href":"https:\/\/www.europesays.com\/fr\/wp-json\/wp\/v2\/tags?post=237139"}],"curies":[{"name":"wp","href":"https:\/\/api.w.org\/{rel}","templated":true}]}}