{"id":23714,"date":"2025-04-14T05:32:36","date_gmt":"2025-04-14T05:32:36","guid":{"rendered":"https:\/\/www.europesays.com\/fr\/23714\/"},"modified":"2025-04-14T05:32:36","modified_gmt":"2025-04-14T05:32:36","slug":"ou-a-ete-tourne-le-telefilm-avec-eleonore-bernheim-antoine-hamel-et-pauline-bression","status":"publish","type":"post","link":"https:\/\/www.europesays.com\/fr\/23714\/","title":{"rendered":"O\u00f9 a \u00e9t\u00e9 tourn\u00e9 le t\u00e9l\u00e9film avec El\u00e9onore Bernheim, Antoine Hamel et Pauline Bression ?"},"content":{"rendered":"<p class=\"articleContent-meta\">\n        Samedi 12 avril 2025 \u00e0 11:00 &#8211; par             <a class=\"articleContent-metaAuthorsLink\" href=\"https:\/\/www.cesoirtv.com\/auteur\/thomas-fourcroy\/\" target=\"_blank\" rel=\"noopener\">Thomas Fourcroy<\/a><\/p>\n<p>                    Tweeter<\/p>\n<p>                    Partager sur Facebook<\/p>\n<p>                        <img decoding=\"async\" src=\"https:\/\/www.europesays.com\/fr\/wp-content\/uploads\/2025\/04\/lame-de-fond-11-avril.jpg\" alt=\"Player Video\" class=\"player-applyRatio poster exclude-seedtag\"\/><\/p>\n<p>Le samedi 12 avril \u00e0 21h05, France 3 diffuse Lame de fond. Un t\u00e9l\u00e9film tourn\u00e9 dans une ville particuli\u00e8rement pris\u00e9e des touristes et cin\u00e9philes&#8230;<\/p>\n<p>Avis aux amateurs de polars, France 3 rediffuse ce soir Lame de fond, t\u00e9l\u00e9film d\u00e9voil\u00e9 en 2023. R\u00e9alis\u00e9 par Bruno Garcia, il nous embarque dans une enqu\u00eate alambiqu\u00e9e aux c\u00f4t\u00e9s de visages bien connus du petit \u00e9cran. P\u00eale-m\u00eale, on compte en effet sur Pauline Bression, <a href=\"https:\/\/www.cesoirtv.com\/news\/series\/1372-lart-du-crime-ce-que-la-serie-a-change-entre-nicolas-gob-et-eleonore-bernheim\/\" target=\"_blank\" rel=\"noopener\">El\u00e9onore Bernheim<\/a>, Antoine Hamel, St\u00e9phane Freiss ou encore Franz Lang et Florence Muller. Un joli casting ayant tourn\u00e9 dans une des plus belles r\u00e9gions de l&rsquo;Hexagone.<\/p>\n<p>Lame de fond : un festival de cin\u00e9ma endeuill\u00e9<\/p>\n<p>R\u00e9alisateur anglais en vogue, le jeune Owen Fleming a rejoint la France pour pr\u00e9senter son dernier film. Charg\u00e9 d&rsquo;ouvrir un c\u00e9l\u00e8bre festival de cin\u00e9ma d&rsquo;une ville c\u00f4ti\u00e8re, il va \u00eatre retrouv\u00e9 mort le lendemain de son arriv\u00e9e. Flottant dans les eaux fran\u00e7aises, son cadavre va \u00eatre autopsi\u00e9 et livrer un premier secret. En effet, il ne s&rsquo;est pas noy\u00e9, mais a bien \u00e9t\u00e9 assassin\u00e9. Charg\u00e9e de l&rsquo;affaire, la capitaine de police \u00c9lise Vignon va d\u00e9couvrir que la victime cache un pass\u00e9 douloureux : un naufrage survenu il y a vingt, qui a co\u00fbt\u00e9 la vie \u00e0 sa s\u0153ur Lola&#8230; La famille, un sujet qui va \u00e9galement peser chez \u00c9lise. \u00c0 la faveur de cette enqu\u00eate, elle va croiser Ga\u00eblle, une s\u0153ur a\u00een\u00e9e plus aper\u00e7ue depuis longtemps.<\/p>\n<p>                                    Lame de fond : une ville pris\u00e9e savamment mise \u00e0 l&rsquo;honneur<\/p>\n<p>Un festival, une victime anglaise, une cit\u00e9 baln\u00e9aire&#8230; Pas de doute, c&rsquo;est au sein du Festival du film britannique de Dinard que notre t\u00e9l\u00e9film prend place. Et c&rsquo;est bien au sein de la ville bretonne que Bruno Garcia a pos\u00e9 sa cam\u00e9ra, en octobre 2022. Plage du Prieur\u00e9, centre-ville, H\u00f4tel Barri\u00e8re, piscine du Pool&#8230; Tout y passe ! Notons que Dinard n&rsquo;est pas la seule \u00e0 appara\u00eetre \u00e0 l&rsquo;\u00e9cran, comme Thomas Viguier, le producteur de Lame de fond, l&rsquo;a partag\u00e9 \u00e0 nos confr\u00e8res de <a href=\"https:\/\/www.programme-tv.net\/news\/series-tv\/325599-lame-de-fond-france-2-la-fiction-avec-pauline-bression-a-t-elle-vraiment-ete-tournee-a-dinard\/\" target=\"_blank\" rel=\"noopener\">T\u00e9l\u00e9-Loisirs<\/a> : \u00ab\u00a0La fiction a \u00e9t\u00e9 int\u00e9gralement tourn\u00e9e en Bretagne : \u00e0 Dinard, Saint Lunaire et Saint-Briac. Fabienne Lesueur et Victor Pavy, qui sont des auteurs avec qui j\u2019aime beaucoup travailler et avec lesquels j\u2019avais fait Avis de temp\u00eate et Meurtres en Cornouaille, habitent \u00e0 Saint-Lunaire. On r\u00eavait de faire un film qui se passe l\u00e0-bas, mais il fallait trouver un argument sc\u00e9naristique. Ils ont eu cette id\u00e9e, qui nous a beaucoup plu, d\u2019utiliser le Festival du film britannique comme d\u00e9cor, autre que simplement le fait que ce soit tourn\u00e9 \u00e0 Dinard.\u00a0\u00bb<\/p>\n","protected":false},"excerpt":{"rendered":"Samedi 12 avril 2025 \u00e0 11:00 &#8211; par Thomas Fourcroy Tweeter Partager sur Facebook Le samedi 12 avril&hellip;\n","protected":false},"author":2,"featured_media":23715,"comment_status":"","ping_status":"","sticky":false,"template":"","format":"standard","meta":{"footnotes":""},"categories":[1356],"tags":[1409,58,59,1011,27,876,8636,2706,252,1364],"class_list":{"0":"post-23714","1":"post","2":"type-post","3":"status-publish","4":"format-standard","5":"has-post-thumbnail","7":"category-television","8":"tag-bande-annonce","9":"tag-divertissement","10":"tag-entertainment","11":"tag-fr","12":"tag-france","13":"tag-france-3","14":"tag-lame-de-fond-4122025-0905-pm-france-3","15":"tag-lieux-de-tournage","16":"tag-television","17":"tag-tv"},"share_on_mastodon":{"url":"https:\/\/pubeurope.com\/@fr\/114334685263458571","error":""},"_links":{"self":[{"href":"https:\/\/www.europesays.com\/fr\/wp-json\/wp\/v2\/posts\/23714","targetHints":{"allow":["GET"]}}],"collection":[{"href":"https:\/\/www.europesays.com\/fr\/wp-json\/wp\/v2\/posts"}],"about":[{"href":"https:\/\/www.europesays.com\/fr\/wp-json\/wp\/v2\/types\/post"}],"author":[{"embeddable":true,"href":"https:\/\/www.europesays.com\/fr\/wp-json\/wp\/v2\/users\/2"}],"replies":[{"embeddable":true,"href":"https:\/\/www.europesays.com\/fr\/wp-json\/wp\/v2\/comments?post=23714"}],"version-history":[{"count":0,"href":"https:\/\/www.europesays.com\/fr\/wp-json\/wp\/v2\/posts\/23714\/revisions"}],"wp:featuredmedia":[{"embeddable":true,"href":"https:\/\/www.europesays.com\/fr\/wp-json\/wp\/v2\/media\/23715"}],"wp:attachment":[{"href":"https:\/\/www.europesays.com\/fr\/wp-json\/wp\/v2\/media?parent=23714"}],"wp:term":[{"taxonomy":"category","embeddable":true,"href":"https:\/\/www.europesays.com\/fr\/wp-json\/wp\/v2\/categories?post=23714"},{"taxonomy":"post_tag","embeddable":true,"href":"https:\/\/www.europesays.com\/fr\/wp-json\/wp\/v2\/tags?post=23714"}],"curies":[{"name":"wp","href":"https:\/\/api.w.org\/{rel}","templated":true}]}}