{"id":237149,"date":"2025-07-09T08:30:23","date_gmt":"2025-07-09T08:30:23","guid":{"rendered":"https:\/\/www.europesays.com\/fr\/237149\/"},"modified":"2025-07-09T08:30:23","modified_gmt":"2025-07-09T08:30:23","slug":"chaque-photo-raconte-une-histoire-invisible-dans-la-foret-le-cognacais-jean-claude-gutierrez-capture-lintime-de-la-vie-sauvage","status":"publish","type":"post","link":"https:\/\/www.europesays.com\/fr\/237149\/","title":{"rendered":"\u00ab Chaque photo raconte une histoire \u00bb : invisible dans la for\u00eat, le Cogna\u00e7ais Jean-Claude Gutierrez capture l\u2019intime de la vie sauvage"},"content":{"rendered":"<ul class=\"slides\">\n<li>\n<p>        <img decoding=\"async\" id=\"24981751\" src=\"https:\/\/www.europesays.com\/fr\/wp-content\/uploads\/2025\/07\/r-joubert-250624-028.jpg\" alt=\"Indispensable tenue de camouflage.\" itemprop=\"contentURL\"\/><\/p>\n<p>    Indispensable tenue de camouflage.<\/p>\n<p>Renaud Joubert<\/p>\n<\/li>\n<li>\n<p>        <img decoding=\"async\" id=\"25137515\" src=\"https:\/\/www.europesays.com\/fr\/wp-content\/uploads\/2025\/07\/clic-clac.jpg\" itemprop=\"contentURL\"\/><\/p>\n<\/li>\n<\/ul>\n<p>Sa sp\u00e9cialit\u00e9\u00a0: la photo animali\u00e8re. Des oiseaux de toutes les couleurs et de toutes les tailles, des chevreuils, des \u00e9cureuils (voir ci-dessous), des renards, des sangliers, des insectes\u2026 \u00ab\u00a0\u00ab\u00a0J\u2019ai d\u00fb r\u00e9aliser 250\u00a0000 tirages dans ma vie\u00bb. Bient\u00f4t 50\u00a0ans que \u00e7a dure. \u00ab\u00a0J\u2019ai commenc\u00e9 en 1976, d\u2019abord par de la macro, explique l\u2019ancien verrier de chez Saint-Gobain, \u00e2g\u00e9 de 74\u00a0ans. <\/p>\n<p>\u00ab\u00a0Et puis je me suis pris de passion pour les animaux, pour la nature\u00a0\u00bb. Il aime et sait capter une expression, une attitude, l\u2019\u00e9motion. \u00ab\u00a0Chaque image raconte une histoire\u00a0\u00bb.<\/p>\n<ul class=\"slides\">\n<li>\n<p>        <img decoding=\"async\" id=\"25167025\" src=\"https:\/\/www.europesays.com\/fr\/wp-content\/uploads\/2025\/07\/chev-gut-1.jpg\" itemprop=\"contentURL\"\/><\/p>\n<p>Jean-Claude Gutierrez.<\/p>\n<\/li>\n<li>\n<p>        <img decoding=\"async\" id=\"25167026\" src=\"https:\/\/www.europesays.com\/fr\/wp-content\/uploads\/2025\/07\/chev-gut-2.jpg\" itemprop=\"contentURL\"\/><\/p>\n<p>Jean-Claude Gutierrez.<\/p>\n<\/li>\n<li>\n<p>        <img decoding=\"async\" id=\"25167028\" src=\"https:\/\/www.europesays.com\/fr\/wp-content\/uploads\/2025\/07\/gut-chev-3.jpg\" itemprop=\"contentURL\"\/><\/p>\n<p>Jean-Claude Gutierrez.<\/p>\n<\/li>\n<li>\n<p>        <img decoding=\"async\" id=\"25167029\" src=\"https:\/\/www.europesays.com\/fr\/wp-content\/uploads\/2025\/07\/gut-chev-4.jpg\" itemprop=\"contentURL\"\/><\/p>\n<p>Jean-Claude Gutierrez.<\/p>\n<\/li>\n<li>\n<p>        <img decoding=\"async\" id=\"25167031\" src=\"https:\/\/www.europesays.com\/fr\/wp-content\/uploads\/2025\/07\/gut-chev-5.jpg\" itemprop=\"contentURL\"\/><\/p>\n<p>Jean-Claude Gutierrez.<\/p>\n<\/li>\n<\/ul>\n<p>Pour \u00eatre certain de d\u00e9nicher la bonne image, au bon moment, le Boutierois a beaucoup planch\u00e9 sur le comportement des animaux\u00a0: \u00e0 quels moments, ils se nourrissent, quand ils font la sieste. Il est devenu un expert mais ne se prend pas pour un pro. \u00ab\u00a0Je suis un autodidacte, je n\u2019ai jamais appris la photo. J\u2019en ai manqu\u00e9 beaucoup avant d\u2019avoir un peu de technique. <\/p>\n<blockquote><p>\u00ab\u00a0La chevrette s\u2019est endormie \u00e0 trois m\u00e8tres de moi. Elle m\u2019a accept\u00e9.\u00a0\u00bb<\/p><\/blockquote>\n<p>C\u2019est une passion et \u00e7a doit le rester\u00a0\u00bb, assure Jean-Claude Gutierrez qui jure, n\u2019avoir \u00ab\u00a0jamais vendu une photo\u00a0\u00bb. \u00ab\u00a0Ce que j\u2019aime c\u2019est partager\u00a0\u00bb.<\/p>\n<ul class=\"slides\">\n<li>\n<p>        <img decoding=\"async\" id=\"25167032\" src=\"https:\/\/www.europesays.com\/fr\/wp-content\/uploads\/2025\/07\/gut-sang-1.jpg\" itemprop=\"contentURL\"\/><\/p>\n<p>Jean-Claude Gutierrez.<\/p>\n<\/li>\n<li>\n<p>        <img decoding=\"async\" id=\"25167033\" src=\"https:\/\/www.europesays.com\/fr\/wp-content\/uploads\/2025\/07\/gut-sang-2.jpg\" itemprop=\"contentURL\"\/><\/p>\n<p>Jean-Claude Gutierrez.<\/p>\n<\/li>\n<\/ul>\n<p>Les clich\u00e9s dont il est le plus fier\u00a0? Il h\u00e9site. Raconte d\u2019abord ses voyages \u00ab\u00a0hors des sentiers battus\u00a0\u00bb\u00a0: \u00ab\u00a0Un phacoch\u00e8re endormi dans une fourmili\u00e8re\u00a0\u00bb, \u00ab\u00a0un lion rugissant au Mali\u00a0\u00bb. En Charente, il d\u00e9crit avec le m\u00eame enthousiasme sa rencontre avec un martin-p\u00eacheur, son regard sur un accouplement de libellules, un \u00e9change de regards avec un renard. <\/p>\n<p>        <img decoding=\"async\" id=\"25167135\" src=\"https:\/\/www.europesays.com\/fr\/wp-content\/uploads\/2025\/07\/renard.jpg\" itemprop=\"contentURL\"\/><\/p>\n<p>Jean-Claude Gutierrez.<\/p>\n<p>Et n\u2019oubliera jamais sa rencontre avec une chevrette, au c\u0153ur du parc Fran\u00e7ois-Ier. \u00ab\u00a0Elle s\u2019est approch\u00e9e de moi. Tr\u00e8s pr\u00e8s. Elle a senti mes chaussures. Puis s\u2019est couch\u00e9e \u00e0 trois m\u00e8tres. Elle s\u2019est laiss\u00e9e photographier. Et puis, d\u2019un seul coup, elle s\u2019est endormie\u00a0\u00bb.<\/p>\n<p>        <img decoding=\"async\" id=\"25137496\" src=\"https:\/\/www.europesays.com\/fr\/wp-content\/uploads\/2025\/07\/ecureil-roux.jpg\" itemprop=\"contentURL\"\/><\/p>\n<p>Jean-Claude Gutierrez<\/p>\n<p>    La r\u00e9daction vous conseille<\/p>\n<p>Cach\u00e9 derri\u00e8re sa tenue de camouflage, au milieu de la nature o\u00f9, chaque jour, il se r\u00e9g\u00e9n\u00e8re, Jean-Claude Gutierrez explique que les animaux de la for\u00eat ont fini par l\u2019accepter. \u00ab\u00a0Ils savent que je ne repr\u00e9sente pas un danger\u00a0\u00bb.<\/p>\n<p>    A l\u2019aise, benaise, balaise : tr\u00e8s expressif \u00e9cureuil roux<br \/>\nCet \u00e9cureuil a l\u2019air balaise. Et benaise sur sa branche. Parmi les belles photos r\u00e9alis\u00e9es cette ann\u00e9e par Jean-Claude Gutierrez, voici celle d\u2019un Sciurus vulgaris (un \u00e9cureuil roux) saisi quelque part au beau milieu du parc Fran\u00e7ois-Ier de Cognac en d\u00e9cembre dernier. Image rare, tant le rongeur \u00e0 la longue queue touffue a l\u2019habitude de filer plus vite que la lumi\u00e8re et de se cacher au moindre bruit.<\/p>\n","protected":false},"excerpt":{"rendered":"Indispensable tenue de camouflage. Renaud Joubert Sa sp\u00e9cialit\u00e9\u00a0: la photo animali\u00e8re. Des oiseaux de toutes les couleurs et&hellip;\n","protected":false},"author":2,"featured_media":237150,"comment_status":"","ping_status":"","sticky":false,"template":"","format":"standard","meta":{"footnotes":""},"categories":[1358],"tags":[1348,1384,1385,1386,58,59,1011,27],"class_list":{"0":"post-237149","1":"post","2":"type-post","3":"status-publish","4":"format-standard","5":"has-post-thumbnail","7":"category-arts-et-design","8":"tag-arts","9":"tag-arts-and-design","10":"tag-arts-et-design","11":"tag-design","12":"tag-divertissement","13":"tag-entertainment","14":"tag-fr","15":"tag-france"},"share_on_mastodon":{"url":"https:\/\/pubeurope.com\/@fr\/114822344219075797","error":""},"_links":{"self":[{"href":"https:\/\/www.europesays.com\/fr\/wp-json\/wp\/v2\/posts\/237149","targetHints":{"allow":["GET"]}}],"collection":[{"href":"https:\/\/www.europesays.com\/fr\/wp-json\/wp\/v2\/posts"}],"about":[{"href":"https:\/\/www.europesays.com\/fr\/wp-json\/wp\/v2\/types\/post"}],"author":[{"embeddable":true,"href":"https:\/\/www.europesays.com\/fr\/wp-json\/wp\/v2\/users\/2"}],"replies":[{"embeddable":true,"href":"https:\/\/www.europesays.com\/fr\/wp-json\/wp\/v2\/comments?post=237149"}],"version-history":[{"count":0,"href":"https:\/\/www.europesays.com\/fr\/wp-json\/wp\/v2\/posts\/237149\/revisions"}],"wp:featuredmedia":[{"embeddable":true,"href":"https:\/\/www.europesays.com\/fr\/wp-json\/wp\/v2\/media\/237150"}],"wp:attachment":[{"href":"https:\/\/www.europesays.com\/fr\/wp-json\/wp\/v2\/media?parent=237149"}],"wp:term":[{"taxonomy":"category","embeddable":true,"href":"https:\/\/www.europesays.com\/fr\/wp-json\/wp\/v2\/categories?post=237149"},{"taxonomy":"post_tag","embeddable":true,"href":"https:\/\/www.europesays.com\/fr\/wp-json\/wp\/v2\/tags?post=237149"}],"curies":[{"name":"wp","href":"https:\/\/api.w.org\/{rel}","templated":true}]}}