{"id":237175,"date":"2025-07-09T08:44:09","date_gmt":"2025-07-09T08:44:09","guid":{"rendered":"https:\/\/www.europesays.com\/fr\/237175\/"},"modified":"2025-07-09T08:44:09","modified_gmt":"2025-07-09T08:44:09","slug":"un-bus-stas-detruit-par-un-incendie-dans-cette-ville-pres-de-saint-etienne","status":"publish","type":"post","link":"https:\/\/www.europesays.com\/fr\/237175\/","title":{"rendered":"un bus STAS d\u00e9truit par un incendie dans cette ville pr\u00e8s de Saint-Etienne"},"content":{"rendered":"<p>            Par<br \/>\n        <strong><br \/>\n            <a href=\"https:\/\/actu.fr\/auteur\/mathias-souteyrat\" title=\"Consulter tous les articles de Mathias Souteyrat\" target=\"_blank\" rel=\"noopener\">Mathias Souteyrat<\/a><br \/>\n        <\/strong><\/p>\n<p>        Publi\u00e9 le<\/p>\n<p>            9 juil. 2025 \u00e0 10h24        <\/p>\n<p>Le mardi 8\u00a0juillet, vers 10\u2009h\u200930, un incendie a touch\u00e9 un bus de la STAS dans la commune du <a href=\"https:\/\/actu.fr\/auvergne-rhone-alpes\/le-chambon-feugerolles_42044\" target=\"_blank\" rel=\"noopener\">Chambon-Feugerolles<\/a> (Loire), pr\u00e8s de <a href=\"https:\/\/actu.fr\/saint-etienne\/\" target=\"_blank\" rel=\"noopener\">Saint-Etienne<\/a>.<\/p>\n<p class=\" wall-content\">\u00c0 l\u2019arriv\u00e9e des secours, le v\u00e9hicule est totalement embrass\u00e9. Le feu a \u00e9t\u00e9 \u00e9teint au moyen de deux lances.<\/p>\n<p>Le conducteur et les passagers \u00e9vacu\u00e9s<\/p>\n<p class=\" wall-content\">Le conducteur et les passagers ont \u00e9t\u00e9 \u00e9vacu\u00e9s avant \u00e0 l\u2019arriv\u00e9e des secours.<\/p>\n<p class=\" wall-content\">La rue James-Jackson a \u00e9t\u00e9 ferm\u00e9e dans les deux sens de circulation le temps de l\u2019intervention.<\/p>\n<p>La fum\u00e9e p\u00e9n\u00e8tre dans une habitation<\/p>\n<p class=\" wall-content\">La fum\u00e9e a p\u00e9n\u00e9tr\u00e9 dans une habitation proche de l\u2019incendie. Cela a n\u00e9cessit\u00e9 la prise \u00e0 charge de quatre personnes.<\/p>\n<p>Vid\u00e9os : en ce moment sur Actu<\/p>\n<p class=\" wall-content\">Apr\u00e8s avoir \u00e9t\u00e9 test\u00e9e au RAD 57 (oxym\u00e8tre de pouls pour d\u00e9tecter le taux de CO2 dans le sang), aucune victime n\u2019a \u00e9t\u00e9 transport\u00e9e \u00e0 l\u2019h\u00f4pital.<\/p>\n<p class=\" wall-content\">La police et le technicien de la STAS se sont rendus sur les lieux.<\/p>\n<p class=\" wall-content\">Suivez toute l\u2019actualit\u00e9 de vos villes et m\u00e9dias favoris en vous inscrivant \u00e0 <a href=\"https:\/\/moncompte.actu.fr\" title=\"D\u00e9couvez Mon Actu\" rel=\"nofollow noopener\" data-trk=\"{&quot;cta&quot;:{&quot;action&quot;:&quot;https:\\\/\\\/moncompte.actu.fr&quot;,&quot;category&quot;:&quot;mon compte&quot;,&quot;from&quot;:&quot;article footer&quot;,&quot;name&quot;:&quot;Mon actu&quot;,&quot;type&quot;:&quot;cta&quot;}}\" target=\"_blank\">Mon Actu<\/a>.<\/p>\n","protected":false},"excerpt":{"rendered":"Par Mathias Souteyrat Publi\u00e9 le 9 juil. 2025 \u00e0 10h24 Le mardi 8\u00a0juillet, vers 10\u2009h\u200930, un incendie a&hellip;\n","protected":false},"author":2,"featured_media":237176,"comment_status":"","ping_status":"","sticky":false,"template":"","format":"standard","meta":{"footnotes":""},"categories":[9653],"tags":[1111,11,2430,1777,674,118,1011,27,1310,12,1311,25,4001,25515],"class_list":{"0":"post-237175","1":"post","2":"type-post","3":"status-publish","4":"format-standard","5":"has-post-thumbnail","7":"category-saint-etienne","8":"tag-actu","9":"tag-actualites","10":"tag-auvergne-rhone-alpes","11":"tag-eu","12":"tag-europe","13":"tag-faits-divers","14":"tag-fr","15":"tag-france","16":"tag-incendie","17":"tag-news","18":"tag-pompiers","19":"tag-republique-francaise","20":"tag-saint-etienne","21":"tag-societe-de-transport-de-lagglomeration-stephanoise-stas"},"share_on_mastodon":{"url":"https:\/\/pubeurope.com\/@fr\/114822398811234115","error":""},"_links":{"self":[{"href":"https:\/\/www.europesays.com\/fr\/wp-json\/wp\/v2\/posts\/237175","targetHints":{"allow":["GET"]}}],"collection":[{"href":"https:\/\/www.europesays.com\/fr\/wp-json\/wp\/v2\/posts"}],"about":[{"href":"https:\/\/www.europesays.com\/fr\/wp-json\/wp\/v2\/types\/post"}],"author":[{"embeddable":true,"href":"https:\/\/www.europesays.com\/fr\/wp-json\/wp\/v2\/users\/2"}],"replies":[{"embeddable":true,"href":"https:\/\/www.europesays.com\/fr\/wp-json\/wp\/v2\/comments?post=237175"}],"version-history":[{"count":0,"href":"https:\/\/www.europesays.com\/fr\/wp-json\/wp\/v2\/posts\/237175\/revisions"}],"wp:featuredmedia":[{"embeddable":true,"href":"https:\/\/www.europesays.com\/fr\/wp-json\/wp\/v2\/media\/237176"}],"wp:attachment":[{"href":"https:\/\/www.europesays.com\/fr\/wp-json\/wp\/v2\/media?parent=237175"}],"wp:term":[{"taxonomy":"category","embeddable":true,"href":"https:\/\/www.europesays.com\/fr\/wp-json\/wp\/v2\/categories?post=237175"},{"taxonomy":"post_tag","embeddable":true,"href":"https:\/\/www.europesays.com\/fr\/wp-json\/wp\/v2\/tags?post=237175"}],"curies":[{"name":"wp","href":"https:\/\/api.w.org\/{rel}","templated":true}]}}