{"id":237177,"date":"2025-07-09T08:47:17","date_gmt":"2025-07-09T08:47:17","guid":{"rendered":"https:\/\/www.europesays.com\/fr\/237177\/"},"modified":"2025-07-09T08:47:17","modified_gmt":"2025-07-09T08:47:17","slug":"ca-va-permettre-de-changer-limage-que-les-gens-ont-de-la-ville","status":"publish","type":"post","link":"https:\/\/www.europesays.com\/fr\/237177\/","title":{"rendered":"\u00ab \u00c7a va permettre de changer l\u2019image que les gens ont de la ville \u00bb"},"content":{"rendered":"<p class=\"article-p mdl\">C\u2019est tout sourire que Soprano a pr\u00e9sent\u00e9 en avant-premi\u00e8re le film \u00ab Marius et les gardiens de la cit\u00e9 phoc\u00e9enne \u00bb, mercredi 2 juillet, notamment \u00e0 l\u2019UGC Cin\u00e9 Cit\u00e9 de Ludres pr\u00e8s de Nancy. Le rappeur tient pour la premi\u00e8re fois son premier r\u00f4le au cin\u00e9ma. Il \u00e9tait accompagn\u00e9 des acteurs Nassim Bouguezzi, Nordine Sahli alias Nono des D\u00e9guns et Walid Ben Amar mais \u00e9galement du r\u00e9alisateur Tony Datis qu\u2019il conna\u00eet depuis une vingtaine d\u2019ann\u00e9es. La collaboration entre les deux hommes \u00e9tait donc \u00e9vidente. \u00ab Il a fait quasiment tous mes clips donc on s\u2019entend super bien. A chaque fois, on parle de films qui nous ont berc\u00e9. Et quand il est venu me parler des Goonies \u00e0 Marseille, je me suis dit \u00ab Quelle id\u00e9e magnifique ! Enfin un film d\u2019aventure \u00e0 Marseille avec des jeunes des quartiers populaires. \u00bb \u00c7a va permettre de changer un peu l\u2019image que les gens ont de Marseille \u00bb, esp\u00e8re l\u2019artiste.<\/p>\n<p>                <img decoding=\"async\" alt=\"\" class=\"media-item lazy\" src=\"https:\/\/www.europesays.com\/fr\/wp-content\/uploads\/2025\/07\/1768475-l-affiche-du-film.jpg\"\/><\/p>\n<p>\n            Soprano est \u00e0 l&rsquo;affiche du film r\u00e9alis\u00e9 par Tony Datis<\/p>\n<p>\n            Cr\u00e9dit : <\/p>\n<p class=\"article-p mdl\">\u00a0Le chanteur joue donc le r\u00f4le d\u2019un guide touristique tr\u00e8s grognon qui part \u00e0 la recherche d\u2019un tr\u00e9sor \u00e0 Marseille en compagnie de 3 enfants. \u00ab Marius est impatient, n\u00e9gatif, jamais content, un peu vicelard. Moi au contraire, je suis positif, patient voir tr\u00e8s, tr\u00e8s patient \u00bb, d\u00e9taille l\u2019acteur qui a d\u00fb aller \u00e0 l\u2019encontre de son caract\u00e8re naturel.<br \/>Ils sont poursuivis par 3 brigands bras cass\u00e9s. \u00ab On se retrouve dans des situations tr\u00e8s compliqu\u00e9es, tr\u00e8s comiques. Des situations qu\u2019on n\u2019a pas forc\u00e9ment l\u2019habitude de voir donc \u00e7a sortait de l\u2019ordinaire. \u00bb, raconte l\u2019acteur Nassim Bouguezzi. \u00ab On a bien rigol\u00e9. Je pense que \u00e7a se voit \u00e0 l\u2019\u00e9cran. \u00bb\n<\/p>\n<p>            \u00ab J\u2019avais un peu les frissons \u00bb<\/p>\n<p class=\"article-p mdl\">Dans ce film familial d\u2019aventure, la ville de Marseille devient \u00e0 l\u2019\u00e9cran, un v\u00e9ritable personnage. \u00ab C\u2019est la star du film ! \u00bb, confirme le rappeur. Pour s\u2019impr\u00e9gner de l\u2019ambiance de la ville, le r\u00e9alisateur y a pass\u00e9 du temps : \u00ab Je ne suis pas marseillais. Sopra m\u2019a invit\u00e9 3-4 mois \u00e0 d\u00e9couvrir la ville, \u00e0 cohabiter avec elle. C\u2019est une ville tr\u00e8s sinc\u00e8re, tr\u00e8s chaleureuse. Il n\u2019y avait pas grand-chose \u00e0 faire pour la rendre belle \u00e0 l\u2019image. \u00bb<br \/>\n<br \/>Le tournage a donc eu lieu dans la cit\u00e9 phoc\u00e9enne. Parmi les lieux reconnaissables : la c\u00e9l\u00e8bre Notre-Dame-de-la-Garde o\u00f9 une partie des sc\u00e8nes ont \u00e9t\u00e9 mises en bo\u00eete. \u00ab Elle nous a fait l\u2019honneur de nous accorder la chance de tourner \u00e0 l\u2019int\u00e9rieur, ce qui n\u2019avait pas \u00e9t\u00e9 fait depuis une cinquantaine d\u2019ann\u00e9es \u00bb, confie Tony Datis. Soprano lui se souvient d\u2019un moment unique : \u00ab J\u2019avais un peu les frissons parce que depuis tout petit, on la voit et j\u2019en parle dans ma musique. Je n\u2019avais jamais mis un pied \u00e0 l\u2019int\u00e9rieur et l\u00e0 pour le film ils nous ont ouvert les portes, c\u2019\u00e9tait un honneur ! \u00bb<\/p>\n<p>        \u00c0 regarder<\/p>\n<p>                            Le film est \u00e0 d\u00e9couvrir au cin\u00e9ma \u00e0 partir de ce 9 juillet\n                        <\/p>\n<p>\n                            00:01:56\n                        <\/p>\n<p class=\"article-p mdl\">Soprano signe donc ici son premier r\u00f4le de composition au cin\u00e9ma. Pourtant, l\u2019artiste n\u2019a pas eu trop de difficult\u00e9s \u00e0 rentrer dans le jeu. \u00ab Je restais un peu concentr\u00e9 pour les textes o\u00f9 je racontais l\u2019histoire avec des dates mais apr\u00e8s les sc\u00e8nes avec eux [les autres acteurs], on rigolait comme s\u2019il n\u2019y avait pas de cam\u00e9ras \u00bb, raconte le rappeur.<br \/>Pour nourrir l&rsquo;intrigue et \u00e9crire le sc\u00e9nario, le r\u00e9alisateur Tony Datis a fait des recherches sur la ville comme le confirme Soprano : \u00ab Tout ce que je raconte est pratiquement vrai. Il y a pleins de choses qui sont romanc\u00e9s mais la base, c\u2019est vraiment l\u2019histoire de Marseille et nous, on a appris beaucoup.\u00bb<br \/>\n<br \/>En cas de succ\u00e8s, un deuxi\u00e8me volet pourrait voir le jour.\n<\/p>\n<p>    La r\u00e9daction vous recommande<\/p>\n<p>\n                                    Lire la suite\n                                <\/p>\n","protected":false},"excerpt":{"rendered":"C\u2019est tout sourire que Soprano a pr\u00e9sent\u00e9 en avant-premi\u00e8re le film \u00ab Marius et les gardiens de la&hellip;\n","protected":false},"author":2,"featured_media":237178,"comment_status":"","ping_status":"","sticky":false,"template":"","format":"standard","meta":{"footnotes":""},"categories":[9635],"tags":[1111,11,1777,674,1011,27,775,776,1702,12,16,25],"class_list":{"0":"post-237177","1":"post","2":"type-post","3":"status-publish","4":"format-standard","5":"has-post-thumbnail","7":"category-nancy","8":"tag-actu","9":"tag-actualites","10":"tag-eu","11":"tag-europe","12":"tag-fr","13":"tag-france","14":"tag-grand-est","15":"tag-lorraine","16":"tag-nancy","17":"tag-news","18":"tag-region","19":"tag-republique-francaise"},"share_on_mastodon":{"url":"https:\/\/pubeurope.com\/@fr\/114822410661145928","error":""},"_links":{"self":[{"href":"https:\/\/www.europesays.com\/fr\/wp-json\/wp\/v2\/posts\/237177","targetHints":{"allow":["GET"]}}],"collection":[{"href":"https:\/\/www.europesays.com\/fr\/wp-json\/wp\/v2\/posts"}],"about":[{"href":"https:\/\/www.europesays.com\/fr\/wp-json\/wp\/v2\/types\/post"}],"author":[{"embeddable":true,"href":"https:\/\/www.europesays.com\/fr\/wp-json\/wp\/v2\/users\/2"}],"replies":[{"embeddable":true,"href":"https:\/\/www.europesays.com\/fr\/wp-json\/wp\/v2\/comments?post=237177"}],"version-history":[{"count":0,"href":"https:\/\/www.europesays.com\/fr\/wp-json\/wp\/v2\/posts\/237177\/revisions"}],"wp:featuredmedia":[{"embeddable":true,"href":"https:\/\/www.europesays.com\/fr\/wp-json\/wp\/v2\/media\/237178"}],"wp:attachment":[{"href":"https:\/\/www.europesays.com\/fr\/wp-json\/wp\/v2\/media?parent=237177"}],"wp:term":[{"taxonomy":"category","embeddable":true,"href":"https:\/\/www.europesays.com\/fr\/wp-json\/wp\/v2\/categories?post=237177"},{"taxonomy":"post_tag","embeddable":true,"href":"https:\/\/www.europesays.com\/fr\/wp-json\/wp\/v2\/tags?post=237177"}],"curies":[{"name":"wp","href":"https:\/\/api.w.org\/{rel}","templated":true}]}}