{"id":237179,"date":"2025-07-09T08:48:10","date_gmt":"2025-07-09T08:48:10","guid":{"rendered":"https:\/\/www.europesays.com\/fr\/237179\/"},"modified":"2025-07-09T08:48:10","modified_gmt":"2025-07-09T08:48:10","slug":"la-ville-du-beausset-se-maintient-dans-le-label-3-fleurs","status":"publish","type":"post","link":"https:\/\/www.europesays.com\/fr\/237179\/","title":{"rendered":"La Ville du Beausset se maintient dans le label 3 Fleurs"},"content":{"rendered":"<p>                    <img loading=\"lazy\" decoding=\"async\" src=\"https:\/\/www.europesays.com\/fr\/wp-content\/uploads\/2025\/07\/f6c0e016496abeebd1365d593fc1ef.jpg\" class=\"img-responsive post-image\" width=\"680\" height=\"510\" alt=\"La Ville du Beausset (\u2026)\" title=\"La Ville du Beausset se maintient dans le label 3 Fleurs\"\/><\/p>\n<p class=\"chapo\">Le prix du Label de Qualit\u00e9 de Vie \u00ab\u00a0Villes et Villages Fleuris\u00a0\u00bb a \u00e9t\u00e9 remis par Fran\u00e7ois de Canson, vice-pr\u00e9sident de la R\u00e9gion et pr\u00e9sident du Comit\u00e9 R\u00e9gional de Tourisme (CRT), \u00e0 Danielle Serres, premi\u00e8re adjointe, \u00e0 l\u2019H\u00f4tel de R\u00e9gion.<\/p>\n<p class=\"texte\">Le label \u201cVille et village fleuris\u201d r\u00e9compense l\u2019engagement des collectivit\u00e9s en faveur de l\u2019am\u00e9lioration du cadre de vie. Il prend en compte la place accord\u00e9e au v\u00e9g\u00e9tal dans l\u2019am\u00e9nagement des espaces publics, la protection de l\u2019environnement, la pr\u00e9servation des ressources naturelles et de la biodiversit\u00e9, la valorisation du patrimoine botanique fran\u00e7ais, la reconqu\u00eate des c\u0153urs de ville, l\u2019attractivit\u00e9 touristique et l\u2019implication du citoyen au c\u0153ur des projets.<\/p>\n<p>La ville du Beausset est port\u00e9e par une attention minutieuse envers son environnement et ses espaces verts, qui lui a permis dans cette d\u00e9marche de maintenir cette distinction du prestigieux label \u00ab\u00a0Villes et Villages Fleuris\u00a0\u00bb, symbolis\u00e9e par le label 3 Fleurs. Cette distinction qui met en lumi\u00e8re une politique environnementale bas\u00e9e sur la pr\u00e9servation de la biodiversit\u00e9, l\u2019attention port\u00e9e aux paysages, et les initiatives visant \u00e0 am\u00e9liorer la qualit\u00e9 de vie que notre ville offre \u00e0 ses r\u00e9sidents et visiteurs.<\/p>\n<p>Photo de Une \u00a9R\u00e9gion Sud.<\/p>\n","protected":false},"excerpt":{"rendered":"Le prix du Label de Qualit\u00e9 de Vie \u00ab\u00a0Villes et Villages Fleuris\u00a0\u00bb a \u00e9t\u00e9 remis par Fran\u00e7ois de&hellip;\n","protected":false},"author":2,"featured_media":237180,"comment_status":"","ping_status":"","sticky":false,"template":"","format":"standard","meta":{"footnotes":""},"categories":[9619],"tags":[1111,11,2408,1777,674,1011,27,12,882,25,2310],"class_list":{"0":"post-237179","1":"post","2":"type-post","3":"status-publish","4":"format-standard","5":"has-post-thumbnail","7":"category-toulon","8":"tag-actu","9":"tag-actualites","10":"tag-appels-d","11":"tag-eu","12":"tag-europe","13":"tag-fr","14":"tag-france","15":"tag-news","16":"tag-provence-alpes-cote-dazur","17":"tag-republique-francaise","18":"tag-toulon"},"share_on_mastodon":{"url":"https:\/\/pubeurope.com\/@fr\/114822414668527330","error":""},"_links":{"self":[{"href":"https:\/\/www.europesays.com\/fr\/wp-json\/wp\/v2\/posts\/237179","targetHints":{"allow":["GET"]}}],"collection":[{"href":"https:\/\/www.europesays.com\/fr\/wp-json\/wp\/v2\/posts"}],"about":[{"href":"https:\/\/www.europesays.com\/fr\/wp-json\/wp\/v2\/types\/post"}],"author":[{"embeddable":true,"href":"https:\/\/www.europesays.com\/fr\/wp-json\/wp\/v2\/users\/2"}],"replies":[{"embeddable":true,"href":"https:\/\/www.europesays.com\/fr\/wp-json\/wp\/v2\/comments?post=237179"}],"version-history":[{"count":0,"href":"https:\/\/www.europesays.com\/fr\/wp-json\/wp\/v2\/posts\/237179\/revisions"}],"wp:featuredmedia":[{"embeddable":true,"href":"https:\/\/www.europesays.com\/fr\/wp-json\/wp\/v2\/media\/237180"}],"wp:attachment":[{"href":"https:\/\/www.europesays.com\/fr\/wp-json\/wp\/v2\/media?parent=237179"}],"wp:term":[{"taxonomy":"category","embeddable":true,"href":"https:\/\/www.europesays.com\/fr\/wp-json\/wp\/v2\/categories?post=237179"},{"taxonomy":"post_tag","embeddable":true,"href":"https:\/\/www.europesays.com\/fr\/wp-json\/wp\/v2\/tags?post=237179"}],"curies":[{"name":"wp","href":"https:\/\/api.w.org\/{rel}","templated":true}]}}