{"id":237194,"date":"2025-07-09T08:58:08","date_gmt":"2025-07-09T08:58:08","guid":{"rendered":"https:\/\/www.europesays.com\/fr\/237194\/"},"modified":"2025-07-09T08:58:08","modified_gmt":"2025-07-09T08:58:08","slug":"voici-les-meilleurs-restaurants-de-strasbourg-selon-les-utilisateurs","status":"publish","type":"post","link":"https:\/\/www.europesays.com\/fr\/237194\/","title":{"rendered":"voici les meilleurs restaurants de Strasbourg selon les utilisateurs"},"content":{"rendered":"<p>            Par<br \/>\n        <strong><br \/>\n            <a href=\"https:\/\/actu.fr\/auteur\/emil-vautrin\" title=\"Consulter tous les articles de Emil Vautrin\" rel=\"nofollow noopener\" target=\"_blank\">Emil Vautrin<\/a><br \/>\n        <\/strong><\/p>\n<p>        Publi\u00e9 le<\/p>\n<p>            9 juil. 2025 \u00e0 10h41        <\/p>\n<p>Pour la deuxi\u00e8me fois, le concours des \u00ab\u00a0<strong>p\u00e9pites du quartier<\/strong>\u00ab\u00a0, mis en place par <strong>Deliveroo<\/strong>, entreprise de livraison de plats cuisin\u00e9s, vient d\u2019avoir lieu.<\/p>\n<p class=\" wall-content\">Du 2 au 18 juin, les utilisateurs de la plateforme ainsi qu\u2019un jury de quatre personnes pouvaient voter pour leurs <a href=\"https:\/\/actu.fr\/tag\/restaurant\" rel=\"nofollow noopener\" target=\"_blank\">restaurants<\/a> pr\u00e9f\u00e9r\u00e9s \u00e0 Strasbourg. Les r\u00e9sultats ont \u00e9t\u00e9 rendus publics le 1er juillet lors d\u2019une c\u00e9r\u00e9monie \u00e0 Paris. <strong>Neuf restaurants strasbourgeois<\/strong> ont \u00e9t\u00e9 r\u00e9compens\u00e9s au total.\u00a0<\/p>\n<p>Des cat\u00e9gories originales<\/p>\n<p class=\" wall-content\">Les neuf laur\u00e9ats \u00e9taient class\u00e9s selon leur style de <a href=\"https:\/\/actu.fr\/tag\/cuisine\" rel=\"nofollow noopener\" target=\"_blank\">cuisine<\/a>. On retrouve du classique comme le meilleur burger ou la meilleure pizza, mais aussi des choses plus atypiques comme la meilleure cantine locale ou la meilleure fringale nocturne.\u00a0<\/p>\n<p class=\" wall-content\">Le palmar\u00e8s :\u00a0 \u00a0<\/p>\n<ul class=\" wall-content\">\n<li>Meilleur burger : <strong>Starling Burger<\/strong><\/li>\n<li>Meilleure pizza : <strong>Capricciosa<\/strong><\/li>\n<li>Meilleure fringale nocturne : <strong>Say cheese<\/strong><\/li>\n<li>Meilleure street food : <strong>Pepe<\/strong> <strong>Chicken<\/strong><\/li>\n<li>Meilleur Healthy and Veggie (di\u00e9t\u00e9tique et vegan) : <strong>Madame Julia<\/strong><\/li>\n<li>Meilleur commerce de bouche : <strong>Bottega<\/strong> <strong>Renzini<\/strong><\/li>\n<li>Meilleure cantine locale : <strong>Le Sultan<\/strong><\/li>\n<\/ul>\n<p>Vid\u00e9os : en ce moment sur Actu<\/p>\n<p class=\" wall-content\">Alors, \u00eates-vous d\u2019accord avec ces choix ?\u00a0<\/p>\n<p class=\" wall-content\">Suivez toute l\u2019actualit\u00e9 de vos villes et m\u00e9dias favoris en vous inscrivant \u00e0 <a href=\"https:\/\/moncompte.actu.fr\" title=\"D\u00e9couvez Mon Actu\" rel=\"nofollow noopener\" data-trk=\"{&quot;cta&quot;:{&quot;action&quot;:&quot;https:\\\/\\\/moncompte.actu.fr&quot;,&quot;category&quot;:&quot;mon compte&quot;,&quot;from&quot;:&quot;article footer&quot;,&quot;name&quot;:&quot;Mon actu&quot;,&quot;type&quot;:&quot;cta&quot;}}\" target=\"_blank\">Mon Actu<\/a>.<\/p>\n","protected":false},"excerpt":{"rendered":"Par Emil Vautrin Publi\u00e9 le 9 juil. 2025 \u00e0 10h41 Pour la deuxi\u00e8me fois, le concours des \u00ab\u00a0p\u00e9pites&hellip;\n","protected":false},"author":2,"featured_media":237195,"comment_status":"","ping_status":"","sticky":false,"template":"","format":"standard","meta":{"footnotes":""},"categories":[2820],"tags":[1111,11,902,1777,674,1011,27,775,1305,12,25,1340,640],"class_list":{"0":"post-237194","1":"post","2":"type-post","3":"status-publish","4":"format-standard","5":"has-post-thumbnail","7":"category-strasbourg","8":"tag-actu","9":"tag-actualites","10":"tag-cuisine","11":"tag-eu","12":"tag-europe","13":"tag-fr","14":"tag-france","15":"tag-grand-est","16":"tag-lifestyle","17":"tag-news","18":"tag-republique-francaise","19":"tag-restaurant","20":"tag-strasbourg"},"share_on_mastodon":{"url":"https:\/\/pubeurope.com\/@fr\/114822453889270537","error":""},"_links":{"self":[{"href":"https:\/\/www.europesays.com\/fr\/wp-json\/wp\/v2\/posts\/237194","targetHints":{"allow":["GET"]}}],"collection":[{"href":"https:\/\/www.europesays.com\/fr\/wp-json\/wp\/v2\/posts"}],"about":[{"href":"https:\/\/www.europesays.com\/fr\/wp-json\/wp\/v2\/types\/post"}],"author":[{"embeddable":true,"href":"https:\/\/www.europesays.com\/fr\/wp-json\/wp\/v2\/users\/2"}],"replies":[{"embeddable":true,"href":"https:\/\/www.europesays.com\/fr\/wp-json\/wp\/v2\/comments?post=237194"}],"version-history":[{"count":0,"href":"https:\/\/www.europesays.com\/fr\/wp-json\/wp\/v2\/posts\/237194\/revisions"}],"wp:featuredmedia":[{"embeddable":true,"href":"https:\/\/www.europesays.com\/fr\/wp-json\/wp\/v2\/media\/237195"}],"wp:attachment":[{"href":"https:\/\/www.europesays.com\/fr\/wp-json\/wp\/v2\/media?parent=237194"}],"wp:term":[{"taxonomy":"category","embeddable":true,"href":"https:\/\/www.europesays.com\/fr\/wp-json\/wp\/v2\/categories?post=237194"},{"taxonomy":"post_tag","embeddable":true,"href":"https:\/\/www.europesays.com\/fr\/wp-json\/wp\/v2\/tags?post=237194"}],"curies":[{"name":"wp","href":"https:\/\/api.w.org\/{rel}","templated":true}]}}