{"id":237198,"date":"2025-07-09T09:00:12","date_gmt":"2025-07-09T09:00:12","guid":{"rendered":"https:\/\/www.europesays.com\/fr\/237198\/"},"modified":"2025-07-09T09:00:12","modified_gmt":"2025-07-09T09:00:12","slug":"laeroport-nice-cote-dazur-et-ector-sassocient-pour-proposer-un-service","status":"publish","type":"post","link":"https:\/\/www.europesays.com\/fr\/237198\/","title":{"rendered":"L\u2019A\u00e9roport Nice C\u00f4te d\u2019Azur et Ector s\u2019associent pour proposer un service (\u2026)"},"content":{"rendered":"<p>                    <img loading=\"lazy\" decoding=\"async\" src=\"https:\/\/www.europesays.com\/fr\/wp-content\/uploads\/2025\/07\/465b48bd72ca7272d0174300de1a63.png\" class=\"img-responsive post-image\" width=\"680\" height=\"510\" alt=\"L'A\u00e9roport Nice C\u00f4te (\u2026)\" title=\"L'A\u00e9roport Nice C\u00f4te d'Azur et Ector s'associent pour proposer un service voiturier premium aux voyageurs\"\/><\/p>\n<p class=\"chapo\">\u00c0 l\u2019aube des grands d\u00e9parts estivaux, l\u2019A\u00e9roport Nice C\u00f4te d\u2019Azur franchit une nouvelle \u00e9tape dans l\u2019am\u00e9lioration de l\u2019exp\u00e9rience de ses passagers en annon\u00e7ant un partenariat avec Ector, acteur reconnu des services de voituriers. L\u2019objectif\u00a0: offrir un service premium alliant confort, efficacit\u00e9 et s\u00e9curit\u00e9.<\/p>\n<p>                    Un parcours simplifi\u00e9 d\u00e8s l\u2019arriv\u00e9e<\/p>\n<p>Gr\u00e2ce \u00e0 cette collaboration, les voyageurs peuvent d\u00e9sormais <strong>r\u00e9server leur service voiturier directement depuis le site Internet de l\u2019a\u00e9roport<\/strong>, avec une totale transparence sur les tarifs. Le principe est simple\u00a0: un voiturier professionnel r\u00e9cup\u00e8re le v\u00e9hicule au d\u00e9pose-minute, le stationne dans les parkings couverts officiels de l\u2019a\u00e9roport, puis le restitue \u00e0 votre retour. Un gain de temps et de s\u00e9r\u00e9nit\u00e9, en particulier lors des p\u00e9riodes de forte affluence.<\/p>\n<p>Des services compl\u00e9mentaires pour un confort total<\/p>\n<p>Au-del\u00e0 du simple stationnement, <a href=\"https:\/\/www.ectorparking.com\/fr\/\" class=\"spip_out\" rel=\"external nofollow noopener\" target=\"_blank\">Ector<\/a> propose \u00e9galement des options suppl\u00e9mentaires comme le lavage du v\u00e9hicule, une op\u00e9ration de maintenance ou encore le plein d\u2019essence, transformant une contrainte logistique en v\u00e9ritable service haut de gamme.<\/p>\n<p>Une exp\u00e9rimentation jusqu\u2019en janvier 2026<\/p>\n<p><strong>Ce partenariat d\u00e9bute sous forme de test.<\/strong> Si les r\u00e9sultats sont concluants, le service pourrait \u00eatre p\u00e9rennis\u00e9 au-del\u00e0 de janvier 2026. <strong>Candice Cadreils<\/strong>, directrice commerciale des A\u00e9roports de la C\u00f4te d\u2019Azur, souligne\u00a0: \u00ab\u00a0  L\u2019A\u00e9roport Nice C\u00f4te d\u2019Azur s\u2019attache \u00e0 am\u00e9liorer en permanence sa qualit\u00e9 de service et \u00e0 proposer un parcours fluide et sans contrainte \u00e0 ses clients passagers. Proposer un service voiturier, en compl\u00e9ment de nombreux autres services premium d\u00e9j\u00e0 effectifs, s\u2019inscrit dans cette volont\u00e9 d\u2019attirer et de satisfaire un tourisme de qualit\u00e9 sur notre territoire.\u00a0\u00bb<\/p>\n<p>De son c\u00f4t\u00e9, <strong>Gr\u00e9gory Hachin,<\/strong> pr\u00e9sident d\u2019Ector, se f\u00e9licite de cette collaboration\u00a0:\u00ab\u00a0 Gr\u00e2ce \u00e0 notre service voiturier Ector les voyageurs peuvent d\u00e9sormais partir l\u2019esprit tranquille et surtout gagner un temps pr\u00e9cieux. Cette collaboration illustre parfaitement notre mission\u00a0: transformer une contrainte en un service de qualit\u00e9, en offrant \u00e9galement des prestations compl\u00e9mentaires comme le lavage ou la maintenance. Ce partenariat s\u2019inscrit dans notre strat\u00e9gie de collaboration renforc\u00e9e avec les a\u00e9roports pour am\u00e9liorer l\u2019exp\u00e9rience voyageur tout en optimisant les op\u00e9rations des exploitants  \u00a0\u00bb<\/p>\n<p><strong>Une offre promotionnelle pour le lancement<\/strong><br class=\"autobr\"\/><br \/>\n\u00c0 l\u2019occasion du lancement de ce service, une r\u00e9duction de 10\u00a0% est propos\u00e9e aux usagers du 10 au 22 juillet avec le code promotionnel ECTORNICE10. Une belle opportunit\u00e9 pour tester ce nouveau service et d\u00e9marrer les vacances sans stress.<\/p>\n<p>Visuel de Une\u00a0: illustration \u00a9DR<\/p>\n","protected":false},"excerpt":{"rendered":"\u00c0 l\u2019aube des grands d\u00e9parts estivaux, l\u2019A\u00e9roport Nice C\u00f4te d\u2019Azur franchit une nouvelle \u00e9tape dans l\u2019am\u00e9lioration de l\u2019exp\u00e9rience&hellip;\n","protected":false},"author":2,"featured_media":237199,"comment_status":"","ping_status":"","sticky":false,"template":"","format":"standard","meta":{"footnotes":""},"categories":[2819],"tags":[1111,11,2408,1777,674,1011,27,12,2401,882,25],"class_list":{"0":"post-237198","1":"post","2":"type-post","3":"status-publish","4":"format-standard","5":"has-post-thumbnail","7":"category-nice","8":"tag-actu","9":"tag-actualites","10":"tag-appels-d","11":"tag-eu","12":"tag-europe","13":"tag-fr","14":"tag-france","15":"tag-news","16":"tag-nice","17":"tag-provence-alpes-cote-dazur","18":"tag-republique-francaise"},"share_on_mastodon":{"url":"https:\/\/pubeurope.com\/@fr\/114822461864542542","error":""},"_links":{"self":[{"href":"https:\/\/www.europesays.com\/fr\/wp-json\/wp\/v2\/posts\/237198","targetHints":{"allow":["GET"]}}],"collection":[{"href":"https:\/\/www.europesays.com\/fr\/wp-json\/wp\/v2\/posts"}],"about":[{"href":"https:\/\/www.europesays.com\/fr\/wp-json\/wp\/v2\/types\/post"}],"author":[{"embeddable":true,"href":"https:\/\/www.europesays.com\/fr\/wp-json\/wp\/v2\/users\/2"}],"replies":[{"embeddable":true,"href":"https:\/\/www.europesays.com\/fr\/wp-json\/wp\/v2\/comments?post=237198"}],"version-history":[{"count":0,"href":"https:\/\/www.europesays.com\/fr\/wp-json\/wp\/v2\/posts\/237198\/revisions"}],"wp:featuredmedia":[{"embeddable":true,"href":"https:\/\/www.europesays.com\/fr\/wp-json\/wp\/v2\/media\/237199"}],"wp:attachment":[{"href":"https:\/\/www.europesays.com\/fr\/wp-json\/wp\/v2\/media?parent=237198"}],"wp:term":[{"taxonomy":"category","embeddable":true,"href":"https:\/\/www.europesays.com\/fr\/wp-json\/wp\/v2\/categories?post=237198"},{"taxonomy":"post_tag","embeddable":true,"href":"https:\/\/www.europesays.com\/fr\/wp-json\/wp\/v2\/tags?post=237198"}],"curies":[{"name":"wp","href":"https:\/\/api.w.org\/{rel}","templated":true}]}}