{"id":237204,"date":"2025-07-09T09:03:09","date_gmt":"2025-07-09T09:03:09","guid":{"rendered":"https:\/\/www.europesays.com\/fr\/237204\/"},"modified":"2025-07-09T09:03:09","modified_gmt":"2025-07-09T09:03:09","slug":"des-cyanobacteries-sur-un-etang-pres-du-canal-de-nantes-a-brest","status":"publish","type":"post","link":"https:\/\/www.europesays.com\/fr\/237204\/","title":{"rendered":"des cyanobact\u00e9ries sur un \u00e9tang pr\u00e8s du canal de Nantes \u00e0 Brest"},"content":{"rendered":"<p>            Par<br \/>\n        <strong><br \/>\n            <a href=\"https:\/\/actu.fr\/auteur\/journaliste-er\" title=\"Consulter tous les articles de R\u00e9daction Ch\u00e2teaubriant\" target=\"_blank\" rel=\"noopener\">R\u00e9daction Ch\u00e2teaubriant<\/a><br \/>\n        <\/strong><\/p>\n<p>        Publi\u00e9 le<\/p>\n<p>            9 juil. 2025 \u00e0 10h46        <\/p>\n<p>Les r\u00e9centes fortes chaleurs ont caus\u00e9 <b>le d\u00e9veloppement des cyanobact\u00e9ries<\/b>. C\u2019est le cas au lac de Vioreau \u00e0 <b>Jou\u00e9-sur-Erdre<\/b> (Loire-Atlantique) qui est interdit \u00e0 la baignade.<\/p>\n<p>Loire-Atlantique : des cyanobact\u00e9ries dans un \u00e9tang<\/p>\n<p class=\" wall-content\">Depuis le <b>vendredi 4\u00a0juillet 2025<\/b>, un arr\u00eat\u00e9 a \u00e9t\u00e9 pris \u00e0<b> l\u2019\u00e9tang de Bout-de-Bois<\/b>, situ\u00e9 sur la commune de <b>Saffr\u00e9<\/b> (Loire-Atlantique). Ce dernier fait partie des plans d\u2019eau du domaine public et fluvial <b>du canal de Nantes \u00e0 Brest<\/b>. L\u2019\u00e9tang n\u2019est pas \u00e9pargn\u00e9 par la pr\u00e9sence de cyanobact\u00e9ries.<\/p>\n<p>Une bact\u00e9rie dangereuse<\/p>\n<p class=\" wall-content\">Pour rappel, les cyanobact\u00e9ries qui sont des micro-organismes peuvent contenir<b> des toxines dangereuses<\/b> pour <b>la sant\u00e9 humaine et animale<\/b>. La p\u00eache \u00e0 l\u2019\u00e9tang de Bout-de-Bois est fortement d\u00e9conseill\u00e9e.<\/p>\n<p>    <a href=\"https:\/\/www.facebook.com\/plugins\/post.php?href=https%3A%2F%2Fwww.facebook.com%2Fcyanobacteries%2Fposts%2Fpfbid0QtNqT4Ca4d4gA5ivRDyxtf684YZdFUxiXzsfQ6BFkLTcLvaFwTb1gH7QQNgjL8hSl&amp;show_text=true&amp;width=350\" title=\"Ouvrie le lien\" target=\"_blank\" rel=\"noopener\">Cliquez ici pour visualiser le contenu<\/a><\/p>\n<p class=\" wall-content\">Suivez toute l\u2019actualit\u00e9 de vos villes et m\u00e9dias favoris en vous inscrivant \u00e0 <a href=\"https:\/\/moncompte.actu.fr\" title=\"D\u00e9couvez Mon Actu\" rel=\"nofollow noopener\" data-trk=\"{&quot;cta&quot;:{&quot;action&quot;:&quot;https:\\\/\\\/moncompte.actu.fr&quot;,&quot;category&quot;:&quot;mon compte&quot;,&quot;from&quot;:&quot;article footer&quot;,&quot;name&quot;:&quot;Mon actu&quot;,&quot;type&quot;:&quot;cta&quot;}}\" target=\"_blank\">Mon Actu<\/a>.<\/p>\n","protected":false},"excerpt":{"rendered":"Par R\u00e9daction Ch\u00e2teaubriant Publi\u00e9 le 9 juil. 2025 \u00e0 10h46 Les r\u00e9centes fortes chaleurs ont caus\u00e9 le d\u00e9veloppement&hellip;\n","protected":false},"author":2,"featured_media":237205,"comment_status":"","ping_status":"","sticky":false,"template":"","format":"standard","meta":{"footnotes":""},"categories":[2818],"tags":[1111,11,898,1777,674,1011,27,766,12,2636,25,104],"class_list":{"0":"post-237204","1":"post","2":"type-post","3":"status-publish","4":"format-standard","5":"has-post-thumbnail","7":"category-nantes","8":"tag-actu","9":"tag-actualites","10":"tag-alerte","11":"tag-eu","12":"tag-europe","13":"tag-fr","14":"tag-france","15":"tag-nantes","16":"tag-news","17":"tag-pays-de-la-loire","18":"tag-republique-francaise","19":"tag-societe"},"share_on_mastodon":{"url":"https:\/\/pubeurope.com\/@fr\/114822473628939245","error":""},"_links":{"self":[{"href":"https:\/\/www.europesays.com\/fr\/wp-json\/wp\/v2\/posts\/237204","targetHints":{"allow":["GET"]}}],"collection":[{"href":"https:\/\/www.europesays.com\/fr\/wp-json\/wp\/v2\/posts"}],"about":[{"href":"https:\/\/www.europesays.com\/fr\/wp-json\/wp\/v2\/types\/post"}],"author":[{"embeddable":true,"href":"https:\/\/www.europesays.com\/fr\/wp-json\/wp\/v2\/users\/2"}],"replies":[{"embeddable":true,"href":"https:\/\/www.europesays.com\/fr\/wp-json\/wp\/v2\/comments?post=237204"}],"version-history":[{"count":0,"href":"https:\/\/www.europesays.com\/fr\/wp-json\/wp\/v2\/posts\/237204\/revisions"}],"wp:featuredmedia":[{"embeddable":true,"href":"https:\/\/www.europesays.com\/fr\/wp-json\/wp\/v2\/media\/237205"}],"wp:attachment":[{"href":"https:\/\/www.europesays.com\/fr\/wp-json\/wp\/v2\/media?parent=237204"}],"wp:term":[{"taxonomy":"category","embeddable":true,"href":"https:\/\/www.europesays.com\/fr\/wp-json\/wp\/v2\/categories?post=237204"},{"taxonomy":"post_tag","embeddable":true,"href":"https:\/\/www.europesays.com\/fr\/wp-json\/wp\/v2\/tags?post=237204"}],"curies":[{"name":"wp","href":"https:\/\/api.w.org\/{rel}","templated":true}]}}