{"id":237214,"date":"2025-07-09T09:08:12","date_gmt":"2025-07-09T09:08:12","guid":{"rendered":"https:\/\/www.europesays.com\/fr\/237214\/"},"modified":"2025-07-09T09:08:12","modified_gmt":"2025-07-09T09:08:12","slug":"le-pile-passe-au-vert","status":"publish","type":"post","link":"https:\/\/www.europesays.com\/fr\/237214\/","title":{"rendered":"Le Pile passe au vert"},"content":{"rendered":"<p class=\"introduction\">La ville s\u2019associe \u00e0 l\u2019\u00e9v\u00e9nement \u00ab Mains du Quartier \u00bb port\u00e9 par le centre social Pile-Sainte-Elisabeth, le mardi 15 juillet 2025, de 14h \u00e0 18h, au parc de la Teinturerie. A cette occasion, toutes les informations li\u00e9es aux travaux d\u2019am\u00e9nagement du Pile seront donn\u00e9es.<\/p>\n<p>Les 4 jardins de proximit\u00e9<\/p>\n<p>Ils ont d\u00e9sormais des noms : Cerisier, Pic Epeiche, Ch\u00eane et Coquelicot seront affich\u00e9s prochainement au sein des jardins situ\u00e9s rue Jules Guesde. Une nouvelle \u00e9tape qui fait suite au travail men\u00e9 avec le Conseil Municipal des Enfants qui avait propos\u00e9 une s\u00e9lection de noms soumis au vote des enfants des \u00e9coles Boileau, Pasteur et Mac\u00e9.<\/p>\n<p>Ces 4 jardins apporteront des ilots de fra\u00eecheur au sein du quartier. Ils seront anim\u00e9s par des structures associatives qui y proposeront des rencontres ponctuelles \u00e0 destination des habitants.<\/p>\n<p>Les ateliers de confection des noms des jardins<\/p>\n<p>Les habitants sont invit\u00e9s \u00e0 participer aux ateliers de confection des lettrages des jardins de proximit\u00e9 qui se d\u00e9rouleront <strong>mardi 15, mercredi 16, jeudi 17 et vendredi 18 juillet, de 14h \u00e0 16h30<\/strong> au jardin du potager situ\u00e9 dans le parc de la teinturerie.<\/p>\n<p>Information et inscription\u00a0:\u00a0Association SEED \u2013 Juliette au <a href=\"https:\/\/www.roubaixxl.fr\/le-pile-passe-au-vert\/tel:+336 09 44 43 94\" target=\"_blank\" rel=\"noopener\">06 09 44 43 94<\/a><\/p>\n","protected":false},"excerpt":{"rendered":"La ville s\u2019associe \u00e0 l\u2019\u00e9v\u00e9nement \u00ab Mains du Quartier \u00bb port\u00e9 par le centre social Pile-Sainte-Elisabeth, le mardi&hellip;\n","protected":false},"author":2,"featured_media":237215,"comment_status":"","ping_status":"","sticky":false,"template":"","format":"standard","meta":{"footnotes":""},"categories":[2815],"tags":[1111,11,1777,674,1011,27,811,1307,12,14466,37632,25],"class_list":{"0":"post-237214","1":"post","2":"type-post","3":"status-publish","4":"format-standard","5":"has-post-thumbnail","7":"category-lille","8":"tag-actu","9":"tag-actualites","10":"tag-eu","11":"tag-europe","12":"tag-fr","13":"tag-france","14":"tag-hauts-de-france","15":"tag-lille","16":"tag-news","17":"tag-npnru","18":"tag-pile","19":"tag-republique-francaise"},"share_on_mastodon":{"url":"https:\/\/pubeurope.com\/@fr\/114822493224522938","error":""},"_links":{"self":[{"href":"https:\/\/www.europesays.com\/fr\/wp-json\/wp\/v2\/posts\/237214","targetHints":{"allow":["GET"]}}],"collection":[{"href":"https:\/\/www.europesays.com\/fr\/wp-json\/wp\/v2\/posts"}],"about":[{"href":"https:\/\/www.europesays.com\/fr\/wp-json\/wp\/v2\/types\/post"}],"author":[{"embeddable":true,"href":"https:\/\/www.europesays.com\/fr\/wp-json\/wp\/v2\/users\/2"}],"replies":[{"embeddable":true,"href":"https:\/\/www.europesays.com\/fr\/wp-json\/wp\/v2\/comments?post=237214"}],"version-history":[{"count":0,"href":"https:\/\/www.europesays.com\/fr\/wp-json\/wp\/v2\/posts\/237214\/revisions"}],"wp:featuredmedia":[{"embeddable":true,"href":"https:\/\/www.europesays.com\/fr\/wp-json\/wp\/v2\/media\/237215"}],"wp:attachment":[{"href":"https:\/\/www.europesays.com\/fr\/wp-json\/wp\/v2\/media?parent=237214"}],"wp:term":[{"taxonomy":"category","embeddable":true,"href":"https:\/\/www.europesays.com\/fr\/wp-json\/wp\/v2\/categories?post=237214"},{"taxonomy":"post_tag","embeddable":true,"href":"https:\/\/www.europesays.com\/fr\/wp-json\/wp\/v2\/tags?post=237214"}],"curies":[{"name":"wp","href":"https:\/\/api.w.org\/{rel}","templated":true}]}}