{"id":237216,"date":"2025-07-09T09:09:09","date_gmt":"2025-07-09T09:09:09","guid":{"rendered":"https:\/\/www.europesays.com\/fr\/237216\/"},"modified":"2025-07-09T09:09:09","modified_gmt":"2025-07-09T09:09:09","slug":"en-vacances-pres-de-lille-la-soiree-degenere-pour-un-couple-de-sudistes-lhomme-juge-pour-violences","status":"publish","type":"post","link":"https:\/\/www.europesays.com\/fr\/237216\/","title":{"rendered":"En vacances pr\u00e8s de Lille, la soir\u00e9e d\u00e9g\u00e9n\u00e8re pour un couple de Sudistes : l\u2019homme jug\u00e9 pour violences"},"content":{"rendered":"<p>            Par<br \/>\n        <strong><br \/>\n            <a href=\"https:\/\/actu.fr\/auteur\/redaction-lille\" title=\"Consulter tous les articles de R\u00e9daction Lille\" target=\"_blank\" rel=\"noopener\">R\u00e9daction Lille<\/a><br \/>\n        <\/strong><\/p>\n<p>        Publi\u00e9 le<\/p>\n<p>            9 juil. 2025 \u00e0 10h56        <\/p>\n<p>Les vacances dans le Nord <b>ont tourn\u00e9 \u00e0 la catastrophe<\/b>, pour une jeune femme originaire des Bouches-du-Rh\u00f4ne. Dans la nuit du 2 au 3\u00a0juillet 2025, <b>elle a \u00e9t\u00e9 violent\u00e9e par son conjoint<\/b>, qui partage sa vie dans le sud de la France et qui l\u2019accompagnait pour ce s\u00e9jour aupr\u00e8s de sa famille, \u00e0 <a href=\"https:\/\/actu.fr\/hauts-de-france\/mons-en-baroeul_59410\" target=\"_blank\" rel=\"noopener\">Mons-en-Bar\u0153ul<\/a>. Ce dernier pr\u00e9sentant une addiction aux drogues et \u00e0 l\u2019alcool, il a \u00e9t\u00e9 jug\u00e9 en comparution imm\u00e9diate au tribunal de Lille pour l\u2019avoir \u00e9trangl\u00e9e, lui avoir ass\u00e9n\u00e9 des coups de poing et arrach\u00e9 des cheveux. Des blessures \u2013 plus particuli\u00e8rement<b> des ecchymoses <\/b>\u2013 qui ont valu \u00e0 la victime plus de 8\u00a0jours d\u2019ITT, et que le pr\u00e9venu de 27\u00a0ans a justifi\u00e9es ainsi \u00e0 l\u2019audience\u2009: \u00ab<b>\u2009Elle marque tr\u00e8s vite<\/b>.\u2009\u00bb<\/p>\n<p>Violences conjugales au tribunal de Lille\u2009: \u00ab\u2009je me suis dit \u2018\u00e7a y est, c\u2019est fini\u2019\u00bb<\/p>\n<p class=\" wall-content\">Cette nuit du 3\u00a0juillet, la jeune femme a trouv\u00e9 refuge dans la rue. La dispute, au domicile de sa grand-m\u00e8re \u00e0 Mons-en-Bar\u0153ul, d\u00e9marre autour de \u00ab\u2009miettes de tabac laiss\u00e9es sur le lit\u2009\u00bb. Le conjoint, qui s\u2019est alcoolis\u00e9 dans la soir\u00e9e et se trouvant, sur le moment, \u00ab\u2009en manque de drogue\u2009\u00bb, est-il d\u00e9taill\u00e9 \u00e0 l\u2019audience, <b>devient hors de contr\u00f4le<\/b>.<\/p>\n<p class=\" wall-content\">Il entreprend de quitter l\u2019habitation pour partir en voiture, sa compagne l\u2019en emp\u00eache. Pour sa s\u00e9curit\u00e9 et celle des autres usagers de la route, explique celle qui est infirmi\u00e8re de m\u00e9tier. Les violences se mettent alors \u00e0 pleuvoir.<\/p>\n<p class=\" wall-content\">Elle est <b>saisie par le cou<\/b>, re\u00e7oit des <b>coups au visage<\/b>, <b>au corps<\/b>, et <b>se fait violemment tirer les cheveux<\/b>, en perdant une touffe au passage. Le tribunal, le vendredi 4\u00a0juillet, relate comment elle est parvenue \u00e0 se tirer de l\u00e0\u2009: \u00ab\u2009Elle a ripost\u00e9 en lui mordant le flanc puis a serr\u00e9 ses testicules. Il a alors l\u00e2ch\u00e9 son cou, puis elle est partie en voiture dans la rue.\u2009\u00bb Elle a rapidement crois\u00e9 des policiers en patrouille. Son conjoint sera retrouv\u00e9 du c\u00f4t\u00e9 de la gare Lille-Flandres peu avant 1\u2009h.<\/p>\n<p class=\" wall-content\">Elle, vivant \u00e0 Marseille, dit <b>qu\u2019elle s\u2019est vue mourir.<\/b><\/p>\n<blockquote class=\"ac-article-quote wall-content\">\n<p>\u00ab\u2009Je suis sortie de mon corps. Je me suis dit\u2009:\u2009\u00bb \u00c7a y est, c\u2019est fini. \u00ab\u2009\u00c7a fait 5\u00a0ans qu\u2019on est ensemble et des ann\u00e9es que je me bats pour le sortir de ses addictions. Je ne comprends pas comment il peut dire qu\u2019il se souvient de cette soir\u00e9e, puisque comme \u00e0 chaque fois qu\u2019il s\u2019enfuit de la maison, il est alcoolis\u00e9 ou drogu\u00e9. Et le lendemain, il ne se souvient jamais de rien.\u2009\u00bb<\/p>\n<\/blockquote>\n<p>Il dit de sa compagne qu\u2019elle \u00ab\u2009marque tr\u00e8s vite\u2009\u00bb et qu\u2019elle est \u00ab\u2009maladroite\u2009\u00bb<\/p>\n<p class=\" wall-content\">En effet, le pr\u00e9venu de 27\u00a0ans raconte plut\u00f4t clairement le d\u00e9roul\u00e9 des \u00e9v\u00e9nements, bien qu\u2019il f\u00fbt sous l\u2019emprise de produits. \u00ab\u2009Je suis d\u2019accord, je me suis emport\u00e9, je l\u2019ai attrap\u00e9e et je l\u2019ai pouss\u00e9e. Mais je ne lui ai pas mis de taquet (sic) dans la t\u00eate.\u2009\u00bb Il se d\u00e9douane au maximum, et tend m\u00eame \u00e0 projeter la faute sur sa conjointe.<\/p>\n<p class=\" wall-content\">Il conte ainsi les \u00ab\u2009torgnoles\u2009\u00bb qu\u2019elle lui a suppos\u00e9ment mises par le pass\u00e9, et laisse entendre que rien ne serait arriv\u00e9 si elle ne s\u2019\u00e9tait pas oppos\u00e9e \u00e0 lui. \u00ab\u2009J\u2019ai essay\u00e9 de sortir, elle ne m\u2019a pas laiss\u00e9, alors je l\u2019ai pouss\u00e9e sur le lit.\u2009\u00bb Selon lui, les \u00e9tranglements n\u2019ont pas eu lieu, et l\u2019arrachage de cheveux, c\u2019est \u00ab\u2009peut-\u00eatre quand je l\u2019ai attrap\u00e9e\u2009\u00bb, mais c\u2019\u00e9tait totalement involontaire.<\/p>\n<p class=\" wall-content\">Les traces rouges sur la victime constat\u00e9es a posteriori par un m\u00e9decin, \u00ab\u2009c\u2019est peut-\u00eatre ses boutons\u2009\u00bb. Et les bleus\u2009? \u00ab\u2009Elle marque tr\u00e8s vite\u2009\u00bb, s\u2019aventure-t-il, devant un tribunal bouche b\u00e9e. Et il ne s\u2019arr\u00eate pas l\u00e0, ajoutant que sa compagne est de nature \u00ab\u2009maladroite\u2009\u00bb et qu\u2019elle peut s\u2019\u00eatre cogn\u00e9e \u00ab\u2009au travail\u2009\u00bb ou \u00ab\u2009\u00e0 la maison\u2009\u00bb.<\/p>\n<p>\u00ab\u2009Quand on a affaire \u00e0 un toxicomane, peut-on faire confiance en ce qu\u2019il raconte\u2009?\u2009\u00bb<\/p>\n<p class=\" wall-content\">Les acc\u00e8s de violence du pr\u00e9venu ne sont pas nouveaux. Il a d\u00e9j\u00e0 \u00ab\u2009tout cass\u00e9 dans l\u2019appartement\u2009\u00bb qu\u2019ils occupent ensemble, alors qu\u2019il \u00e9tait sous l\u2019effet de la coca\u00efne, ou peut-\u00eatre \u00e9tait-ce de la k\u00e9tamine, tous deux \u00e9tant des stup\u00e9fiants qu\u2019il consomme depuis 2024. Il boit \u00e9galement des bi\u00e8res ou du Ricard quotidiennement.<\/p>\n<p class=\" wall-content\">Lui justifie ces sc\u00e8nes du pass\u00e9 o\u00f9 il s\u2019est emport\u00e9 en expliquant que c\u2019est sa compagne, avec ses reproches, qui les a caus\u00e9es. \u00ab<b>\u2009On s\u2019insulte, quand je rentre trop tard, quand j\u2019ai un peu bu ou qu\u2019elle me casse un truc.<\/b>\u2009\u00bb<\/p>\n<p class=\" wall-content\">Tous deux sont en tout cas d\u2019accord\u2009: leur relation prend un terme d\u00e9finitif dans le palais de justice, c\u2019est act\u00e9. L\u2019avocat de la plaignante s\u2019emporte contre le pr\u00e9venu, qui selon lui minimise tout \u00e0 fait ses gestes. \u00ab\u2009Les d\u00e9n\u00e9gations, les explications, c\u2019est insupportable. Quand on a affaire \u00e0 un toxicomane, peut-on faire confiance en ce qu\u2019il raconte\u2009?\u2009\u00bb Il demande <b>4\u2009000\u00a0\u20ac de dommages et int\u00e9r\u00eats<\/b>, pour le \u00ab\u2009pr\u00e9judice de mort imminente\u2009\u00bb qu\u2019a subi sa cliente.<\/p>\n<p class=\" wall-content\">L\u2019avocate du pr\u00e9venu, de son c\u00f4t\u00e9, d\u00e9plore qu\u2019on le pr\u00e9sente comme \u00ab\u2009un tyran domestique\u2009\u00bb. Le procureur a requis 10\u00a0mois de prison avec sursis probatoire, et le tribunal de le suivre. Le jeune homme est ainsi condamn\u00e9 \u00e0 10\u00a0mois d\u2019emprisonnement avec sursis probatoire pendant 2\u00a0ans, il a une obligation de soins addictologiques, et une interdiction de para\u00eetre au domicile de la victime, qui \u00e9tait jusqu\u2019alors le sien. Enfin, il devra indemniser son ex-compagne \u00e0 hauteur de 1\u2009500\u00a0\u20ac.<\/p>\n<p class=\" wall-content\">Suivez toute l\u2019actualit\u00e9 de vos villes et m\u00e9dias favoris en vous inscrivant \u00e0 <a href=\"https:\/\/moncompte.actu.fr\" title=\"D\u00e9couvez Mon Actu\" rel=\"nofollow noopener\" data-trk=\"{&quot;cta&quot;:{&quot;action&quot;:&quot;https:\\\/\\\/moncompte.actu.fr&quot;,&quot;category&quot;:&quot;mon compte&quot;,&quot;from&quot;:&quot;article footer&quot;,&quot;name&quot;:&quot;Mon actu&quot;,&quot;type&quot;:&quot;cta&quot;}}\" target=\"_blank\">Mon Actu<\/a>.<\/p>\n","protected":false},"excerpt":{"rendered":"Par R\u00e9daction Lille Publi\u00e9 le 9 juil. 2025 \u00e0 10h56 Les vacances dans le Nord ont tourn\u00e9 \u00e0&hellip;\n","protected":false},"author":2,"featured_media":237217,"comment_status":"","ping_status":"","sticky":false,"template":"","format":"standard","meta":{"footnotes":""},"categories":[2815],"tags":[1111,11,1777,674,118,1011,27,811,303,1307,12,25,798],"class_list":{"0":"post-237216","1":"post","2":"type-post","3":"status-publish","4":"format-standard","5":"has-post-thumbnail","7":"category-lille","8":"tag-actu","9":"tag-actualites","10":"tag-eu","11":"tag-europe","12":"tag-faits-divers","13":"tag-fr","14":"tag-france","15":"tag-hauts-de-france","16":"tag-justice","17":"tag-lille","18":"tag-news","19":"tag-republique-francaise","20":"tag-violences-conjugales"},"share_on_mastodon":{"url":"https:\/\/pubeurope.com\/@fr\/114822497219239382","error":""},"_links":{"self":[{"href":"https:\/\/www.europesays.com\/fr\/wp-json\/wp\/v2\/posts\/237216","targetHints":{"allow":["GET"]}}],"collection":[{"href":"https:\/\/www.europesays.com\/fr\/wp-json\/wp\/v2\/posts"}],"about":[{"href":"https:\/\/www.europesays.com\/fr\/wp-json\/wp\/v2\/types\/post"}],"author":[{"embeddable":true,"href":"https:\/\/www.europesays.com\/fr\/wp-json\/wp\/v2\/users\/2"}],"replies":[{"embeddable":true,"href":"https:\/\/www.europesays.com\/fr\/wp-json\/wp\/v2\/comments?post=237216"}],"version-history":[{"count":0,"href":"https:\/\/www.europesays.com\/fr\/wp-json\/wp\/v2\/posts\/237216\/revisions"}],"wp:featuredmedia":[{"embeddable":true,"href":"https:\/\/www.europesays.com\/fr\/wp-json\/wp\/v2\/media\/237217"}],"wp:attachment":[{"href":"https:\/\/www.europesays.com\/fr\/wp-json\/wp\/v2\/media?parent=237216"}],"wp:term":[{"taxonomy":"category","embeddable":true,"href":"https:\/\/www.europesays.com\/fr\/wp-json\/wp\/v2\/categories?post=237216"},{"taxonomy":"post_tag","embeddable":true,"href":"https:\/\/www.europesays.com\/fr\/wp-json\/wp\/v2\/tags?post=237216"}],"curies":[{"name":"wp","href":"https:\/\/api.w.org\/{rel}","templated":true}]}}