{"id":237222,"date":"2025-07-09T09:12:14","date_gmt":"2025-07-09T09:12:14","guid":{"rendered":"https:\/\/www.europesays.com\/fr\/237222\/"},"modified":"2025-07-09T09:12:14","modified_gmt":"2025-07-09T09:12:14","slug":"mon-bijou-perso-un-heritage-lyonnais","status":"publish","type":"post","link":"https:\/\/www.europesays.com\/fr\/237222\/","title":{"rendered":"Mon Bijou Perso : un h\u00e9ritage lyonnais"},"content":{"rendered":"<p style=\"text-align: justify;\">Girls Take Lyon a \u00e9t\u00e9 invit\u00e9 \u00e0 d\u00e9couvrir l\u2019atelier lyonnais de <a href=\"https:\/\/www.monbijouperso.fr\/\" target=\"_blank\" rel=\"noopener\">Mon Bijou Perso<\/a> situ\u00e9 dans le premier arrondissement. L\u2019occasion de d\u00e9couvrir qui se cache derri\u00e8re ce savoir-faire lyonnais. Rencontre avec l\u2019\u00e9quipe.<\/p>\n<p>Un h\u00e9ritage familial<\/p>\n<p style=\"text-align: justify;\">D\u00e8s mon arriv\u00e9e, je suis accueillie par l\u2019\u00e9quipe de Mon Bijou Perso et notamment par Sonia sa fondatrice. C\u2019est dans ce <strong>m\u00eame immeuble, qu\u2019en 1948,<\/strong> le grand-p\u00e8re de Sonia cr\u00e9e et imagine d\u00e9j\u00e0 les premiers bijoux. Personnalis\u00e9s, r\u00e9alis\u00e9s manuellement \u00e0 la scie donnant ainsi naissance aux <strong>premiers colliers pr\u00e9noms<\/strong>. Dans les ann\u00e9es 70, l\u2019aventure continue avec les enfants qui ouvrent une fabrique de bijoux au c\u0153ur des Terreaux.<\/p>\n<p style=\"text-align: justify;\">Une passion familiale transmise \u00e0 Sonia, qui perp\u00e9tue depuis pr\u00e8s de 15 ans <strong>cette tradition familiale tout en la modernisant<\/strong>. La gravure et la ciselure se font aujourd\u2019hui par laser, avec pr\u00e9cision, pour donner vie \u00e0 des bijoux personnalis\u00e9s sur mesure. Les commandes sont r\u00e9alis\u00e9es et exp\u00e9di\u00e9es directement depuis le site internet.<\/p>\n<p><a href=\"https:\/\/girlstakelyon.com\/wp-content\/uploads\/2025\/06\/img_4874-scaled.jpeg\" data-rel=\"lightbox-image-0\" data-rl_title=\"\" data-rl_caption=\"\" title=\"\" target=\"_blank\" rel=\"noopener\"><img fetchpriority=\"high\" decoding=\"async\" aria-describedby=\"caption-attachment-39693\" class=\"wp-image-39693 size-large\" src=\"data:image\/svg+xml,%3Csvg%20xmlns=\" http:=\"\" alt=\"Atelier Mon Bijou Perso Cr\u00e9dits \u00a9\ufe0f Girls Take Lyon\" width=\"1024\" height=\"768\" data-lazy- data-lazy- data-lazy-src=\"https:\/\/www.europesays.com\/fr\/wp-content\/uploads\/2025\/07\/img_4874-1024x768.jpeg\"\/><\/a><\/p>\n<p id=\"caption-attachment-39693\" class=\"wp-caption-text\">Atelier Mon Bijou Perso Cr\u00e9dits \u00a9\ufe0f Girls Take Lyon<\/p>\n<p>Le collier pr\u00e9nom \u2013 Le bijou embl\u00e9matique<\/p>\n<p style=\"text-align: justify;\">Charg\u00e9 d\u2019histoire,<strong> le collier pr\u00e9nom<\/strong> d\u00e9coup\u00e9 <strong>sur mesure<\/strong>, est la v\u00e9ritable signature de Mon Bijou Perso. Chaque pi\u00e8ce est r\u00e9alis\u00e9e \u00e0 la demande dans l\u2019atelier lyonnais \u00e0 partir de m\u00e9taux pr\u00e9cieux : argent 925, plaqu\u00e9 or ou or 18 carats. Chaque lettre est travaill\u00e9e en amont sur logiciel par Antonella, la responsable technique. \u00c9paisseur, typographie, jonctions, ancrages, anneaux pour garantir un rendu solide.<\/p>\n<p><a href=\"https:\/\/girlstakelyon.com\/wp-content\/uploads\/2025\/06\/img_4849-scaled.jpeg\" data-rel=\"lightbox-image-1\" data-rl_title=\"\" data-rl_caption=\"\" title=\"\" target=\"_blank\" rel=\"noopener\"><img loading=\"lazy\" decoding=\"async\" aria-describedby=\"caption-attachment-39689\" class=\"wp-image-39689 size-large\" src=\"data:image\/svg+xml,%3Csvg%20xmlns=\" http:=\"\" alt=\"Les colliers pr\u00e9noms Cr\u00e9dits \u00a9\ufe0f Girls Take Lyon\" width=\"768\" height=\"1024\" data-lazy- data-lazy- data-lazy-src=\"https:\/\/www.europesays.com\/fr\/wp-content\/uploads\/2025\/07\/img_4849-768x1024.jpeg\"\/><\/a><\/p>\n<p id=\"caption-attachment-39689\" class=\"wp-caption-text\">Les colliers pr\u00e9noms Cr\u00e9dits \u00a9\ufe0f Girls Take Lyon<\/p>\n<p>Des bijoux pour accompagner les \u00e9v\u00e8nements de votre vie<\/p>\n<p style=\"text-align: justify;\">La marque ne se limite pas au collier pr\u00e9nom et d\u00e9veloppe \u00e9galement des gammes de personnalisation de bijoux pour femmes (bracelets, bagues ajustables\u2026), hommes (bracelets, boutons de manchettes\u2026), et pour enfants (gourmettes, m\u00e9dailles\u2026).<\/p>\n<p style=\"text-align: justify;\">Mon Bijou Perso imagine des bijoux comme <strong>une empreinte ou un souvenir de chaque moment marquant d\u2019une vie<\/strong> (naissance, c\u00e9r\u00e9monies religieuses, anniversaires, mariages, f\u00eates des m\u00e8res et des p\u00e8res, Saint-Valentin etc\u2026) \u00e0 l\u2019image du bracelet m\u00e9daille sur lequel il est possible d\u2019ajouter \u00e0 chaque \u00e9v\u00e8nement marquant une nouvelle m\u00e9daille. Tous les messages peuvent \u00eatre grav\u00e9s et si vous \u00eates en manque d\u2019inspiration Mon Bijou Perso vous propose<a href=\"https:\/\/www.monbijouperso.fr\/content\/13-idees-de-gravure\" target=\"_blank\" rel=\"noopener\"> quelques exemples<\/a> qui pourront vous inspirer.<\/p>\n<p style=\"text-align: justify;\">Il est possible de faire graver le message dans n\u2019importe quelle langue (m\u00eame l\u2019arabe). Sur le site vous choisissez, la couleur du m\u00e9tal et\/ou la couleur du bracelet, la grave recto ou recto\/verso, les longueurs de cha\u00eenes mais aussi les diff\u00e9rentes typologies. Il n\u2019est par contre pas possible de pr\u00e9visualiser le rendu final, c\u2019est la surprise !<\/p>\n<p>\u00a0<\/p>\n<p><a href=\"https:\/\/girlstakelyon.com\/wp-content\/uploads\/2025\/06\/img_4865-1-scaled.jpeg\" data-rel=\"lightbox-image-2\" data-rl_title=\"\" data-rl_caption=\"\" title=\"\" target=\"_blank\" rel=\"noopener\"><img loading=\"lazy\" decoding=\"async\" aria-describedby=\"caption-attachment-39697\" class=\"wp-image-39697 size-large\" src=\"data:image\/svg+xml,%3Csvg%20xmlns=\" http:=\"\" alt=\"Bracelets et manchettes pour hommes Cr\u00e9dits \u00a9\ufe0f Girls Take Lyon\" width=\"1024\" height=\"910\" data-lazy- data-lazy- data-lazy-src=\"https:\/\/www.europesays.com\/fr\/wp-content\/uploads\/2025\/07\/img_4865-1-1024x910.jpeg\"\/><\/a><\/p>\n<p id=\"caption-attachment-39697\" class=\"wp-caption-text\">Bracelets et boutons de manchettes pour hommes Cr\u00e9dits \u00a9\ufe0f Girls Take Lyon<\/p>\n<p>Ce que j\u2019ai aim\u00e9 : une entreprise familiale et engag\u00e9e<\/p>\n<p style=\"text-align: justify;\">J\u2019ai aim\u00e9 <strong>l\u2019histoire familiale de cette marque lyonnaise<\/strong>, le fait que la passion se soit transmise sur plusieurs g\u00e9n\u00e9rations. J\u2019ai rencontr\u00e9 une \u00e9quipe souriante et dynamique, qui place la personnalisation des bijoux et la satisfaction des clients au c\u0153ur de son travail. Je trouve aussi tr\u00e8s pratique le fait de pouvoir commander sur internet et de <strong>recevoir le bijou en quelques jours<\/strong>. Id\u00e9al, lorsque l\u2019on est pris par le temps !<\/p>\n<p style=\"text-align: justify;\">L\u2019\u00e9quipe du service apr\u00e8s-vente semble \u00eatre tr\u00e8s soucieuse de r\u00e9pondre au mieux aux besoins des clients. Les emballages soign\u00e9s mettent en valeur le bijou. Il faut compter entre 49 et 59\u20ac pour un collier pr\u00e9nom en fonction du mat\u00e9riau choisi et de la personnalisation. Mais la gamme de bijoux est vari\u00e9e et permet de faire plaisir ou de se faire plaisir \u00e0 tous les prix. L\u2019entreprise s\u2019engage dans le recyclage et la r\u00e9utilisation des mat\u00e9riaux pr\u00e9cieux, principalement l\u2019argent et l\u2019or.<\/p>\n<p style=\"text-align: justify;\">Elle soutient \u00e9galement l\u2019association \u201c<a href=\"https:\/\/www.pour-emma.fr\/\" target=\"_blank\" rel=\"noopener\">pour Emma<\/a>\u201c dont la mission est de lever des fonds au profit de la lutte contre le cancer p\u00e9diatrique. Chaque ann\u00e9e \u00e0 l\u2019occasion de Septembre en Or, qui est le mois international des cancers de l\u2019enfant, Mon Bijou Perso se mobilise et reverse durant tous le mois 1\u20ac sur chaque vente \u00e0 cette association.<\/p>\n<p><a href=\"https:\/\/girlstakelyon.com\/wp-content\/uploads\/2025\/06\/img_4893-scaled.jpeg\" data-rel=\"lightbox-image-3\" data-rl_title=\"\" data-rl_caption=\"\" title=\"\" target=\"_blank\" rel=\"noopener\"><img loading=\"lazy\" decoding=\"async\" aria-describedby=\"caption-attachment-39696\" class=\"wp-image-39696 size-large\" src=\"data:image\/svg+xml,%3Csvg%20xmlns=\" http:=\"\" alt=\"Mon collier pr\u00e9nom Cr\u00e9dits Photo \u00a9\ufe0f Girls Take Lyon\" width=\"1024\" height=\"768\" data-lazy- data-lazy- data-lazy-src=\"https:\/\/www.europesays.com\/fr\/wp-content\/uploads\/2025\/07\/img_4893-1024x768.jpeg\"\/><\/a><\/p>\n<p id=\"caption-attachment-39696\" class=\"wp-caption-text\">Mon collier pr\u00e9nom Cr\u00e9dits Photo \u00a9\ufe0f Girls Take Lyon<\/p>\n<p>Infos pratiques \u2013 Mon Bijou Perso<\/p>\n<p>\t<a href=\"https:\/\/girlstakelyon.com\/bonnes-adresses-lyon\/\" target=\"_blank\" rel=\"noopener\">BONNES ADRESSES<\/a><\/p>\n<p><a href=\"https:\/\/girlstakelyon.com\/bonnes-adresses-lyon\/\" title=\"BONNES ADRESSES\" target=\"_blank\" rel=\"noopener\"><br \/>\n<img loading=\"lazy\" decoding=\"async\" width=\"80\" height=\"80\" src=\"data:image\/svg+xml,%3Csvg%20xmlns=\" http:=\"\" class=\"attachment-80x80 size-80x80 wp-post-image\" alt=\"jeremy galvan\" data-lazy-src=\"https:\/\/www.europesays.com\/fr\/wp-content\/uploads\/2025\/06\/Jeremy_Galvan_5_-80x80.jpg\"\/>\t<\/a><\/p>\n<p><a href=\"https:\/\/girlstakelyon.com\/cat\/lyon-lyonnais\/entreprises-business-lyon\/artisans-artisanat-artistes-lyon\/\" target=\"_blank\" rel=\"noopener\">artisans, artisanat et artistes<\/a><br \/>\n<a href=\"https:\/\/girlstakelyon.com\/cat\/populaires\/\" target=\"_blank\" rel=\"noopener\">populaires<\/a><\/p>\n<p><br class=\"clear\"\/><\/p>\n<p>Partager<\/p>\n<p><br class=\"clear\"\/><\/p>\n","protected":false},"excerpt":{"rendered":"Girls Take Lyon a \u00e9t\u00e9 invit\u00e9 \u00e0 d\u00e9couvrir l\u2019atelier lyonnais de Mon Bijou Perso situ\u00e9 dans le premier&hellip;\n","protected":false},"author":2,"featured_media":53210,"comment_status":"","ping_status":"","sticky":false,"template":"","format":"standard","meta":{"footnotes":""},"categories":[1889],"tags":[1111,11,2430,1777,674,1011,27,2428,12,25],"class_list":{"0":"post-237222","1":"post","2":"type-post","3":"status-publish","4":"format-standard","5":"has-post-thumbnail","7":"category-lyon","8":"tag-actu","9":"tag-actualites","10":"tag-auvergne-rhone-alpes","11":"tag-eu","12":"tag-europe","13":"tag-fr","14":"tag-france","15":"tag-lyon","16":"tag-news","17":"tag-republique-francaise"},"share_on_mastodon":{"url":"https:\/\/pubeurope.com\/@fr\/114822509186949662","error":""},"_links":{"self":[{"href":"https:\/\/www.europesays.com\/fr\/wp-json\/wp\/v2\/posts\/237222","targetHints":{"allow":["GET"]}}],"collection":[{"href":"https:\/\/www.europesays.com\/fr\/wp-json\/wp\/v2\/posts"}],"about":[{"href":"https:\/\/www.europesays.com\/fr\/wp-json\/wp\/v2\/types\/post"}],"author":[{"embeddable":true,"href":"https:\/\/www.europesays.com\/fr\/wp-json\/wp\/v2\/users\/2"}],"replies":[{"embeddable":true,"href":"https:\/\/www.europesays.com\/fr\/wp-json\/wp\/v2\/comments?post=237222"}],"version-history":[{"count":0,"href":"https:\/\/www.europesays.com\/fr\/wp-json\/wp\/v2\/posts\/237222\/revisions"}],"wp:featuredmedia":[{"embeddable":true,"href":"https:\/\/www.europesays.com\/fr\/wp-json\/wp\/v2\/media\/53210"}],"wp:attachment":[{"href":"https:\/\/www.europesays.com\/fr\/wp-json\/wp\/v2\/media?parent=237222"}],"wp:term":[{"taxonomy":"category","embeddable":true,"href":"https:\/\/www.europesays.com\/fr\/wp-json\/wp\/v2\/categories?post=237222"},{"taxonomy":"post_tag","embeddable":true,"href":"https:\/\/www.europesays.com\/fr\/wp-json\/wp\/v2\/tags?post=237222"}],"curies":[{"name":"wp","href":"https:\/\/api.w.org\/{rel}","templated":true}]}}