{"id":237242,"date":"2025-07-09T09:24:10","date_gmt":"2025-07-09T09:24:10","guid":{"rendered":"https:\/\/www.europesays.com\/fr\/237242\/"},"modified":"2025-07-09T09:24:10","modified_gmt":"2025-07-09T09:24:10","slug":"un-nouvel-appel-a-projets-pour-financer-les-bus-a-hydrogene","status":"publish","type":"post","link":"https:\/\/www.europesays.com\/fr\/237242\/","title":{"rendered":"un nouvel appel \u00e0 projets pour financer les bus \u00e0 hydrog\u00e8ne"},"content":{"rendered":"<p>       <strong>Le minist\u00e8re f\u00e9d\u00e9ral allemand des Transports (BMV) a publi\u00e9 un nouvel appel \u00e0 projets pour accompagner la transition des bus vers des motorisations alternatives. Objectif : permettre aux op\u00e9rateurs de transport de moderniser leur flotte tout en r\u00e9duisant leur impact climatique.<\/strong><\/p>\n<p>Lanc\u00e9 ce lundi 7 juillet, le nouvel\u00a0appel \u00e0 projets vise \u00e0 financer l\u2019acquisition de bus \u00e0 faibles \u00e9missions, y compris des mod\u00e8les \u00e0 pile \u00e0 combustible. Sont \u00e9galement \u00e9ligibles les projets de r\u00e9trofit de v\u00e9hicules thermiques, ainsi que les investissements dans les stations de ravitaillement et les installations de maintenance.<\/p>\n<p>Les candidats peuvent d\u00e9poser leur dossier via <\/p>\n<p>La suite de cet article est r\u00e9serv\u00e9e \u00e0 nos abonn\u00e9s<\/p>\n","protected":false},"excerpt":{"rendered":"Le minist\u00e8re f\u00e9d\u00e9ral allemand des Transports (BMV) a publi\u00e9 un nouvel appel \u00e0 projets pour accompagner la transition&hellip;\n","protected":false},"author":2,"featured_media":237243,"comment_status":"","ping_status":"","sticky":false,"template":"","format":"standard","meta":{"footnotes":""},"categories":[1587],"tags":[11,672,1804,1805,1803,1777,674,1801,12,1802],"class_list":{"0":"post-237242","1":"post","2":"type-post","3":"status-publish","4":"format-standard","5":"has-post-thumbnail","7":"category-allemagne","8":"tag-actualites","9":"tag-allemagne","10":"tag-bundesrepublik-deutschland","11":"tag-de","12":"tag-deutschland","13":"tag-eu","14":"tag-europe","15":"tag-germany","16":"tag-news","17":"tag-republique-federale-dallemagne"},"share_on_mastodon":{"url":"https:\/\/pubeurope.com\/@fr\/114822557071731830","error":""},"_links":{"self":[{"href":"https:\/\/www.europesays.com\/fr\/wp-json\/wp\/v2\/posts\/237242","targetHints":{"allow":["GET"]}}],"collection":[{"href":"https:\/\/www.europesays.com\/fr\/wp-json\/wp\/v2\/posts"}],"about":[{"href":"https:\/\/www.europesays.com\/fr\/wp-json\/wp\/v2\/types\/post"}],"author":[{"embeddable":true,"href":"https:\/\/www.europesays.com\/fr\/wp-json\/wp\/v2\/users\/2"}],"replies":[{"embeddable":true,"href":"https:\/\/www.europesays.com\/fr\/wp-json\/wp\/v2\/comments?post=237242"}],"version-history":[{"count":0,"href":"https:\/\/www.europesays.com\/fr\/wp-json\/wp\/v2\/posts\/237242\/revisions"}],"wp:featuredmedia":[{"embeddable":true,"href":"https:\/\/www.europesays.com\/fr\/wp-json\/wp\/v2\/media\/237243"}],"wp:attachment":[{"href":"https:\/\/www.europesays.com\/fr\/wp-json\/wp\/v2\/media?parent=237242"}],"wp:term":[{"taxonomy":"category","embeddable":true,"href":"https:\/\/www.europesays.com\/fr\/wp-json\/wp\/v2\/categories?post=237242"},{"taxonomy":"post_tag","embeddable":true,"href":"https:\/\/www.europesays.com\/fr\/wp-json\/wp\/v2\/tags?post=237242"}],"curies":[{"name":"wp","href":"https:\/\/api.w.org\/{rel}","templated":true}]}}