{"id":237266,"date":"2025-07-09T09:37:36","date_gmt":"2025-07-09T09:37:36","guid":{"rendered":"https:\/\/www.europesays.com\/fr\/237266\/"},"modified":"2025-07-09T09:37:36","modified_gmt":"2025-07-09T09:37:36","slug":"direct-tour-de-france-2025-la-folie-de-la-grande-boucle-sempare-de-caen-suivez-le-contre-la-montre","status":"publish","type":"post","link":"https:\/\/www.europesays.com\/fr\/237266\/","title":{"rendered":"Direct. Tour de France 2025. La folie de la Grande Boucle s&#8217;empare de Caen : suivez le contre-la-montre"},"content":{"rendered":"<p>            Par<br \/>\n        <strong><br \/>\n            <a href=\"https:\/\/actu.fr\/auteur\/margaux-rousset\" title=\"Consulter tous les articles de Margaux Rousset\" target=\"_blank\" rel=\"noopener\">Margaux Rousset<\/a><br \/>\n        <\/strong><\/p>\n<p>        Publi\u00e9 le<\/p>\n<p>            9 juil. 2025 \u00e0 11h02        <\/p>\n<p>C\u2019est parti ! <b>Caen (Calvados) <\/b>et ses environs sont en \u00e9bullition ce mercredi 9 juillet 2025, jour de <b>la cinqui\u00e8me \u00e9tape du Tour de France<\/b>. La cit\u00e9 ducale accueille <b>le premier contre-la-montre<\/b> de la Grande Boucle.<\/p>\n<p>Suivez le direct de Libert\u00e9 Caen<\/p>\n<p class=\" wall-content\"><b>11h33. <\/b>Le boujou du Tour de France \u00e0 la ville de Caen, \u00e9tape du Tour, pour <a href=\"https:\/\/actu.fr\/tag\/millenaire-de-caen\" target=\"_blank\" rel=\"noopener\">l\u2019ann\u00e9e de ses 1 000 ans<\/a>.<\/p>\n<p class=\" wall-content\">\n<p class=\" wall-content\"><b>11h30. <\/b>Fana de v\u00e9lo et ancien bon coureur r\u00e9gional, le maire de Colomby-Anguerny, travers\u00e9e par l\u2019\u00e9tape, veut revoir le Tour sur la c\u00f4te de Nacr\u00e9 d\u2019ici \u00e0 5 ans.<\/p>\n<p class=\" wall-content\">\n<p class=\" wall-content\"><b\/><b>11h28.<\/b> \u00c0 l\u2019issue de l\u2019\u00e9tape \u00e0 Caen, le leader du Tour enfilera un maillot jaune jamais port\u00e9. On vous explique pourquoi dans cet article :<\/p>\n<p class=\" wall-content\"><b>11h26. <\/b>Au d\u00e9part de l\u2019\u00e9tape, on pr\u00e9pare les panneaux pour les voitures dans l\u2019ordre de d\u00e9part des coureurs.<\/p>\n<p>Vid\u00e9os : en ce moment sur Actu<br \/>\n    <img   decoding=\"async\" loading=\"lazy\" class=\"size-large\" src=\"https:\/\/www.europesays.com\/fr\/wp-content\/uploads\/2025\/07\/a2c78a753e686b6c78a753e689ac78v-960x640.jpg\" alt=\"La pr\u00e9paration des panneaux pour les voitures dans l'ordre de d\u00e9part du contre-la-montre.\" width=\"960\" height=\"640\"\/><br \/>\n    La pr\u00e9paration des panneaux pour les voitures dans l\u2019ordre de d\u00e9part du contre-la-montre. \u00a9Nicolas CLAICH<\/p>\n<p class=\" wall-content\"><b>11h23. <\/b>C\u2019est la folie \u00e0 Caen au village d\u00e9part sur le port.<\/p>\n<p class=\" wall-content\">\n<p class=\" wall-content\"><b>11h15. Les paracyclistes vont r\u00e9aliser les 33km<\/b><\/p>\n<p class=\" wall-content\">Une quinzaine de membres de l\u2019\u00e9quipe de France de paracyclisme sont pr\u00e9sents pour r\u00e9aliser les 33km du contre-la-montre. D\u00e9part pour eux \u00e0 11h30.<\/p>\n<p>    <img   decoding=\"async\" loading=\"lazy\" class=\"size-large\" src=\"https:\/\/www.europesays.com\/fr\/wp-content\/uploads\/2025\/07\/41c01ad33e68635c01ad33e6809c01v-960x640.jpeg\" alt=\"Les paracyclistes de l'\u00e9quipe de France \u00e0 Caen pour le Tour de France.\" width=\"960\" height=\"640\"\/><br \/>\n    Les paracyclistes de l\u2019\u00e9quipe de France \u00e0 Caen pour le Tour de France. \u00a9Nicolas Claich\/Actu.fr<br \/>\n    <img   decoding=\"async\" loading=\"lazy\" class=\"size-large\" src=\"https:\/\/www.europesays.com\/fr\/wp-content\/uploads\/2025\/07\/020b67543e686f50b67543e68d90b6v-960x640.jpeg\" alt=\"Les membres de l'\u00e9quipe de France de paracyclisme se pr\u00e9parent pour le contre-la-montre \u00e0 Caen.\" width=\"960\" height=\"640\"\/><br \/>\n    Les membres de l\u2019\u00e9quipe de France de paracyclisme se pr\u00e9parent pour le contre-la-montre \u00e0 Caen. \u00a9Nicolas Claich\/Libert\u00e9 Caen<\/p>\n<p class=\" wall-content\"><b>11h04. Le Tour, une aubaine pour les commer\u00e7ants<\/b><\/p>\n<p class=\" wall-content\">Oualid, le patron du restaurant Le Napoli \u00e0 Caen, est heureux de cette journ\u00e9e. Son commerce est situ\u00e9 sur le port en plein coeur du d\u00e9part de cette cinqui\u00e8me \u00e9tape.<\/p>\n<p class=\" wall-content\"><a href=\"https:\/\/www.instagram.com\/reel\/DL4YFtZNXkA\/embed\" title=\"Ouvrir le lien sur Instagram\" target=\"_blank\" rel=\"noopener\">Visualiser le contenu sur Instagram<\/a><\/p>\n<p class=\" wall-content\"><b>11h. Les caravaniers s\u2019\u00e9chauffent \u00e9galement<\/b><\/p>\n<p class=\" wall-content\">Plus que 30 minutes avant le d\u00e9part de la caravane \u00e0 Caen. L\u2019ambiance monte d\u2019un cran.<\/p>\n<p class=\" wall-content\">\n<p class=\" wall-content\">\n<p class=\" wall-content\"><b>10h55. K\u00e9vin Vauquelin en rep\u00e9rage<\/b><\/p>\n<p class=\" wall-content\">Kevin Vauquelin en maillot blanc \u00e9change quelques mots avec ses proches avant de partir en reconnaissance.<\/p>\n<p>    <img   decoding=\"async\" loading=\"lazy\" class=\"size-large\" src=\"https:\/\/www.europesays.com\/fr\/wp-content\/uploads\/2025\/07\/71deea1f2e68695deea1f2e6889deev-960x577.jpeg\" alt=\"K\u00e9vin Vauquelin en maillot blanc pour la cinqui\u00e8me \u00e9tape du Tour de France \u00e0 Caen.\" width=\"960\" height=\"577\"\/><br \/>\n    K\u00e9vin Vauquelin en maillot blanc pour la cinqui\u00e8me \u00e9tape du Tour de France \u00e0 Caen. \u00a9Alexandre Gourlaouen\/ Libert\u00e9 Caen<\/p>\n<p class=\" wall-content\"><b>10h50. Un petit tour du c\u00f4t\u00e9 des supporters du Tour de France<\/b><\/p>\n<p class=\" wall-content\">Patrick (en maillot \u00e0 pois) est arriv\u00e9 hier soir \u00e0 Colomby-Anguerny en camping-car. Il suit le Tour depuis la 1re \u00e9tape \u00e0 Lille. C\u2019est son neveu, qui s\u00e9journe \u00e0 Courseulles, qui lui a indiqu\u00e9 de venir ici. Cela fait 9 ans qu\u2019il voyage le long du Tour, et \u00ab\u00a0c\u2019est compliqu\u00e9 cette ann\u00e9e, il y a plein d\u2019arr\u00eat\u00e9s \u00a0d\u2019interdiction de stationnement dans les communes\u00a0\u00bb. D\u00e8s ce soir, il va sur Bayeux avec sa s\u0153ur. Et ensuite Mur-de-Bretagne. Originaire de Mayenne, il fera une pause de journ\u00e9e apr\u00e8s l\u2019\u00e9tape de Laval. Cette fois, il compte suivre le Tour pendant deux semaines, jusque dans les Pyr\u00e9n\u00e9es. <b>Il devrait faire au moins 3 000 km<\/b>.<\/p>\n<p>    <img   decoding=\"async\" loading=\"lazy\" class=\"size-large\" src=\"https:\/\/www.europesays.com\/fr\/wp-content\/uploads\/2025\/07\/2e33f49c2e6864243f49c2e682643fv-960x640.jpeg\" alt=\"Les supporters du Tour de France \u00e0 Colomby-Anguerny.\" width=\"960\" height=\"640\"\/><br \/>\n    Les supporters du Tour de France \u00e0 Colomby-Anguerny. \u00a9Christophe Jacquet\/Libert\u00e9 Caen<\/p>\n<p class=\" wall-content\"><b>Devant la Colline aux Oiseaux<\/b> (et la r\u00e9daction de Libert\u00e9 Caen), les supporters donnent tout pour attraper des cadeaux lors du passage de la caravane pr\u00e9vue vers 11h40.<\/p>\n<p>    <img   decoding=\"async\" loading=\"lazy\" class=\"size-large\" src=\"https:\/\/www.europesays.com\/fr\/wp-content\/uploads\/2025\/07\/78472bdd2e6865c472bdd2e6820572v-960x640.jpeg\" alt=\"Les supporters donnent tout pour attraper des cadeaux.\" width=\"960\" height=\"640\"\/><br \/>\n    Les supporters donnent tout pour attraper des cadeaux. \u00a9Arnaud H\u00e9roult\/Libert\u00e9 Caen<br \/>\n    <img   decoding=\"async\" loading=\"lazy\" class=\"size-large\" src=\"https:\/\/www.europesays.com\/fr\/wp-content\/uploads\/2025\/07\/c5c20bfd2e686c9c20bfd2e689dc20v-960x640.jpeg\" alt=\"Les supporters donnent tout pour attraper des cadeaux.\" width=\"960\" height=\"640\"\/><br \/>\n    Les supporters donnent tout pour attraper des cadeaux. \u00a9Arnaud H\u00e9roult\/Libert\u00e9<\/p>\n<p class=\" wall-content\"><b>10h42. Un relais \u00e9tape \u00e0 la Colline aux Oiseaux<\/b><\/p>\n<p class=\" wall-content\">Le Relais \u00c9tape du Tour de France a \u00e9t\u00e9 install\u00e9 <b>devant la Colline aux Oiseaux<\/b> \u00e0 Caen le long du parcours du contre-la-montre. Il s\u2019agit, explique ASO l\u2019organisateur de l\u2019\u00e9preuve, du 2e village officiel du Tour qui est install\u00e9 \u00e0 chaque \u00e9tape dans les 50 derniers km du parcours. Plus de 150 invit\u00e9s, partenaires et entreprises locales y passeront la journ\u00e9e pour un repas avec des animations. Toute la journ\u00e9e, une boutique officielle du Tour est \u00e9galement ouverte au grand public.<\/p>\n<p>    <img   decoding=\"async\" loading=\"lazy\" class=\"size-large\" src=\"https:\/\/www.europesays.com\/fr\/wp-content\/uploads\/2025\/07\/596364bb2e6864d6364bb2e68e2736v-960x640.jpeg\" alt=\"Un Relais \u00e9tape install\u00e9 \u00e0 la Colline aux Oiseaux.\" width=\"960\" height=\"640\"\/><br \/>\n    Un Relais \u00e9tape install\u00e9 \u00e0 la Colline aux Oiseaux. \u00a9Arnaud H\u00e9roult\/Libert\u00e9 Caen<\/p>\n<p class=\" wall-content\"><b>10h30. Les coureurs se pr\u00e9parent<\/b><\/p>\n<p class=\" wall-content\">Les coureurs sont en reconnaissance du parcours de 33km du contre-la-montre. Ici \u00e0 Colomby-Anguerny.<\/p>\n<p class=\" wall-content\">\n<p class=\" wall-content\"><b>10h30. La caravane aussi<\/b><\/p>\n<p class=\" wall-content\">Dans une heure, \u00e0 11h35 tr\u00e8s exactement, la caravane du Tour de France va s\u2019\u00e9lancer. Un moment tr\u00e8s attendu par les supporters qui vont partir \u00e0 la chasse aux cadeaux. La marque de lunettes Krys est pr\u00e9sente, avec Margot, 26 ans, en route pour son 7eme Tour de France en tant que distributrice de goodies.<\/p>\n<p>    <img   decoding=\"async\" loading=\"lazy\" class=\"size-large\" src=\"https:\/\/www.europesays.com\/fr\/wp-content\/uploads\/2025\/07\/26d021492e686cbd021492e68cfd02v-960x640.jpeg\" alt=\"Margot, 26 ans, distributrice de goodies sur la caravane Krys du Tour de France.\" width=\"960\" height=\"640\"\/><br \/>\n    Margot, 26 ans, distributrice de goodies sur la caravane Krys du Tour de France. \u00a9Flavie Levionnois\/Libert\u00e9 Caen<\/p>\n<p class=\" wall-content\"><b>Actu Caen<\/b> a aussi sa voiture dans la caravane. Ne nous ratez pas pour avoir, nous avons des surprises pour vous.<\/p>\n<p>    <img   decoding=\"async\" loading=\"lazy\" class=\"size-large\" src=\"https:\/\/www.europesays.com\/fr\/wp-content\/uploads\/2025\/07\/3359649d2e6863759649d2e683b596v-960x640.jpeg\" alt=\"La voiture Actu Caen dans la caravane du Tour de France.\" width=\"960\" height=\"640\"\/><br \/>\n    La voiture Actu Caen dans la caravane du Tour de France. \u00a9Maxence Gorr\u00e9gu\u00e8s\/Libert\u00e9 Caen<\/p>\n<p class=\" wall-content\"><b>&gt; Lire notre article.<\/b> <a href=\"https:\/\/actu.fr\/normandie\/benouville_14060\/tour-de-france-apres-13-ans-au-sein-de-la-caravane-yannick-de-caen-entame-sa-derniere-grande-boucle_62862854.html\" target=\"_blank\" rel=\"noopener\">Tour de France : apr\u00e8s 14 ans au sein de la caravane, Yannick de Caen entame sa derni\u00e8re Grande Boucle<\/a><\/p>\n<p class=\" wall-content\"><b>10h30. Comment le parcours du contre-la-montre a-t-il \u00e9t\u00e9 trac\u00e9 ?<\/b><\/p>\n<p class=\" wall-content\">Thierry Gouvenou, l\u2019homme qui trace le parcours, explique comment il a dessin\u00e9 le contre-la-montre.<\/p>\n<p class=\" wall-content\">\n<p class=\" wall-content\"><b>10h20. La folie sur la zone de d\u00e9part<\/b><\/p>\n<p class=\" wall-content\">A Caen aussi, la folie commence \u00e0 gagner du terrain. Alors que le premier coureur doit s\u2019\u00e9lancer \u00e0 13h05, les supporters sont d\u00e9j\u00e0 tr\u00e8s nombreux et tr\u00e8s souriants dans la zone de d\u00e9part.<\/p>\n<p>    <img   decoding=\"async\" loading=\"lazy\" class=\"size-large\" src=\"https:\/\/www.europesays.com\/fr\/wp-content\/uploads\/2025\/07\/2d8a1a072e686319a1a072e68159a1v-960x640.jpeg\" alt=\"C'est la folie du c\u00f4t\u00e9 de la Tour Leroy pour le Tour de France \u00e0 Caen.\" width=\"960\" height=\"640\"\/><br \/>\n    C\u2019est la folie du c\u00f4t\u00e9 de la Tour Leroy pour le Tour de France \u00e0 Caen. \u00a9Nicolas Claich\/Libert\u00e9 Caen<br \/>\n    <img   decoding=\"async\" loading=\"lazy\" class=\"size-large\" src=\"https:\/\/www.europesays.com\/fr\/wp-content\/uploads\/2025\/07\/464b17e62e6863a4b17e62e681e4b1v-960x640.jpeg\" alt=\"Les supporters d\u00e9j\u00e0 tr\u00e8s nombreux sur la zone de d\u00e9part du Tour de France \u00e0 Caen.\" width=\"960\" height=\"640\"\/><br \/>\n    Les supporters d\u00e9j\u00e0 tr\u00e8s nombreux sur la zone de d\u00e9part du Tour de France \u00e0 Caen. \u00a9Nicolas Claich\/Libert\u00e9<\/p>\n<p class=\" wall-content\"><b>10h15. L\u2019ambiance monte \u00e0 Colomby-Anguerny<\/b><\/p>\n<p class=\" wall-content\">A Colomby-Anguerny, le passage de la caravane est pr\u00e9vue \u00e0 11h53 et les supporters sont d\u00e9j\u00e0 bien pr\u00e9sents.<\/p>\n<p class=\" wall-content\">\n<p class=\" wall-content\"><b>10h12. On se prot\u00e8ge du soleil<\/b><\/p>\n<p class=\" wall-content\">Sur le village du Tour sur le port, Aur\u00e9lien distribue les bobs du D\u00e9partement aux spectateurs dans cette journ\u00e9e qui s\u2019annonce ensoleill\u00e9e.<\/p>\n<p>    <img   decoding=\"async\" loading=\"lazy\" class=\"size-large\" src=\"https:\/\/www.europesays.com\/fr\/wp-content\/uploads\/2025\/07\/52e490152e68676e490152e686ae49v-960x640.jpeg\" alt=\"Des bobs sont distribu\u00e9s aux supporters pour se prot\u00e9ger du soleil normand !\" width=\"960\" height=\"640\"\/><br \/>\n    Des bobs sont distribu\u00e9s aux supporters pour se prot\u00e9ger du soleil normand ! \u00a9Gregory Maucorps\/ Libert\u00e9<\/p>\n<p class=\" wall-content\"><b>10h. L\u2019\u00e9quipe du M\u00e9c\u00e9nat du Coeur est en place<\/b><\/p>\n<p class=\" wall-content\">Avant le contre-la-montre qui partira \u00e0 13h05, une \u00e9quipe du <b>M\u00e9c\u00e9nat du Coeur<\/b> compos\u00e9e de nombreuses personnalit\u00e9s dont Amandine Petit, Dorian Louvet, Paul Belmondo, Bernard Hinault, Thomas Voeckler, Nelson Montfort\u2026vont r\u00e9aliser le parcours pour la bonne cause.<\/p>\n<p class=\" wall-content\"><b>&gt; Lire notre article.<\/b> <a href=\"https:\/\/actu.fr\/normandie\/caen_14118\/pourquoi-amandine-petit-paul-belmondo-et-bernard-hinault-seront-a-caen-mercredi-9-juillet_62854384.html\" target=\"_blank\" rel=\"noopener\">Pourquoi Amandine Petit, Paul Belmondo et Bernard Hinault seront \u00e0 Caen mercredi 9 juillet\u00a0?<\/a><\/p>\n<p>    <img   decoding=\"async\" loading=\"lazy\" class=\"size-large\" src=\"https:\/\/www.europesays.com\/fr\/wp-content\/uploads\/2025\/07\/676e95f32e686bb6e95f32e689f6e9v-960x640.jpeg\" alt=\"L'\u00e9quipe du M\u00e9c\u00e9nat du Coeur avant le contre-la-montre \u00e0 Caen.\" width=\"960\" height=\"640\"\/><br \/>\n    L\u2019\u00e9quipe du M\u00e9c\u00e9nat du Coeur avant le contre-la-montre \u00e0 Caen. \u00a9Gregory Maucorps<\/p>\n<p class=\" wall-content\">\n<p class=\" wall-content\">\n<p class=\" wall-content\"><b>9h30. Un Tour de France sous haute surveillance<\/b><\/p>\n<p class=\" wall-content\">Il n\u2019y a pas que les coureurs et les journalistes de Libert\u00e9 qui se l\u00e8vent t\u00f4t pour cette \u00e9tape du Tour de France \u00e0 Caen : depuis 7h30, le centre op\u00e9rationnel d\u00e9partemental est activ\u00e9 \u00e0 la Pr\u00e9fecture. Ils assurent la s\u00e9curit\u00e9 des coureurs et des supporters tout au long de cette journ\u00e9e.<\/p>\n<p class=\" wall-content\">\n<p class=\" wall-content\"><b>9h25. Des jeunes vont faire le parcours<\/b><\/p>\n<p class=\" wall-content\">8 jeunes du p\u00f4les cycliste de Caen vont s\u2019\u00e9lancer \u00e0 9h25 en groupe sur le parcours du contre-la-montre.<\/p>\n<p>    <img   decoding=\"async\" loading=\"lazy\" class=\"size-large\" src=\"https:\/\/www.europesays.com\/fr\/wp-content\/uploads\/2025\/07\/4437ef3a1e6863837ef3a1e681c37ev-960x640.jpeg\" alt=\"Des jeunes cyclistes vont faire le parcours avant les professionnels.\" width=\"960\" height=\"640\"\/><br \/>\n    Des jeunes cyclistes vont faire le parcours avant les professionnels. \u00a9Maxence Gorr\u00e9gu\u00e8s Libert\u00e9<\/p>\n<p class=\" wall-content\"><a href=\"https:\/\/www.instagram.com\/reel\/DL4RUQKtzIE\/embed\" title=\"Ouvrir le lien sur Instagram\" target=\"_blank\" rel=\"noopener\">Visualiser le contenu sur Instagram<\/a><\/p>\n<p class=\" wall-content\"><b>9h20. Le port de Caen en \u00e9bullition<\/b><\/p>\n<p class=\" wall-content\">C\u2019est sur le port que les \u00e9quipes de coureurs prennent place pour la pr\u00e9paration avant le contre-la-montre. Des cars du Tour de France ont litt\u00e9ralement envahi l\u2019espace. Les premiers curieux arrivent pour voir les \u00e9quipes.<\/p>\n<p>    <img decoding=\"async\" loading=\"lazy\" class=\"size-large\" src=\"https:\/\/www.europesays.com\/fr\/wp-content\/uploads\/2025\/07\/3bd7b9281e6863fd7b9281e6813e7bv-605x640.jpeg\" alt=\"L'\u00e9quipe UAE Team Emirate de Tadej Poga\u010dar sur le pont d\u00e8s 8h du matin.\" width=\"605\" height=\"640\"\/><br \/>\n    L\u2019\u00e9quipe UAE Team Emirate de Tadej Poga\u010dar sur le pont d\u00e8s 8h du matin. \u00a9Libert\u00e9 Caen<br \/>\n    <img   decoding=\"async\" loading=\"lazy\" class=\"size-large\" src=\"https:\/\/www.europesays.com\/fr\/wp-content\/uploads\/2025\/07\/acfbc9281e686900cc9281e68640ccv-960x640.jpeg\" alt=\"Le port de Caen en effervescence pour le Tour de France.\" width=\"960\" height=\"640\"\/><br \/>\n    Le port de Caen en effervescence pour le Tour de France. \u00a9Libert\u00e9 Caen<\/p>\n<p class=\" wall-content\"><b>9h15. Ordre de passage <\/b>des coureurs<b> et maillot jaune <\/b>\u00e0 Caen<\/p>\n<p class=\" wall-content\">C\u2019est Tadej Poga\u00e7ar qui a gagn\u00e9 <a href=\"https:\/\/actu.fr\/normandie\/rouen_76540\/le-tour-de-france-arrive-a-rouen-la-fete-et-les-coulisses-a-suivre-en-direct_62875764.html\" target=\"_blank\" rel=\"noopener\">la 4e \u00e9tape \u00e0 Rouen (Seine-Maritime)<\/a> mardi 8 juillet. Mais c\u2019est van der Poel qui <b>portera le maillot jaune<\/b> \u00e0 Caen ce mercredi. Il s\u2019\u00e9lancera donc en dernier du contre-la-montre, \u00e0 17h.<br \/>&gt; <b>Lire notre article<\/b> : <a href=\"https:\/\/actu.fr\/normandie\/caen_14118\/tour-de-france-2025-on-connait-lordre-de-passage-des-coureurs-sur-le-contre-la-montre-de-caen_62885093.html\" target=\"_blank\" rel=\"noopener\">On conna\u00eet l\u2019ordre de passage des coureurs sur le contre-la-montre de Caen<\/a><br \/>&gt; <b>Lire notre article<\/b> : <a href=\"https:\/\/actu.fr\/normandie\/caen_14118\/tour-de-france-van-der-poel-sera-en-jaune-dans-les-rues-de-caen_62885197.html\" target=\"_blank\" rel=\"noopener\">Van der Poel sera en jaune dans les rues de Caen<\/a><\/p>\n<p class=\" wall-content\"><b>09h12. <\/b>D\u00e8s hier mardi, des centaines de spectateurs ont r\u00e9serv\u00e9 leur place sur le bord des routes du parcours, au nord de Caen. Essentiellement des passionn\u00e9s <b>venus en camping-cars<\/b>.<br \/><b>&gt; Lire notre article<\/b> : <a href=\"https:\/\/actu.fr\/normandie\/caen_14118\/tour-de-france-2025-des-centaines-de-camping-cars-ont-deja-envahi-les-environs-de-caen_62884790.html\" target=\"_blank\" rel=\"noopener\">Des centaines de camping-cars ont d\u00e9j\u00e0 envahi les environs de Caen<\/a><\/p>\n<blockquote class=\"twitter-tweet wall-content\" data-width=\"500\" data-dnt=\"true\">\n<p lang=\"fr\" dir=\"ltr\">Des centaines de caravanes d\u00e9j\u00e0 positionn\u00e9es sur les routes au nord de <a href=\"https:\/\/twitter.com\/hashtag\/Caen?src=hash&amp;ref_src=twsrc%5Etfw\" target=\"_blank\" rel=\"noopener\">#Caen<\/a> en cette veille de contre-la-montre.<a href=\"https:\/\/twitter.com\/hashtag\/TourDeFrance?src=hash&amp;ref_src=twsrc%5Etfw\" target=\"_blank\" rel=\"noopener\">#TourDeFrance<\/a> <a href=\"https:\/\/t.co\/4wtgAUN7xI\">pic.twitter.com\/4wtgAUN7xI<\/a><\/p>\n<p>\u2014 Libert\u00e9 (@LIBERTE_CAEN) <a href=\"https:\/\/twitter.com\/LIBERTE_CAEN\/status\/1942603119982006478?ref_src=twsrc%5Etfw\" target=\"_blank\" rel=\"noopener\">July 8, 2025<\/a><\/p>\n<\/blockquote>\n<p class=\" wall-content\"><b>09h02<\/b>. Alors que le centre-ville se vidait de ses voitures et que des rues \u00e9taient ferm\u00e9es, la soir\u00e9e de mardi s\u2019est d\u00e9roul\u00e9e dans le calme. Mais \u00e0 partir de 22h30, des <b>dizaines de camions<\/b> sont arriv\u00e9es dans le secteur du port et de la prairie pour installer les zones de d\u00e9part et d\u2019arriv\u00e9e. Un ballet impressionnant.\u00a0<\/p>\n<p class=\" wall-content\">\n<p class=\" wall-content\"><b>09h<\/b>. <b>L\u2019histoire du Tour de France<\/b> \u00e0 Caen<br \/>Le Tour de France a visit\u00e9 Caen \u00e0 35 reprises en 100 ans. La premi\u00e8re fois c\u2019\u00e9tait en 1905 \u00e0 l\u2019occasion de la 3e \u00e9dition. La derni\u00e8re fois que la Grande Boucle est venue \u00e0 Caen (avant ce contre-la-montre), c\u2019\u00e9tait en 2006, il y a 19 ans. L\u2019Espagnol <b>Oscar Freire<\/b> s\u2019offre le sprint sur le boulevard Yves Guillou.<\/p>\n<p class=\" wall-content\"><b>&gt; Lire notre article<\/b> : <a href=\"https:\/\/actu.fr\/normandie\/caen_14118\/la-retro-du-tour-de-france-a-caen-une-histoire-de-122-ans-en-10-dates_62874198.html\" target=\"_blank\" rel=\"noopener\">La r\u00e9tro du Tour de France \u00e0 Caen : une histoire de 122 ans en 10 dates<\/a><\/p>\n<p>    <img   decoding=\"async\" loading=\"lazy\" class=\"size-large\" src=\"https:\/\/www.europesays.com\/fr\/wp-content\/uploads\/2025\/07\/1742e6824d6863b42e6824d681f42ev-960x640.jpeg\" alt=\"En 2006, l'Espagnol Oscar Freire s'offre le sprint sur le boulevard Yves Guillou. C'\u00e9tait le dernier passage du Tour de France \u00e0 Caen.\" width=\"960\" height=\"640\"\/><br \/>\n    En 2006, l\u2019Espagnol Oscar Freire s\u2019offre le sprint sur le boulevard Yves Guillou. C\u2019\u00e9tait le dernier passage du Tour de France \u00e0 Caen. \u00a9ASO<\/p>\n<p class=\" wall-content\"><b>08h35.<\/b> Une <b>\u00e9tape de 33km<\/b> dans les rues de Caen.<br \/>Apr\u00e8s le passage de la caravane (entre 11h35 et 12h24), \u00e7a sera au tour des coureurs de s\u2019\u00e9lancer pour les 33km du contre-la-montre. Le premier partira \u00e0 13h05 et le dernier \u00e0 17h.<br \/>Le d\u00e9part sera donn\u00e9 au niveau du n\u00b052 du boulevard des Alli\u00e9s face \u00e0 la Tour Leroy. L\u2019arriv\u00e9e se fera sur le cours G\u00e9n\u00e9ral de Gaulle.<br \/>&gt; <b>Notre journaliste, fan de cyclisme, Mathis Gu\u00e9rineau a effectu\u00e9 le parcours. D\u00e9couvrez le en vid\u00e9o.<\/b><\/p>\n<blockquote class=\"tiktok-embed\" cite=\"https:\/\/www.tiktok.com\/@actucaen\/video\/7524384141572410626\" data-video-id=\"7524384141572410626\" data-embed-from=\"oembed\" style=\"max-width:605px; min-width:325px;\"><p>\n<a target=\"_blank\" title=\"@actucaen\" href=\"https:\/\/www.tiktok.com\/@actucaen?refer=embed\" rel=\"noopener\">@actucaen<\/a> <\/p>\n<p>On a test\u00e9 l\u2019\u00e9tape 5 du <a title=\"tourdefrance\" target=\"_blank\" href=\"https:\/\/www.tiktok.com\/tag\/tourdefrance?refer=embed\" rel=\"noopener\">#Tourdefrance<\/a> \u00e0 <a title=\"caen\" target=\"_blank\" href=\"https:\/\/www.tiktok.com\/tag\/caen?refer=embed\" rel=\"noopener\">#Caen<\/a> \ud83d\udeb2 33 km de contre-la-montre. Les coureurs seront au rendez-vous ce mercredi ! \ud83d\ude4f\ud83d\udcaa\ud83d\udd25 Bravo \u00e0 notre journaliste Mathis pour cet effort, micro sur le v\u00e9lo !<\/p>\n<p> <a target=\"_blank\" title=\"\u266c son original - actucaen\" href=\"https:\/\/www.tiktok.com\/music\/son-original-7524384154029411094?refer=embed\" rel=\"noopener\">\u266c son original \u2013 actucaen<\/a> <\/p>\n<\/blockquote>\n<ul class=\" wall-content\">\n<li><a href=\"https:\/\/actu.fr\/normandie\/caen_14118\/tour-de-france-2025-dans-quelles-rues-de-caen-passe-precisement-le-contre-la-montre-mercredi_62879528.html\" target=\"_blank\" rel=\"noopener\">Tour de France 2025. Dans quelles rues de Caen passe pr\u00e9cis\u00e9ment le contre-la-montre mercredi\u00a0?<\/a><\/li>\n<\/ul>\n<p>    <a href=\"https:\/\/www.google.com\/maps\/d\/u\/1\/embed?mid=1Jj503a-SC6xx8F9ZfEFgWGhL3enxu8k&amp;ehbc=2E312F\" title=\"Ouvrie le lien\" target=\"_blank\" rel=\"noopener\">Cliquez ici pour visualiser le contenu<\/a><\/p>\n<p class=\" wall-content\"><b>08h.<\/b> Nos<b> infos pratiques<\/b> pour cette journ\u00e9e du Tour de France\u00a0<\/p>\n<p class=\" wall-content\">Suivez toute l\u2019actualit\u00e9 de vos villes et m\u00e9dias favoris en vous inscrivant \u00e0 <a href=\"https:\/\/moncompte.actu.fr\" title=\"D\u00e9couvez Mon Actu\" rel=\"nofollow noopener\" data-trk=\"{&quot;cta&quot;:{&quot;action&quot;:&quot;https:\\\/\\\/moncompte.actu.fr&quot;,&quot;category&quot;:&quot;mon compte&quot;,&quot;from&quot;:&quot;article footer&quot;,&quot;name&quot;:&quot;Mon actu&quot;,&quot;type&quot;:&quot;cta&quot;}}\" target=\"_blank\">Mon Actu<\/a>.<\/p>\n<ul class=\"ac-article-tag wall-content\">\n<li><a href=\"https:\/\/actu.fr\/tag\/caen\" data-trk=\"{&quot;cta&quot;:{&quot;action&quot;:&quot;Caen&quot;,&quot;category&quot;:&quot;tag&quot;,&quot;from&quot;:&quot;article footer&quot;,&quot;name&quot;:&quot;Caen&quot;,&quot;type&quot;:&quot;cta&quot;}}\" target=\"_blank\" rel=\"noopener\">#Caen<\/a><\/li>\n<li><a href=\"https:\/\/actu.fr\/tag\/tour-de-france-2025\" data-trk=\"{&quot;cta&quot;:{&quot;action&quot;:&quot;Tour de France 2025&quot;,&quot;category&quot;:&quot;tag&quot;,&quot;from&quot;:&quot;article footer&quot;,&quot;name&quot;:&quot;Tour de France 2025&quot;,&quot;type&quot;:&quot;cta&quot;}}\" target=\"_blank\" rel=\"noopener\">#Tour de France 2025<\/a><\/li>\n<\/ul>\n<p>                    <script async src=\"https:\/\/platform.twitter.com\/widgets.js\" charset=\"utf-8\"><\/script><script async src=\"\/\/www.instagram.com\/embed.js\"><\/script><script async src=\"\/\/www.tiktok.com\/embed.js\"><\/script><\/p>\n","protected":false},"excerpt":{"rendered":"Par Margaux Rousset Publi\u00e9 le 9 juil. 2025 \u00e0 11h02 C\u2019est parti ! Caen (Calvados) et ses environs&hellip;\n","protected":false},"author":2,"featured_media":237267,"comment_status":"","ping_status":"","sticky":false,"template":"","format":"standard","meta":{"footnotes":""},"categories":[1411],"tags":[5492,1154,207,1011,27,104,60,2116],"class_list":{"0":"post-237266","1":"post","2":"type-post","3":"status-publish","4":"format-standard","5":"has-post-thumbnail","7":"category-cyclisme","8":"tag-caen","9":"tag-cycling","10":"tag-cyclisme","11":"tag-fr","12":"tag-france","13":"tag-societe","14":"tag-sports","15":"tag-tour-de-france-2025"},"share_on_mastodon":{"url":"https:\/\/pubeurope.com\/@fr\/114822607892916365","error":""},"_links":{"self":[{"href":"https:\/\/www.europesays.com\/fr\/wp-json\/wp\/v2\/posts\/237266","targetHints":{"allow":["GET"]}}],"collection":[{"href":"https:\/\/www.europesays.com\/fr\/wp-json\/wp\/v2\/posts"}],"about":[{"href":"https:\/\/www.europesays.com\/fr\/wp-json\/wp\/v2\/types\/post"}],"author":[{"embeddable":true,"href":"https:\/\/www.europesays.com\/fr\/wp-json\/wp\/v2\/users\/2"}],"replies":[{"embeddable":true,"href":"https:\/\/www.europesays.com\/fr\/wp-json\/wp\/v2\/comments?post=237266"}],"version-history":[{"count":0,"href":"https:\/\/www.europesays.com\/fr\/wp-json\/wp\/v2\/posts\/237266\/revisions"}],"wp:featuredmedia":[{"embeddable":true,"href":"https:\/\/www.europesays.com\/fr\/wp-json\/wp\/v2\/media\/237267"}],"wp:attachment":[{"href":"https:\/\/www.europesays.com\/fr\/wp-json\/wp\/v2\/media?parent=237266"}],"wp:term":[{"taxonomy":"category","embeddable":true,"href":"https:\/\/www.europesays.com\/fr\/wp-json\/wp\/v2\/categories?post=237266"},{"taxonomy":"post_tag","embeddable":true,"href":"https:\/\/www.europesays.com\/fr\/wp-json\/wp\/v2\/tags?post=237266"}],"curies":[{"name":"wp","href":"https:\/\/api.w.org\/{rel}","templated":true}]}}