{"id":237272,"date":"2025-07-09T09:40:10","date_gmt":"2025-07-09T09:40:10","guid":{"rendered":"https:\/\/www.europesays.com\/fr\/237272\/"},"modified":"2025-07-09T09:40:10","modified_gmt":"2025-07-09T09:40:10","slug":"en-suisse-un-chalet-dete-pense-comme-une-villa-californienne","status":"publish","type":"post","link":"https:\/\/www.europesays.com\/fr\/237272\/","title":{"rendered":"En Suisse, un chalet d&rsquo;\u00e9t\u00e9 pens\u00e9 comme une villa californienne"},"content":{"rendered":"<p><strong>Parmi les constructions traditionnelles de la montagne suisse, ce chalet se fait une place au soleil.<\/strong><\/p>\n<p>Les lattes de m\u00e9l\u00e8ze teint\u00e9es en noir et la ligne de toit flottante \u00e9voquent la silhouette des chalets alpins traditionnels. Les fen\u00eatres sont masqu\u00e9es par le bardage, cultivant un certain myst\u00e8re.<\/p>\n<p>nicolas sedlatchek<\/p>\n<p>\u00ab D\u00e8s le d\u00e9part, nous recherchions un esprit contemporain, mais avant tout ancr\u00e9 dans le style suisse du <a href=\"https:\/\/www.admagazine.fr\/article\/chalet-montagne-charme-retro\" rel=\"nofollow noopener\" target=\"_blank\">chalet de montagne<\/a> \u00bb, annonce David Montalba, fondateur de l&rsquo;agence d&rsquo;architectes \u00e9ponyme sollicit\u00e9e par un couple genevois pour dessiner sa r\u00e9sidence secondaire dans les Alpes. Bas\u00e9 entre Los Angeles et Lausanne, le studio adopte d&#8217;embl\u00e9e une vision holistique de l&rsquo;habitat. \u00ab Autour du chalet, on trouve de nombreuses constructions rurales, parfois utilis\u00e9es pour stocker du grain. En vieillissant, elles deviennent tr\u00e8s sombres. Nous avons voulu c\u00e9l\u00e9brer cette patine, mais en r\u00e9fl\u00e9chissant \u00e0 la fluidit\u00e9 du b\u00e2ti sur le site \u00bb, poursuit l&rsquo;architecte. En choisissant un bardage de <a href=\"https:\/\/www.admagazine.fr\/article\/minomi-house-chalet-japonais-en-bois\" rel=\"nofollow noopener\" target=\"_blank\">bois<\/a> fonc\u00e9 \u2014 du m\u00e9l\u00e8ze teint\u00e9 \u2013 pour habiller une structure contemporaine, Montalba a r\u00e9ussi le pari d&rsquo;allier l&rsquo;ancrage dans la culture locale \u00e0 la modernit\u00e9 structurelle, \u00e9vitant \u00e0 la fois tout clich\u00e9 r\u00e9gional et toute incoh\u00e9rence avec le paysage.<\/p>\n<p>La forme du chalet devient monolithique au cr\u00e9puscule, les volumes g\u00e9om\u00e9triques empil\u00e9s paraissant plus abstraits sur le flanc de la colline.<\/p>\n<p>nicolas sedlatchekUn chalet sculptural, objet de design<\/p>\n<p>\u00ab Nous voulions que le lieu ressemble \u00e0 un rocher, \u00e0 un objet, plut\u00f4t qu&rsquo;\u00e0 une maison \u00bb, explique David Montalba. Pour ce faire, les architectes misent sur des lignes sobres, sculpturales, dans un luxe discret. \u00ab Ce chalet reste relativement modeste. Si nous avons l&rsquo;habitude de construire des <a href=\"https:\/\/www.admagazine.fr\/article\/a-vendre-villa-architecte-lac-leman\" rel=\"nofollow noopener\" target=\"_blank\">villas<\/a> \u00e0 des millions de dollars, celui-ci est luxueux, d&rsquo;une mani\u00e8re tr\u00e8s simple et sur une surface plut\u00f4t r\u00e9duite \u00bb (ses 200 m\u00e8tres carr\u00e9s paraissant, en effet, sans commune mesure avec les standards du luxe am\u00e9ricain). Dans cette d\u00e9marche de simplicit\u00e9 revendiqu\u00e9e, le plan se pr\u00e9sente de mani\u00e8re basique, s\u00e9parant les espaces communs d&rsquo;une chambre principale et d&rsquo;un studio au niveau inf\u00e9rieur.<\/p>\n","protected":false},"excerpt":{"rendered":"Parmi les constructions traditionnelles de la montagne suisse, ce chalet se fait une place au soleil. Les lattes&hellip;\n","protected":false},"author":2,"featured_media":237273,"comment_status":"","ping_status":"","sticky":false,"template":"","format":"standard","meta":{"footnotes":""},"categories":[1358],"tags":[1348,1384,1385,23909,1386,58,59,1011,27,5324,3067],"class_list":{"0":"post-237272","1":"post","2":"type-post","3":"status-publish","4":"format-standard","5":"has-post-thumbnail","7":"category-arts-et-design","8":"tag-arts","9":"tag-arts-and-design","10":"tag-arts-et-design","11":"tag-chalet","12":"tag-design","13":"tag-divertissement","14":"tag-entertainment","15":"tag-fr","16":"tag-france","17":"tag-montagne","18":"tag-suisse"},"share_on_mastodon":{"url":"https:\/\/pubeurope.com\/@fr\/114822619120518902","error":""},"_links":{"self":[{"href":"https:\/\/www.europesays.com\/fr\/wp-json\/wp\/v2\/posts\/237272","targetHints":{"allow":["GET"]}}],"collection":[{"href":"https:\/\/www.europesays.com\/fr\/wp-json\/wp\/v2\/posts"}],"about":[{"href":"https:\/\/www.europesays.com\/fr\/wp-json\/wp\/v2\/types\/post"}],"author":[{"embeddable":true,"href":"https:\/\/www.europesays.com\/fr\/wp-json\/wp\/v2\/users\/2"}],"replies":[{"embeddable":true,"href":"https:\/\/www.europesays.com\/fr\/wp-json\/wp\/v2\/comments?post=237272"}],"version-history":[{"count":0,"href":"https:\/\/www.europesays.com\/fr\/wp-json\/wp\/v2\/posts\/237272\/revisions"}],"wp:featuredmedia":[{"embeddable":true,"href":"https:\/\/www.europesays.com\/fr\/wp-json\/wp\/v2\/media\/237273"}],"wp:attachment":[{"href":"https:\/\/www.europesays.com\/fr\/wp-json\/wp\/v2\/media?parent=237272"}],"wp:term":[{"taxonomy":"category","embeddable":true,"href":"https:\/\/www.europesays.com\/fr\/wp-json\/wp\/v2\/categories?post=237272"},{"taxonomy":"post_tag","embeddable":true,"href":"https:\/\/www.europesays.com\/fr\/wp-json\/wp\/v2\/tags?post=237272"}],"curies":[{"name":"wp","href":"https:\/\/api.w.org\/{rel}","templated":true}]}}