{"id":237274,"date":"2025-07-09T09:41:17","date_gmt":"2025-07-09T09:41:17","guid":{"rendered":"https:\/\/www.europesays.com\/fr\/237274\/"},"modified":"2025-07-09T09:41:17","modified_gmt":"2025-07-09T09:41:17","slug":"lechappee-belle-de-marta-nice-rendezvous-rayon-livres-pour-la-jeunesse","status":"publish","type":"post","link":"https:\/\/www.europesays.com\/fr\/237274\/","title":{"rendered":"L&rsquo;\u00c9chapp\u00e9e Belle de Marta Nice RendezVous rayon Livres pour la Jeunesse"},"content":{"rendered":"<p>Les \u00e9ditions HongFei pr\u00e9sentent L&rsquo;\u00c9chapp\u00e9e Belle de Marta, l\u2019histoire d\u2019une oie p\u00e2tissi\u00e8re atteinte d\u2019une grande fatigue.<\/p>\n<p><strong>HONGFEI \u00c9DITIONS<\/strong> &#8211; Marta tient une p\u00e2tisserie et, du mardi au dimanche, elle s\u2019active pour cr\u00e9er de jolis g\u00e2teaux tr\u00e8s appr\u00e9ci\u00e9s par sa client\u00e8le et cela occupe toute sa vie. Depuis quelques semaines, Marta se sent moins bien, elle a du mal \u00e0 sortir de son lit et fait m\u00eame bruler ses croissants. Elle se sent fatigu\u00e9e. C\u2019est Varlindo-H\u00e9risson, le vieux docteur, qui lui demande \u00e0 quand remontent ses derni\u00e8res vacances et lui raconte comment, lui, un beau matin est parti se ressourcer en for\u00eat pour se reposer. Elle se d\u00e9cide \u00e0 partir sur l\u2019\u00eele o\u00f9, enfant, elle passait ses vacances avec ses parents. Le s\u00e9jour au bord de la mer lui fera beaucoup de bien et lui permettra de r\u00e9fl\u00e9chir sur l\u2019\u00e9volution de son activit\u00e9 pour ne plus s\u2019\u00e9puiser. Un jour, elle reprendra son sac \u00e0 dos pour rentrer \u00e0 Chouquette-sur-Merle et retrouver ses amis. <br \/>L\u2019histoire permet aux enfants de comprendre que, m\u00eame si on aime son m\u00e9tier, on peut perdre le go\u00fbt des choses \u00e0 cause d\u2019une fatigue extr\u00eame et que le repos est indispensable pour avoir une vie \u00e9quilibr\u00e9e. Les dessins pleins de charme d\u00e9crivent des sc\u00e8nes de la vie avec de nomreux d\u00e9tails qui attirent le regard.<\/p>\n<p>\u00a0<\/p>\n<p><strong>L&rsquo;\u00c9chapp\u00e9e Belle de Marta<br \/>Delphine Roux et Ga\u00eblle Duhaz\u00e9<br \/>HongFei \u00c9ditions<\/strong><br \/>72 pages<br \/>Format 14 x 19,5 cm<br \/>Prix : 16,90 \u20ac<br \/>\u00c2ge d\u00e8s 7 ans<\/p>\n<p><strong>\u00c0 propos des autrices<br \/>Delphine Roux<\/strong> a grandi au milieu de p\u00e2turages ponctu\u00e9s de pommiers. Dipl\u00f4m\u00e9e en lettres et en s\u00e9miologie, elle est sensible aux cultures d\u2019Asie et aux r\u00e9cits de vie. Nourrie de sa pratique de lectrice b\u00e9n\u00e9vole aupr\u00e8s d\u2019enfants, Delphine d\u00e9veloppe une \u00e9criture publi\u00e9e en roman, en po\u00e9sie et en album. L\u2019Amie en bois d\u2019\u00e9rable (HongFei, 2020), illustr\u00e9 par Pascale Moteki, est s\u00e9lectionn\u00e9 par le Prix des Incorruptibles. Elle est membre de l\u2019agence \u00ab Quand les livres relient \u00bb et dispense des formations pour diff\u00e9rentes structures d\u2019enseignement.<br \/><strong>Ga\u00eblle Duhaz\u00e9<\/strong>, dessinatrice autodidacte dipl\u00f4m\u00e9e en histoire de l\u2019art, travaille en tant qu\u2019illustratrice depuis 2008. L\u2019univers qu\u2019elle cr\u00e9e est peupl\u00e9 d\u2019esprits, de formes organiques ou de mille personnages qui font r\u00e9sonner sensibilit\u00e9 et humour. Illustratrice de Cit\u00e9 Babel (Les \u00c9l\u00e9phants, 2015, prix Sorci\u00e8res Documentaire 2016), elle signe sa premi\u00e8re \u0153uvre d\u2019autrice-illustratrice avec Chaton p\u00e2le et les insupportables petits messieurs (HongFei, 2016) et collabore r\u00e9guli\u00e8rement avec l\u2019\u00e9dition et la presse jeunesse. On retrouve aussi de mani\u00e8re plus ponctuelle ses images dans la communication. Elle vit et travaille \u00e0 Nantes.<\/p>\n<p>Copyright \u00a92025 NRV Nice Rendezvous. Tous droits r\u00e9serv\u00e9s. <br \/>@ actualites_nrv #Nice06<\/p>\n<p><img loading=\"lazy\" decoding=\"async\" style=\"margin-right: 20px; margin-bottom: 2px; float: left;\" alt=\"logo-nicerendezvous\" src=\"https:\/\/www.europesays.com\/fr\/wp-content\/uploads\/2025\/04\/logo-nrdv.jpg\" height=\"40\" width=\"40\"\/>Toutes les actualit\u00e9s les plus r\u00e9centes de <strong>NRV<\/strong>, <strong>NiceRendezVous<\/strong>, le site de rencontre avec les \u00e9v\u00e9nements, la culture et l&rsquo;histoire de <strong>Nice, de la C\u00f4te d&rsquo;Azur et de la Principaut\u00e9 de Monaco<\/strong>, sont pr\u00e9sent\u00e9es<a target=\"_blank\" title=\"Les actus r\u00e9centes de Nice-RendezVous sur Google actualit\u00e9s\" href=\"http:\/\/news.google.fr\/news\/search?pz=1&amp;cf=i&amp;ned=fr&amp;hl=fr&amp;q=site%3Anicerendezvous.com&amp;scoring=n&amp;ict=ln\" rel=\"noopener\"> ici par <strong>Google actualit\u00e9<\/strong><\/a><\/p>\n<p id=\"slidetag\">\u00a0<\/p>\n","protected":false},"excerpt":{"rendered":"Les \u00e9ditions HongFei pr\u00e9sentent L&rsquo;\u00c9chapp\u00e9e Belle de Marta, l\u2019histoire d\u2019une oie p\u00e2tissi\u00e8re atteinte d\u2019une grande fatigue. HONGFEI \u00c9DITIONS&hellip;\n","protected":false},"author":2,"featured_media":9501,"comment_status":"","ping_status":"","sticky":false,"template":"","format":"standard","meta":{"footnotes":""},"categories":[1357],"tags":[37642,1379,58,37641,35611,59,1011,27,37644,4075,1380,37643,2401,37645,4765],"class_list":{"0":"post-237274","1":"post","2":"type-post","3":"status-publish","4":"format-standard","5":"has-post-thumbnail","7":"category-livres","8":"tag-bellle","9":"tag-books","10":"tag-divertissement","11":"tag-echappee","12":"tag-editions","13":"tag-entertainment","14":"tag-fr","15":"tag-france","16":"tag-hongfei","17":"tag-jeunesse","18":"tag-livres","19":"tag-mata","20":"tag-nice","21":"tag-rayon","22":"tag-rendezvous"},"share_on_mastodon":{"url":"https:\/\/pubeurope.com\/@fr\/114822623037994954","error":""},"_links":{"self":[{"href":"https:\/\/www.europesays.com\/fr\/wp-json\/wp\/v2\/posts\/237274","targetHints":{"allow":["GET"]}}],"collection":[{"href":"https:\/\/www.europesays.com\/fr\/wp-json\/wp\/v2\/posts"}],"about":[{"href":"https:\/\/www.europesays.com\/fr\/wp-json\/wp\/v2\/types\/post"}],"author":[{"embeddable":true,"href":"https:\/\/www.europesays.com\/fr\/wp-json\/wp\/v2\/users\/2"}],"replies":[{"embeddable":true,"href":"https:\/\/www.europesays.com\/fr\/wp-json\/wp\/v2\/comments?post=237274"}],"version-history":[{"count":0,"href":"https:\/\/www.europesays.com\/fr\/wp-json\/wp\/v2\/posts\/237274\/revisions"}],"wp:featuredmedia":[{"embeddable":true,"href":"https:\/\/www.europesays.com\/fr\/wp-json\/wp\/v2\/media\/9501"}],"wp:attachment":[{"href":"https:\/\/www.europesays.com\/fr\/wp-json\/wp\/v2\/media?parent=237274"}],"wp:term":[{"taxonomy":"category","embeddable":true,"href":"https:\/\/www.europesays.com\/fr\/wp-json\/wp\/v2\/categories?post=237274"},{"taxonomy":"post_tag","embeddable":true,"href":"https:\/\/www.europesays.com\/fr\/wp-json\/wp\/v2\/tags?post=237274"}],"curies":[{"name":"wp","href":"https:\/\/api.w.org\/{rel}","templated":true}]}}