{"id":237275,"date":"2025-07-09T09:42:10","date_gmt":"2025-07-09T09:42:10","guid":{"rendered":"https:\/\/www.europesays.com\/fr\/237275\/"},"modified":"2025-07-09T09:42:10","modified_gmt":"2025-07-09T09:42:10","slug":"julien-arnaud-reagit-a-son-eviction-de-telematin-sur-france-2","status":"publish","type":"post","link":"https:\/\/www.europesays.com\/fr\/237275\/","title":{"rendered":"Julien Arnaud r\u00e9agit \u00e0 son \u00e9viction de \u00abT\u00e9l\u00e9matin\u00bb sur France 2"},"content":{"rendered":"<p>    Le journaliste Julien Arnaud.<br \/>\n                ANTOINE FLAMENT \/ Antoine FLAMENT- France T\u00e9l\u00e9visions<\/p>\n<p><strong>VID\u00c9O &#8211;<\/strong> BFMTV officialisait ce mardi 9 juillet l\u2019arriv\u00e9e du journaliste sur sa cha\u00eene, \u00e0 partir de la rentr\u00e9e prochaine. Deux mois avant, il accorde une interview.<\/p>\n<p class=\"fig-paragraph\">Un petit tour et puis s\u2019en va. Comme souvent ces derni\u00e8res ann\u00e9es, le duo de pr\u00e9sentateurs \u00e0 la t\u00eate de \u00abT\u00e9l\u00e9matin\u00bb change r\u00e9guli\u00e8rement. Pour l\u2019\u00e9quipe form\u00e9e par\u00a0<a href=\"http:\/\/tvmag.lefigaro.fr\/programme-tv\/actu-tele\/telematin-flavie-flament-et-julien-arnaud-ecartes-maya-lauque-et-damien-thevenot-pressentis-pour-les-remplacer-20250702\" data-fig-type=\"NewsFlash\" data-gtm-custom-categorie=\"navigation\" data-gtm-custom-action=\"crossclick\" data-gtm-custom-label=\"Contextuel\" data-gtm-event=\"customEventSPE\" data-fig-domain=\"TVMAG\" rel=\"nofollow noopener\" target=\"_blank\">Flavie Flament et <strong>Julien Arnaud<\/strong><\/a>, qui avaient succ\u00e9d\u00e9 \u00e0 Thomas Sotto et Marie Portolano, une saison aura suffi. \u00c0 la rentr\u00e9e prochaine, ils seront remplac\u00e9s par\u00a0<a href=\"http:\/\/tvmag.lefigaro.fr\/programme-tv\/actu-tele\/telematin-flavie-flament-et-julien-arnaud-ecartes-maya-lauque-et-damien-thevenot-pressentis-pour-les-remplacer-20250702\" data-fig-type=\"NewsFlash\" data-gtm-custom-categorie=\"navigation\" data-gtm-custom-action=\"crossclick\" data-gtm-custom-label=\"Contextuel\" data-gtm-event=\"customEventSPE\" data-fig-domain=\"TVMAG\" rel=\"nofollow noopener\" target=\"_blank\">Maya Lauqu\u00e9 et Damien Th\u00e9venot,<\/a>\u00a0bin\u00f4me qui \u00e9tait aux commandes de l\u2019\u00e9mission le week-end.<\/p>\n<p class=\"fig-paragraph\">De son c\u00f4t\u00e9, Julien Arnaud rejoindra la cha\u00eene d\u2019information BFMTV, mais assurera tout de m\u00eame les JT de 20 Heures de France 2 cet \u00e9t\u00e9. Dans une interview accord\u00e9e au\u00a0<a href=\"https:\/\/www.leparisien.fr\/culture-loisirs\/tv\/cest-la-vie-de-la-tele-evince-de-telematin-julien-arnaud-rejoint-bfmtv-a-la-rentree-08-07-2025-U54AS45D2BDUDIKXQCJVJ4PRQ4.php?at_variant=link&amp;ts=1751990775492\" target=\"_blank\" rel=\"sponsored noopener nofollow\" data-gtm-custom-categorie=\"navigation\" data-gtm-custom-action=\"crossclick\" data-gtm-custom-label=\"Contextuel\" data-gtm-event=\"customEventSPE\">Parisien<\/a>, le journaliste \u00e9voque plus en d\u00e9tail son \u00e9viction de \u00abT\u00e9l\u00e9matin\u00bb. \u00abIl y a des dirigeants qui font des choix. Je les respecte. C\u2019est la vie de la t\u00e9l\u00e9\u00bb, livre Julien Arnaud, avant d\u2019ajouter que France T\u00e9l\u00e9visions lui a propos\u00e9 de pr\u00e9senter \u00abT\u00e9l\u00e9matin\u00bb le week-end \u00e0 partir de la saison prochaine. Une proposition que l\u2019int\u00e9ress\u00e9 a refus\u00e9e. Comme annonc\u00e9 ce mardi, ce sont\u00a0<a href=\"http:\/\/tvmag.lefigaro.fr\/programme-tv\/actu-tele\/telematin-melanie-taravant-succede-a-maya-lauque-et-damien-thevenot-le-week-end-20250708\" target=\"_blank\" data-fig-type=\"Article\" rel=\"noopener nofollow\" data-gtm-custom-categorie=\"navigation\" data-gtm-custom-action=\"crossclick\" data-gtm-custom-label=\"Contextuel\" data-gtm-event=\"customEventSPE\" data-fig-domain=\"TVMAG\">M\u00e9lanie Taravant et Samuel Ollivier<\/a>\u00a0qui h\u00e9riteront de ce cr\u00e9neau \u00e0 la rentr\u00e9e.<\/p>\n<p class=\"fig-body-link\">\n            \u00c0 lire aussi<br \/>\n        <a class=\"fig-body-link__link\" href=\"http:\/\/tvmag.lefigaro.fr\/programme-tv\/actu-tele\/telematin-flavie-flament-et-julien-arnaud-ecartes-maya-lauque-et-damien-thevenot-pressentis-pour-les-remplacer-20250702\" target=\"_blank\" data-fig-type=\"NewsFlash\" rel=\"noopener nofollow\" data-gtm-custom-categorie=\"navigation\" data-gtm-custom-action=\"crossclick\" data-gtm-custom-label=\"Contextuel\" data-gtm-event=\"customEventSPE\" data-fig-domain=\"TVMAG\">Flavie Flament et Julien Arnaud \u00e9cart\u00e9s de \u00abT\u00e9l\u00e9matin\u00bb, Maya Lauqu\u00e9 et Damien Th\u00e9venot les remplacent<br \/>\n    <\/a>\n<\/p>\n<p>                                    <a class=\"fig-a11y-skip a11y-hidden\" href=\"#fig-a11y-skip-main-inarticle\"><br \/>\n        Passer la publicit\u00e9<br \/>\n    <\/a><\/p>\n<p class=\"fig-paragraph\">L\u2019homme de 51 ans a ensuite d\u00e9voil\u00e9 les coulisses de son transfert vers BFMTV. \u00abJ\u2019ai eu une opportunit\u00e9 formidable\u00a0: celle de rejoindre cette cha\u00eene. Depuis le mois de mars, je discute avec Fabien Namias, son directeur g\u00e9n\u00e9ral, que je connais bien pour avoir travaill\u00e9 avec lui \u00e0 LCI. Il y avait une envie commune qui s\u2019est finalement concr\u00e9tis\u00e9e il y a quelques jours\u00bb, confie\u00a0<a href=\"http:\/\/tvmag.lefigaro.fr\/programme-tv\/actu-tele\/julien-arnaud-claque-la-porte-de-france-2-pour-rejoindre-bfmtv-20250708\" data-fig-type=\"Article\" data-gtm-custom-categorie=\"navigation\" data-gtm-custom-action=\"crossclick\" data-gtm-custom-label=\"Contextuel\" data-gtm-event=\"customEventSPE\" data-fig-domain=\"TVMAG\" rel=\"nofollow noopener\" target=\"_blank\">Julien Arnaud.\u00a0<\/a><\/p>\n<blockquote class=\"fig-quote&#10;    \">\n<p class=\"fig-quote__text\">J\u2019esp\u00e8re d\u2019ailleurs que \u00ab T\u00e9l\u00e9matin\u00a0\u00bb va continuer encore longtemps, et je souhaite le meilleur \u00e0 ses futurs animateurs.<\/p>\n<p>            Julien Arnaud\n    <\/p><\/blockquote>\n<p class=\"fig-paragraph\">Il poursuit, d\u00e9taillant son projet sur la cha\u00eene d\u2019information\u00a0: \u00abJe vais y animer le 10h-12h, une case strat\u00e9gique pour la cha\u00eene, dans la continuit\u00e9 de sa matinale. Je veux y faire ce que je sais faire\u00a0: \u00eatre le plus r\u00e9actif possible et d\u00e9velopper des angles pour aller toujours plus loin sur l\u2019info du moment.\u00bb Julien Arnaud animera \u00e9galement de grandes soir\u00e9es politiques aux c\u00f4t\u00e9s d\u2019Apolline de Malherbe et de\u00a0<a href=\"http:\/\/tvmag.lefigaro.fr\/programme-tv\/actu-tele\/maxime-switek-annonce-l-arrivee-d-yves-threard-dans-le-jt-de-20h-de-bfmtv-20250704\" data-fig-type=\"Article\" data-gtm-custom-categorie=\"navigation\" data-gtm-custom-action=\"crossclick\" data-gtm-custom-label=\"Contextuel\" data-gtm-event=\"customEventSPE\" data-fig-domain=\"TVMAG\" rel=\"nofollow noopener\" target=\"_blank\">Maxime Switek<\/a>. \u00abIl y a des \u00e9ch\u00e9ances politiques importantes qui arrivent, entre les municipales de 2026 et la pr\u00e9sidentielle un an plus tard. C\u2019\u00e9tait important, pour moi, d\u2019\u00eatre au c\u0153ur de ce processus\u00bb, souligne-t-il.<\/p>\n<p class=\"fig-paragraph\"><strong>\u00c0 VOIR AUSSI &#8211; <\/strong>\u00abVous traversez l\u2019\u00e9cran, ou vous ne le traversez pas\u00bb\u00a0: Thierry Beccaro analyse la baisse d\u2019audience de \u00abT\u00e9l\u00e9matin\u00bb<\/p>\n<p class=\"fig-paragraph\">Esp\u00e8re-t-il rester plus d\u2019un an\u00a0? \u00abBien s\u00fbr, je m\u2019inscris dans un projet de temps long. CMA-CGM (groupe propri\u00e9taire de BFMTV, ndlr) est pr\u00e9sent dans la presse, la t\u00e9l\u00e9vision et la radio, et est sur le point de racheter le m\u00e9dia Brut. C\u2019est aussi pour moi une palette de futures activit\u00e9s possibles\u00bb, analyse\u00a0<a href=\"http:\/\/tvmag.lefigaro.fr\/programme-tv\/actu-tele\/telematin-pourquoi-flavie-flament-et-julien-arnaud-etaient-ils-absents-ce-matin-20250312\" data-fig-type=\"Article\" data-gtm-custom-categorie=\"navigation\" data-gtm-custom-action=\"crossclick\" data-gtm-custom-label=\"Contextuel\" data-gtm-event=\"customEventSPE\" data-fig-domain=\"TVMAG\" rel=\"nofollow noopener\" target=\"_blank\">Julien Arnaud,<\/a>\u00a0avant d\u2019assurer qu\u2019il ne regrette en aucun cas son passage dans la matinale de France 2. \u00abC\u2019\u00e9tait un passage court mais magnifique. J\u2019y ai \u00e9t\u00e9 tr\u00e8s heureux. C\u2019\u00e9tait une \u00e9tape importante de ma vie professionnelle apr\u00e8s vingt-sept ans \u00e0 TF1. J\u2019esp\u00e8re d\u2019ailleurs que \u201cT\u00e9l\u00e9matin\u201d va continuer encore longtemps, et je souhaite le meilleur \u00e0 ses futurs animateurs.\u00bb<\/p>\n","protected":false},"excerpt":{"rendered":"Le journaliste Julien Arnaud. ANTOINE FLAMENT \/ Antoine FLAMENT- France T\u00e9l\u00e9visions VID\u00c9O &#8211; BFMTV officialisait ce mardi 9&hellip;\n","protected":false},"author":2,"featured_media":237276,"comment_status":"","ping_status":"","sticky":false,"template":"","format":"standard","meta":{"footnotes":""},"categories":[1356],"tags":[10831,58,59,1011,27,2400,594,252,1364],"class_list":{"0":"post-237275","1":"post","2":"type-post","3":"status-publish","4":"format-standard","5":"has-post-thumbnail","7":"category-television","8":"tag-bfmtv","9":"tag-divertissement","10":"tag-entertainment","11":"tag-fr","12":"tag-france","13":"tag-france-televisions","14":"tag-france-2","15":"tag-television","16":"tag-tv"},"share_on_mastodon":{"url":"https:\/\/pubeurope.com\/@fr\/114822627002016065","error":""},"_links":{"self":[{"href":"https:\/\/www.europesays.com\/fr\/wp-json\/wp\/v2\/posts\/237275","targetHints":{"allow":["GET"]}}],"collection":[{"href":"https:\/\/www.europesays.com\/fr\/wp-json\/wp\/v2\/posts"}],"about":[{"href":"https:\/\/www.europesays.com\/fr\/wp-json\/wp\/v2\/types\/post"}],"author":[{"embeddable":true,"href":"https:\/\/www.europesays.com\/fr\/wp-json\/wp\/v2\/users\/2"}],"replies":[{"embeddable":true,"href":"https:\/\/www.europesays.com\/fr\/wp-json\/wp\/v2\/comments?post=237275"}],"version-history":[{"count":0,"href":"https:\/\/www.europesays.com\/fr\/wp-json\/wp\/v2\/posts\/237275\/revisions"}],"wp:featuredmedia":[{"embeddable":true,"href":"https:\/\/www.europesays.com\/fr\/wp-json\/wp\/v2\/media\/237276"}],"wp:attachment":[{"href":"https:\/\/www.europesays.com\/fr\/wp-json\/wp\/v2\/media?parent=237275"}],"wp:term":[{"taxonomy":"category","embeddable":true,"href":"https:\/\/www.europesays.com\/fr\/wp-json\/wp\/v2\/categories?post=237275"},{"taxonomy":"post_tag","embeddable":true,"href":"https:\/\/www.europesays.com\/fr\/wp-json\/wp\/v2\/tags?post=237275"}],"curies":[{"name":"wp","href":"https:\/\/api.w.org\/{rel}","templated":true}]}}