{"id":237279,"date":"2025-07-09T09:44:11","date_gmt":"2025-07-09T09:44:11","guid":{"rendered":"https:\/\/www.europesays.com\/fr\/237279\/"},"modified":"2025-07-09T09:44:11","modified_gmt":"2025-07-09T09:44:11","slug":"laccident-de-piano-le-nouveau-dupieux-est-il-un-fiasco-la-libre-be","status":"publish","type":"post","link":"https:\/\/www.europesays.com\/fr\/237279\/","title":{"rendered":"&quot;L&#039;accident de piano&quot;, le nouveau Dupieux, est-il un fiasco ? &#8211; La Libre.be"},"content":{"rendered":"<ol>\n<li><a href=\"https:\/\/news.google.com\/rss\/articles\/CBMi0wFBVV95cUxNX21wdUJSVklCZkx3czc0LXd4TDdKS000NGl2ci1PSU9yZnVHei1fLUFpUnAzWTZmbk84TXNvaDZacDhlcnF3alVQaVltMjFtT0YtNTlUcmZ2QjBiZE9LUnRRdHdUaGh5OGRYMWZCdGEzSVVkMXRnV3lyRGJQUVB6NmpURTNmbEN0bkJwcHhOTGExNW1VaTgzQVNHVWt4LVVBOXZPcnJMc25vcXhpZU45em1HMnEzT0ZNam9ycXRxeW5DMHJtOHdZckJ6OVBpbkFLS3F3?oc=5\" target=\"_blank\" rel=\"nofollow noopener\">\u00ab\u00a0L&rsquo;accident de piano\u00a0\u00bb, le nouveau Dupieux, est-il un fiasco ?<\/a>&nbsp;&nbsp;La Libre.be<\/li>\n<li><a href=\"https:\/\/news.google.com\/rss\/articles\/CBMi1wFBVV95cUxOai1iTENyX3NFeE92TkdlREppQS11dS1nd1ctWGczalF1aTVYb0FqNnBXZ3FrZ05JQUFaZFlQczhZT0RNVjEySTN3S3F6eXJDSVdLNEZzWTNLS1E4N29Id0puUzNhUTUyb1JMXzdpdmR6WEtfbFRBelAtSmg3a3VhOTZFZWk1T3k4el94TURLNkNhQ1Q4Sjl2ZE8zUDBfNFdKWGlrQTc1cjF3Z1hEXzZtcWU3TUFTZU1na01YMW1yc1NvN3NROTU2T1VBVW83cmJXVnkwNkszNA?oc=5\" target=\"_blank\" rel=\"nofollow noopener\">Pour Quentin Dupieux, Ad\u00e8le Exarchopoulos a ferm\u00e9 la porte du glamour \u00e0 double tour<\/a>&nbsp;&nbsp;Le HuffPost<\/li>\n<li><a href=\"https:\/\/news.google.com\/rss\/articles\/CBMihgJBVV95cUxQNGZwVU40bVFRYlV3UU4tOFhQeFlpNk9lWVlpZ0FSV29FQ2czVDNFdDQ4cnlVcV9xV1hDNWcwaHlZbkpXVWxfbWZKWTAyZGk0OW1JMC1tRVhWeEljbnJ5UEl0U1NfS0lsSFREYWdrcV9pS0NqNGplV0thMTdMRS1FczRYb2ZNMGJkczRiZjdseVhVN3YzTVF0eWRZa28tdGgzZWNoc3dabGJ1N1ZmZ2dKTkJWLXJSZWktamdmVnZ5ekkxVWtKOGdINDU4VlNVdG5UOWRUV3F3dk04X0NxUFlyZjRPZF9HMElQUEhUYmRaQUhvNlY5MVM4U2dDTWprRm5CanRIQkxR?oc=5\" target=\"_blank\" rel=\"nofollow noopener\">Nathalie Heinich, sociologue, \u00e0 propos du film \u00ab L\u2019Accident de piano \u00bb : \u00ab Internet a cr\u00e9\u00e9 la visibilit\u00e9 autoproduite \u00bb<\/a>&nbsp;&nbsp;Le Monde.fr<\/li>\n<li><a href=\"https:\/\/news.google.com\/rss\/articles\/CBMiowFBVV95cUxPUEs3VjNBS3BPd3RtUlZqVk9OdmgxTks1Y0RVQkNjSm1HdjJEMWpHbGVIdUJudzUxQXd5aHE3SGVQQy1IaF9vSU5aZUM4RWZIS0RPbU1XbXMyVnpPdkxyNnU5YmJ5T0JiVWRxWGZBU28xdm5ic2dJSC1Scld6RnllRUljbmMzNTJHbzlsOXUyVWM3VE4xb1Z6MXRiZzlaR2tnazhj?oc=5\" target=\"_blank\" rel=\"nofollow noopener\">Cin\u00e9ma : L&rsquo;Accident de Piano, une bonne satire de l&rsquo;humanit\u00e9<\/a>&nbsp;&nbsp;Actu.fr<\/li>\n<li><a href=\"https:\/\/news.google.com\/rss\/articles\/CBMifEFVX3lxTE5iYi1USjVzbEVVTkZuM29SM3JMbTc5UnR1WWRvSUVnbmRHQmp3Qm9kX01iaVBrSG1OYUJncHJLQklidGQyQjd1TnZucW5MUUZ3SWw3SGMzOW53WTZnVUNZQWp4eFB5NFZ2X3ZFM2FwRDgwU2ZYZXpQVGRLSjM?oc=5\" target=\"_blank\" rel=\"nofollow noopener\">Spielberg ? Connais pas par mymp<\/a>&nbsp;&nbsp;SensCritique<\/li>\n<\/ol>\n","protected":false},"excerpt":{"rendered":"\u00ab\u00a0L&rsquo;accident de piano\u00a0\u00bb, le nouveau Dupieux, est-il un fiasco ?&nbsp;&nbsp;La Libre.be Pour Quentin Dupieux, Ad\u00e8le Exarchopoulos a ferm\u00e9&hellip;\n","protected":false},"author":2,"featured_media":237280,"comment_status":"","ping_status":"","sticky":false,"template":"","format":"standard","meta":{"footnotes":""},"categories":[1354],"tags":[58,59,1346,1011,27,1227,1360,9024],"class_list":{"0":"post-237279","1":"post","2":"type-post","3":"status-publish","4":"format-standard","5":"has-post-thumbnail","7":"category-films","8":"tag-divertissement","9":"tag-entertainment","10":"tag-films","11":"tag-fr","12":"tag-france","13":"tag-horizontal","14":"tag-movies","15":"tag-politics"},"share_on_mastodon":{"url":"https:\/\/pubeurope.com\/@fr\/114822634742914409","error":""},"_links":{"self":[{"href":"https:\/\/www.europesays.com\/fr\/wp-json\/wp\/v2\/posts\/237279","targetHints":{"allow":["GET"]}}],"collection":[{"href":"https:\/\/www.europesays.com\/fr\/wp-json\/wp\/v2\/posts"}],"about":[{"href":"https:\/\/www.europesays.com\/fr\/wp-json\/wp\/v2\/types\/post"}],"author":[{"embeddable":true,"href":"https:\/\/www.europesays.com\/fr\/wp-json\/wp\/v2\/users\/2"}],"replies":[{"embeddable":true,"href":"https:\/\/www.europesays.com\/fr\/wp-json\/wp\/v2\/comments?post=237279"}],"version-history":[{"count":0,"href":"https:\/\/www.europesays.com\/fr\/wp-json\/wp\/v2\/posts\/237279\/revisions"}],"wp:featuredmedia":[{"embeddable":true,"href":"https:\/\/www.europesays.com\/fr\/wp-json\/wp\/v2\/media\/237280"}],"wp:attachment":[{"href":"https:\/\/www.europesays.com\/fr\/wp-json\/wp\/v2\/media?parent=237279"}],"wp:term":[{"taxonomy":"category","embeddable":true,"href":"https:\/\/www.europesays.com\/fr\/wp-json\/wp\/v2\/categories?post=237279"},{"taxonomy":"post_tag","embeddable":true,"href":"https:\/\/www.europesays.com\/fr\/wp-json\/wp\/v2\/tags?post=237279"}],"curies":[{"name":"wp","href":"https:\/\/api.w.org\/{rel}","templated":true}]}}