{"id":237297,"date":"2025-07-09T09:53:10","date_gmt":"2025-07-09T09:53:10","guid":{"rendered":"https:\/\/www.europesays.com\/fr\/237297\/"},"modified":"2025-07-09T09:53:10","modified_gmt":"2025-07-09T09:53:10","slug":"loire-quatre-personnes-evacuees-a-lhopital-apres-un-incendie-a-saint-chamond","status":"publish","type":"post","link":"https:\/\/www.europesays.com\/fr\/237297\/","title":{"rendered":"Loire. Quatre personnes \u00e9vacu\u00e9es \u00e0 l\u2019h\u00f4pital apr\u00e8s un incendie \u00e0 Saint-Chamond"},"content":{"rendered":"<p>Ce mercredi 9\u00a0juillet, aux alentours de 7\u00a0h\u00a030, un incendie s\u2019est d\u00e9clar\u00e9 au 2, rue Lafontaine \u00e0 Saint-Chamond. D\u2019origine \u00e9lectrique, il est parti d\u2019un appartement du 3 e \u00e9tage de la r\u00e9sidence.<\/p>\n<p>\u00c0 8 heures, les sapeurs-pompiers l\u2019ont ma\u00eetris\u00e9 rapidement, et sans probl\u00e8me. Lors de l\u2019\u00e9vacuation, une dizaine de r\u00e9sidents ont inhal\u00e9 des fum\u00e9es. Ils ont \u00e9t\u00e9 pris en charge et quatre d\u2019entre eux ont d\u00fb \u00eatre conduits \u00e0 l\u2019h\u00f4pital.<\/p>\n<p>  Une vingtaine de sapeurs-pompiers sur place<\/p>\n<p>\u00c0 9\u00a0h\u00a030, le dispositif a pu \u00eatre lev\u00e9 et les habitants ont pu regagner leurs logements. Au plus fort de l\u2019op\u00e9ration, une vingtaine de sapeurs-pompiers \u00e9taient pr\u00e9sents, venus de Saint-Chamond, Saint-Etienne La M\u00e9tare et Saint-Jean-Bonnefonds.<\/p>\n<p>Sur place, ils ont \u00e9t\u00e9 \u00e9paul\u00e9s par la police nationale, les services d\u2019urgence du gaz et le Samu\u00a042.<\/p>\n","protected":false},"excerpt":{"rendered":"Ce mercredi 9\u00a0juillet, aux alentours de 7\u00a0h\u00a030, un incendie s\u2019est d\u00e9clar\u00e9 au 2, rue Lafontaine \u00e0 Saint-Chamond. D\u2019origine&hellip;\n","protected":false},"author":2,"featured_media":237298,"comment_status":"","ping_status":"","sticky":false,"template":"","format":"standard","meta":{"footnotes":""},"categories":[9653],"tags":[1111,11,2430,7539,1777,674,274,107,1011,27,1310,3367,12,25,9669,9670,4001],"class_list":{"0":"post-237297","1":"post","2":"type-post","3":"status-publish","4":"format-standard","5":"has-post-thumbnail","7":"category-saint-etienne","8":"tag-actu","9":"tag-actualites","10":"tag-auvergne-rhone-alpes","11":"tag-edition-loire-sud","12":"tag-eu","13":"tag-europe","14":"tag-faits-divers-justice","15":"tag-fil-info","16":"tag-fr","17":"tag-france","18":"tag-incendie","19":"tag-loire","20":"tag-news","21":"tag-republique-francaise","22":"tag-saint-chamond","23":"tag-saint-chamond-ville","24":"tag-saint-etienne"},"share_on_mastodon":{"url":"https:\/\/pubeurope.com\/@fr\/114822670217328862","error":""},"_links":{"self":[{"href":"https:\/\/www.europesays.com\/fr\/wp-json\/wp\/v2\/posts\/237297","targetHints":{"allow":["GET"]}}],"collection":[{"href":"https:\/\/www.europesays.com\/fr\/wp-json\/wp\/v2\/posts"}],"about":[{"href":"https:\/\/www.europesays.com\/fr\/wp-json\/wp\/v2\/types\/post"}],"author":[{"embeddable":true,"href":"https:\/\/www.europesays.com\/fr\/wp-json\/wp\/v2\/users\/2"}],"replies":[{"embeddable":true,"href":"https:\/\/www.europesays.com\/fr\/wp-json\/wp\/v2\/comments?post=237297"}],"version-history":[{"count":0,"href":"https:\/\/www.europesays.com\/fr\/wp-json\/wp\/v2\/posts\/237297\/revisions"}],"wp:featuredmedia":[{"embeddable":true,"href":"https:\/\/www.europesays.com\/fr\/wp-json\/wp\/v2\/media\/237298"}],"wp:attachment":[{"href":"https:\/\/www.europesays.com\/fr\/wp-json\/wp\/v2\/media?parent=237297"}],"wp:term":[{"taxonomy":"category","embeddable":true,"href":"https:\/\/www.europesays.com\/fr\/wp-json\/wp\/v2\/categories?post=237297"},{"taxonomy":"post_tag","embeddable":true,"href":"https:\/\/www.europesays.com\/fr\/wp-json\/wp\/v2\/tags?post=237297"}],"curies":[{"name":"wp","href":"https:\/\/api.w.org\/{rel}","templated":true}]}}