{"id":237303,"date":"2025-07-09T09:58:09","date_gmt":"2025-07-09T09:58:09","guid":{"rendered":"https:\/\/www.europesays.com\/fr\/237303\/"},"modified":"2025-07-09T09:58:09","modified_gmt":"2025-07-09T09:58:09","slug":"le-feu-pres-de-marseille-en-nette-regression-depart-de-flammes-dans-le-gard-des-habitants-evacues-a-toulon-suivez-notre-direct-sur-les-incendies-dans-le-sud-de-la-france","status":"publish","type":"post","link":"https:\/\/www.europesays.com\/fr\/237303\/","title":{"rendered":"Le feu pr\u00e8s de Marseille \u00ab\u00a0en nette r\u00e9gression\u00a0\u00bb, d\u00e9part de flammes dans le Gard, des habitants \u00e9vacu\u00e9s \u00e0 Toulon&#8230; suivez notre direct sur les incendies dans le sud de la France"},"content":{"rendered":"<p>La saison des feux de for\u00eat a d\u00e9but\u00e9 sur le pourtour m\u00e9diterran\u00e9en, <strong>violemment \u00e0 Narbonne ou Marseille<\/strong>.<\/p>\n<p>Plusieurs sinistres <strong>ont \u00e9galement touch\u00e9 le Var et les Alpes-Maritimes<\/strong> ces derniers jours, mais ont pu \u00eatre contenus rapidement.\u00a0<\/p>\n<p>Un feu s&rsquo;est notamment d\u00e9clar\u00e9 en fin d&rsquo;apr\u00e8s-midi mardi <a href=\"https:\/\/www.varmatin.com\/faits-divers\/des-evacuations-dans-des-habitations-en-cours-apres-un-incendie-a-toulon-993490\" target=\"_blank\" rel=\"noopener\">sur les hauteurs du quartier de La Beaucaire, \u00e0 Toulon<\/a>. Il a parcouru un hectare.<\/p>\n<p>Mardi, les pompiers des Bouches-du-Rh\u00f4ne <strong>ont combattu un violent incendie provoqu\u00e9 par un feu de v\u00e9hicule<\/strong> aux\u00a0Pennes-Mirabeau, au nord de Marseille.<\/p>\n<p><strong>Une partie des habitants de la deuxi\u00e8me ville de France a \u00e9t\u00e9 appel\u00e9e \u00e0 se confiner,<\/strong> selon un message d&rsquo;alerte du pr\u00e9fet des Bouches-du-Rh\u00f4ne.<\/p>\n<p>Le feu \u00ab\u00a0est en tr\u00e8s nette r\u00e9gression\u00a0\u00bb, a toutefois d\u00e9clar\u00e9 ce mercredi matin <strong>le pr\u00e9fet des Bouches-du-Rh\u00f4ne, Georges-Fran\u00e7ois Leclerc.<\/strong><\/p>\n<p>Suivez en direct les derni\u00e8res \u00e9volutions du sinistre dans la console ci-dessous. Si vous n&rsquo;arrivez pas \u00e0 voir le live depuis votre smartphone, <a href=\"https:\/\/www.24liveblog.com\/live\/UikIJ\" target=\"_blank\" rel=\"noopener\">cliquez ici<\/a>.<\/p><\/p>\n","protected":false},"excerpt":{"rendered":"La saison des feux de for\u00eat a d\u00e9but\u00e9 sur le pourtour m\u00e9diterran\u00e9en, violemment \u00e0 Narbonne ou Marseille. Plusieurs&hellip;\n","protected":false},"author":2,"featured_media":237304,"comment_status":"","ping_status":"","sticky":false,"template":"","format":"standard","meta":{"footnotes":""},"categories":[9619],"tags":[1111,11,1777,674,118,1011,27,12,882,25,2310],"class_list":{"0":"post-237303","1":"post","2":"type-post","3":"status-publish","4":"format-standard","5":"has-post-thumbnail","7":"category-toulon","8":"tag-actu","9":"tag-actualites","10":"tag-eu","11":"tag-europe","12":"tag-faits-divers","13":"tag-fr","14":"tag-france","15":"tag-news","16":"tag-provence-alpes-cote-dazur","17":"tag-republique-francaise","18":"tag-toulon"},"share_on_mastodon":{"url":"https:\/\/pubeurope.com\/@fr\/114822690036308378","error":""},"_links":{"self":[{"href":"https:\/\/www.europesays.com\/fr\/wp-json\/wp\/v2\/posts\/237303","targetHints":{"allow":["GET"]}}],"collection":[{"href":"https:\/\/www.europesays.com\/fr\/wp-json\/wp\/v2\/posts"}],"about":[{"href":"https:\/\/www.europesays.com\/fr\/wp-json\/wp\/v2\/types\/post"}],"author":[{"embeddable":true,"href":"https:\/\/www.europesays.com\/fr\/wp-json\/wp\/v2\/users\/2"}],"replies":[{"embeddable":true,"href":"https:\/\/www.europesays.com\/fr\/wp-json\/wp\/v2\/comments?post=237303"}],"version-history":[{"count":0,"href":"https:\/\/www.europesays.com\/fr\/wp-json\/wp\/v2\/posts\/237303\/revisions"}],"wp:featuredmedia":[{"embeddable":true,"href":"https:\/\/www.europesays.com\/fr\/wp-json\/wp\/v2\/media\/237304"}],"wp:attachment":[{"href":"https:\/\/www.europesays.com\/fr\/wp-json\/wp\/v2\/media?parent=237303"}],"wp:term":[{"taxonomy":"category","embeddable":true,"href":"https:\/\/www.europesays.com\/fr\/wp-json\/wp\/v2\/categories?post=237303"},{"taxonomy":"post_tag","embeddable":true,"href":"https:\/\/www.europesays.com\/fr\/wp-json\/wp\/v2\/tags?post=237303"}],"curies":[{"name":"wp","href":"https:\/\/api.w.org\/{rel}","templated":true}]}}