{"id":237311,"date":"2025-07-09T10:02:09","date_gmt":"2025-07-09T10:02:09","guid":{"rendered":"https:\/\/www.europesays.com\/fr\/237311\/"},"modified":"2025-07-09T10:02:09","modified_gmt":"2025-07-09T10:02:09","slug":"ou-et-quand-voir-des-feux-dartifice-en-seine-maritime-au-mois-de-juillet","status":"publish","type":"post","link":"https:\/\/www.europesays.com\/fr\/237311\/","title":{"rendered":"O\u00f9 et quand voir des feux d&rsquo;artifice en Seine-Maritime au mois de juillet\u00a0?"},"content":{"rendered":"<p>            Par<br \/>\n        <strong><br \/>\n            <a href=\"https:\/\/actu.fr\/auteur\/julien-bouteiller\" title=\"Consulter tous les articles de Julien Bouteiller\" target=\"_blank\" rel=\"noopener\">Julien Bouteiller<\/a><br \/>\n        <\/strong><\/p>\n<p>        Publi\u00e9 le<\/p>\n<p>            9 juil. 2025 \u00e0 11h20        <\/p>\n<p>Que ce soit pour la f\u00eate nationale ou pour des f\u00eates communales, <strong>les feux d\u2019artifice sont nombreux en ce mois de juillet 2025<\/strong>. Pour vous y retrouver, nous avons dress\u00e9, \u00e0 partir des donn\u00e9es transmises par la pr\u00e9fecture, tous ceux pr\u00e9vus <a href=\"https:\/\/actu.fr\/76actu\/\" target=\"_blank\" rel=\"noopener\">en Seine-Maritime<\/a> ce mois-ci. Attention, les horaires ne nous ont pas \u00e9t\u00e9 pr\u00e9cis\u00e9s, et bien s\u00fbr les spectacles auront lieu sous r\u00e9serve des conditions m\u00e9t\u00e9orologiques.<\/p>\n<p>Les feux d\u2019artifice du 12 juillet en Seine-Maritime<\/p>\n<ul class=\" wall-content\">\n<li>\u00c9talondes<\/li>\n<li>Thiouville<\/li>\n<li>Saint-Saens<\/li>\n<li>Grandcourt<\/li>\n<li>Longueville-sur-Scie<\/li>\n<li>Pavilly\u00a0<\/li>\n<\/ul>\n<p>Les feux d\u2019artifice du 13 juillet en Seine-Maritime<\/p>\n<ul class=\" wall-content\">\n<li>Petit-Caux-Penly<\/li>\n<li>Blangy-sur-Bresle<\/li>\n<li>Criel-sur-mer<\/li>\n<li>Flamets-Fretils<\/li>\n<li>Bremontier-Merval<\/li>\n<li>Anneville-sur-Scie<\/li>\n<li>Veules-les-Roses<\/li>\n<li>Foucarmont<\/li>\n<li>Dieppe<\/li>\n<\/ul>\n<ul class=\" wall-content\">\n<li>Bracquemont<\/li>\n<li>Elbeuf-en-Bray<\/li>\n<li>Veulettes-sur-Mer<\/li>\n<li>Les Grandes-Ventes<\/li>\n<li>Rocquemont<\/li>\n<li>Incheville<\/li>\n<li>Monchaux-Soreng<\/li>\n<li>Luneray<\/li>\n<li>Mesnil-R\u00e9aume<\/li>\n<li>Berneval-le-Grand<\/li>\n<li>Nesle-Normandeuse<\/li>\n<li>Envermeu<\/li>\n<li>Guilmecourt<\/li>\n<li>Le Tr\u00e9port<\/li>\n<li>Freulleville<\/li>\n<li>Saint-Aubin-le-Cauf<\/li>\n<li>Ponts-et-Marais<\/li>\n<li>Guerville<\/li>\n<li>Monchy-sur-Eu<\/li>\n<li>Bacqueville-en-Caux<\/li>\n<li>Rieux<\/li>\n<li>Bailly-en-Rivi\u00e8re<\/li>\n<li>Yerville<\/li>\n<li>Grand-Couronne<\/li>\n<li>Maromme (Parc)<\/li>\n<li>Maromme (Route du Val)<\/li>\n<li>Yvetot<\/li>\n<li>Sotteville-l\u00e8s-Rouen<\/li>\n<li>Caudebec-l\u00e8s-Elbeuf<\/li>\n<li>Duclair<\/li>\n<li>Petit-Couronne<\/li>\n<li>Barentin<\/li>\n<li>Le Trait<\/li>\n<li>Bois-Guilbert<\/li>\n<li>Oissel<\/li>\n<li>Sandouville<\/li>\n<li>Criquebeuf-en-Caux<\/li>\n<li>Port-J\u00e9r\u00f4me-sur-Seine<\/li>\n<li>Montivilliers<\/li>\n<\/ul>\n<p>Les feux d\u2019artifice du 14 juillet en Seine-Maritime<\/p>\n<ul class=\" wall-content\">\n<li>Aumale<\/li>\n<li>Campneuseville<\/li>\n<li>T\u00f4tes<\/li>\n<li>Neufch\u00e2tel-en-Bray<\/li>\n<li>Saint-Martin-aux-Buneaux<\/li>\n<li>Cany-Barville<\/li>\n<li>Arques-la-Bataille<\/li>\n<li>Belmesnil<\/li>\n<li>D\u00e9ville-l\u00e8s-Rouen<\/li>\n<\/ul>\n<ul class=\" wall-content\">\n<li>Saint-\u00c9tienne-du-Rouvray<\/li>\n<li>Rives-en-Seine<\/li>\n<li>Saint-Pierre-de-Varengeville<\/li>\n<li>Bosc-le-Hard<\/li>\n<li>Saint-Valery-en-Caux<\/li>\n<li>Rouen<\/li>\n<li>Saint-Romain-de-Colbosc<\/li>\n<li>Lillebonne<\/li>\n<li>Saint-Vigor-d\u2019Ymonville<\/li>\n<\/ul>\n<p>Les feux d\u2019artifice du 19 juillet en Seine-MaritimeLes feux d\u2019artifice du 20 juillet en Seine-MaritimeLes feux d\u2019artifice du 21 juillet en Seine-MaritimeLes feux d\u2019artifice du 26 juillet en Seine-Maritime<\/p>\n<ul class=\" wall-content\">\n<li>Molagnies<\/li>\n<li>Nolleval<\/li>\n<li>Realcamp<\/li>\n<li>Emanville<\/li>\n<\/ul>\n<p>Les feux d\u2019artifice du 27 juillet en Seine-Maritime<\/p>\n<ul class=\" wall-content\">\n<li>Forges-les-Eaux<\/li>\n<li>Gueutteville-les-Gr\u00e8s<\/li>\n<\/ul>\n<p class=\" wall-content\">Le feu d\u2019artifice de votre commune n\u2019est pas pr\u00e9sent dans cette liste, vous pouvez nous le signaler via le formulaire ci-dessous.<\/p>\n<p>Suivez l\u2019actualit\u00e9 de Rouen <a href=\"https:\/\/www.whatsapp.com\/channel\/0029VaKfnf99hXF2ddApFB1D\" target=\"_blank\" rel=\"noopener\">sur notre cha\u00eene WhatsApp<\/a> et <a href=\"https:\/\/www.tiktok.com\/@76actu.fr?lang=fr\" target=\"_blank\" rel=\"noopener\">sur notre compte TikTok<\/a>Suivez l\u2019actualit\u00e9 du Havre <a href=\"https:\/\/www.whatsapp.com\/channel\/0029VaFqJYE8aKvLBwVrEe0o\" target=\"_blank\" rel=\"noopener\">sur notre cha\u00eene WhatsApp<\/a> et <a href=\"https:\/\/www.tiktok.com\/@76actu.fr?lang=fr\" target=\"_blank\" rel=\"noopener\">sur notre compte TikTok<\/a>Vous souhaitez annoncer un \u00e9v\u00e9nement festif ou associatif, une initiative locale ? Rendez-vous sur notre plateforme <a href=\"https:\/\/www.infolocale.fr\/decouvrir\/actu\/\" target=\"_blank\" rel=\"noopener\">Infolocale<\/a>.<\/p>\n<p class=\" wall-content\">Suivez toute l\u2019actualit\u00e9 de vos villes et m\u00e9dias favoris en vous inscrivant \u00e0 <a href=\"https:\/\/moncompte.actu.fr\" title=\"D\u00e9couvez Mon Actu\" rel=\"nofollow noopener\" data-trk=\"{&quot;cta&quot;:{&quot;action&quot;:&quot;https:\\\/\\\/moncompte.actu.fr&quot;,&quot;category&quot;:&quot;mon compte&quot;,&quot;from&quot;:&quot;article footer&quot;,&quot;name&quot;:&quot;Mon actu&quot;,&quot;type&quot;:&quot;cta&quot;}}\" target=\"_blank\">Mon Actu<\/a>.<\/p>\n<p>                    <script async src=\"\/\/www.tiktok.com\/embed.js\"><\/script><\/p>\n","protected":false},"excerpt":{"rendered":"Par Julien Bouteiller Publi\u00e9 le 9 juil. 2025 \u00e0 11h20 Que ce soit pour la f\u00eate nationale ou&hellip;\n","protected":false},"author":2,"featured_media":237312,"comment_status":"","ping_status":"","sticky":false,"template":"","format":"standard","meta":{"footnotes":""},"categories":[9587],"tags":[1111,11,1777,674,16701,1011,27,1652,12,5161,25,9590],"class_list":{"0":"post-237311","1":"post","2":"type-post","3":"status-publish","4":"format-standard","5":"has-post-thumbnail","7":"category-rouen","8":"tag-actu","9":"tag-actualites","10":"tag-eu","11":"tag-europe","12":"tag-feu-dartifice","13":"tag-fr","14":"tag-france","15":"tag-loisirs-culture","16":"tag-news","17":"tag-normandie","18":"tag-republique-francaise","19":"tag-rouen"},"share_on_mastodon":{"url":"https:\/\/pubeurope.com\/@fr\/114822705631511098","error":""},"_links":{"self":[{"href":"https:\/\/www.europesays.com\/fr\/wp-json\/wp\/v2\/posts\/237311","targetHints":{"allow":["GET"]}}],"collection":[{"href":"https:\/\/www.europesays.com\/fr\/wp-json\/wp\/v2\/posts"}],"about":[{"href":"https:\/\/www.europesays.com\/fr\/wp-json\/wp\/v2\/types\/post"}],"author":[{"embeddable":true,"href":"https:\/\/www.europesays.com\/fr\/wp-json\/wp\/v2\/users\/2"}],"replies":[{"embeddable":true,"href":"https:\/\/www.europesays.com\/fr\/wp-json\/wp\/v2\/comments?post=237311"}],"version-history":[{"count":0,"href":"https:\/\/www.europesays.com\/fr\/wp-json\/wp\/v2\/posts\/237311\/revisions"}],"wp:featuredmedia":[{"embeddable":true,"href":"https:\/\/www.europesays.com\/fr\/wp-json\/wp\/v2\/media\/237312"}],"wp:attachment":[{"href":"https:\/\/www.europesays.com\/fr\/wp-json\/wp\/v2\/media?parent=237311"}],"wp:term":[{"taxonomy":"category","embeddable":true,"href":"https:\/\/www.europesays.com\/fr\/wp-json\/wp\/v2\/categories?post=237311"},{"taxonomy":"post_tag","embeddable":true,"href":"https:\/\/www.europesays.com\/fr\/wp-json\/wp\/v2\/tags?post=237311"}],"curies":[{"name":"wp","href":"https:\/\/api.w.org\/{rel}","templated":true}]}}