{"id":237313,"date":"2025-07-09T10:03:38","date_gmt":"2025-07-09T10:03:38","guid":{"rendered":"https:\/\/www.europesays.com\/fr\/237313\/"},"modified":"2025-07-09T10:03:38","modified_gmt":"2025-07-09T10:03:38","slug":"mise-a-jour-incendie-chez-emmaus-pres-de-rouen-les-pompiers-toujours-mobilises","status":"publish","type":"post","link":"https:\/\/www.europesays.com\/fr\/237313\/","title":{"rendered":"[Mise \u00e0 jour] Incendie chez Emma\u00fcs pr\u00e8s de Rouen : les pompiers toujours mobilis\u00e9s"},"content":{"rendered":"<p>            Par<br \/>\n        <strong><br \/>\n            <a href=\"https:\/\/actu.fr\/auteur\/aurelien-delavaud\" title=\"Consulter tous les articles de Aur\u00e9lien Delavaud\" rel=\"nofollow noopener\" target=\"_blank\">Aur\u00e9lien Delavaud<\/a><br \/>\n        <\/strong><\/p>\n<p>        Publi\u00e9 le<\/p>\n<p>            8 juil. 2025 \u00e0 23h08<br \/>\n        ; mis \u00e0 jour le 9 juil. 2025 \u00e0 7h46    <\/p>\n<p>[Mise \u00e0 jour] Le mercredi 9 juillet 2025, les pompiers font un nouveau point sur l\u2019intervention chez Emma\u00fcs, qui les a mobilis\u00e9s une bonne partie de la nuit. Un peu apr\u00e8s 7 h, sept sapeurs-pompiers \u00e9taient toujours \u00e0 l\u2019oeuvre \u00ab\u00a0pour assurer le noyage des derniers points chauds et leur d\u00e9garnissage\u00a0\u00bb. La bonne nouvelle en revanche, pour l\u2019association, est qu\u2019elle ne devrait pas conna\u00eetre de ch\u00f4mage technique.<\/p>\n<p class=\" wall-content\">Une <b>petite explosion<\/b> entendue dans une bonne partie de la ville, un <b>panache de fum\u00e9e<\/b> visible de loin, puis des <b>flammes<\/b> assez impressionnantes\u2026 Des habitants de <a href=\"https:\/\/actu.fr\/normandie\/saint-pierre-les-elbeuf_76640\" rel=\"nofollow noopener\" target=\"_blank\">Saint-Pierre-l\u00e8s-Elbeuf (Seine-Maritime)<\/a> s\u2019inqui\u00e8tent, dans la soir\u00e9e du mardi 8\u00a0juillet 2025, pour un <b>incendie<\/b>.<\/p>\n<p>De gros moyens d\u00e9ploy\u00e9s<\/p>\n<p class=\" wall-content\">Plus pr\u00e9cis\u00e9ment, le sinistre s\u2019est d\u00e9clar\u00e9 dans les locaux de la communaut\u00e9 Emma\u00fcs, rue du Lieroult, vers 22\u2009h.<\/p>\n<p>    <a href=\"https:\/\/maps.google.com\/maps?q=49.26481660050877,1.0495853418640166&amp;z=15&amp;output=embed\" title=\"Ouvrie le lien\" rel=\"nofollow noopener\" target=\"_blank\">Cliquez ici pour visualiser le contenu<\/a><\/p>\n<p class=\" wall-content\">\u00ab\u2009C\u2019est le local \u00e0 l\u2019entr\u00e9e, qui fait office de bureau et de stockage, qui est en train de br\u00fbler, indique Nadia Mezrar, la maire de la commune, qui s\u2019est rendue sur place. Le feu s\u2019est \u00e9tendu \u00e0 la charpente et le b\u00e2timent est en train de br\u00fbler.\u2009\u00bb<\/p>\n<p class=\" wall-content\">Tr\u00e8s vite, plusieurs engins de pompiers se sont rendus sur place. \u00ab\u00a0Cinq lances \u00e9tablies dont deux sur des \u00e9chelles a\u00e9riennes\u00a0\u00bb sont d\u00e9ploy\u00e9es\u00a0\u00bb, selon les pompiers, qui ajoutent vers 23h 30 que \u00ab\u00a0le feu baisse en intensit\u00e9\u00a0\u00bb et qu\u2019il n\u2019y a \u00ab\u00a0pas de risque de propagation \u00e0 un autre b\u00e2timent\u00a0\u00bb.<\/p>\n<p>Vid\u00e9os : en ce moment sur Actu<br \/>\n    <a href=\"https:\/\/www.facebook.com\/plugins\/post.php?href=https%3A%2F%2Fwww.facebook.com%2Flaurent.bonnaterre%2Fposts%2Fpfbid02nzHTLkNyqFnYUYe7soU7JRAXRv2ZBM3zqdRRUro9iyBCYMsLAvUB9A8HrwQ2GX6Jl&amp;show_text=false&amp;width=350\" title=\"Ouvrie le lien\" rel=\"nofollow noopener\" target=\"_blank\">Cliquez ici pour visualiser le contenu<\/a><\/p>\n<p>Pas de victime<\/p>\n<p class=\" wall-content\">Dans la soir\u00e9e, alors que le sinistre est toujours en cours, Nadia Mezrar indique qu\u2019il n\u2019y a <b>pas de victime \u00e0 d\u00e9plorer<\/b>\u2009: \u00ab\u2009Il n\u2019y avait personne dans cette partie, car ce b\u00e2timent est \u00e0 l\u2019oppos\u00e9 des lieux de vie des compagnons de la communaut\u00e9 Emma\u00fcs\u2009\u00bb. Le Sdis 76 pr\u00e9cise que \u00ab\u00a0<b>37 personnes ont \u00e9t\u00e9 \u00e9vacu\u00e9es<\/b> d\u2019un b\u00e2timent de logement d\u2019Emma\u00fcs et regroup\u00e9es \u00e0 l\u2019\u00e9cart\u00a0\u00bb.<\/p>\n<p class=\" wall-content\">Alors que les pompiers s\u2019affairent, la cause du d\u00e9part du feu n\u2019est pas encore connue. Mais les raisons de sa propagation rapide et du bruit d\u2019explosion entendu sont peut-\u00eatre d\u00e9j\u00e0 explicables. \u00ab\u2009Le local sert aussi de stockage pour du mat\u00e9riel de jardinage et il est probable qu\u2019un jerrican d\u2019essence a pris feu\u2009\u00bb, poursuit la maire de Saint-Pierre.<\/p>\n<p class=\" wall-content\">Au vu de l\u2019importance du sinistre, l\u2019intervention des pompiers pourrait durer une partie de la nuit. En attendant, Nadia Mezrar invite les habitants \u00e0 \u00ab\u2009ne pas se d\u00e9placer pour venir voir eux-m\u00eames\u2009\u00bb la sc\u00e8ne.<\/p>\n<p class=\" wall-content\">Suivez toute l\u2019actualit\u00e9 de vos villes et m\u00e9dias favoris en vous inscrivant \u00e0 <a href=\"https:\/\/moncompte.actu.fr\" title=\"D\u00e9couvez Mon Actu\" rel=\"nofollow noopener\" data-trk=\"{&quot;cta&quot;:{&quot;action&quot;:&quot;https:\\\/\\\/moncompte.actu.fr&quot;,&quot;category&quot;:&quot;mon compte&quot;,&quot;from&quot;:&quot;article footer&quot;,&quot;name&quot;:&quot;Mon actu&quot;,&quot;type&quot;:&quot;cta&quot;}}\" target=\"_blank\">Mon Actu<\/a>.<\/p>\n","protected":false},"excerpt":{"rendered":"Par Aur\u00e9lien Delavaud Publi\u00e9 le 8 juil. 2025 \u00e0 23h08 ; mis \u00e0 jour le 9 juil. 2025&hellip;\n","protected":false},"author":2,"featured_media":237314,"comment_status":"","ping_status":"","sticky":false,"template":"","format":"standard","meta":{"footnotes":""},"categories":[9587],"tags":[1111,11,37652,1777,674,118,1011,27,1310,12,5161,25,9590],"class_list":{"0":"post-237313","1":"post","2":"type-post","3":"status-publish","4":"format-standard","5":"has-post-thumbnail","7":"category-rouen","8":"tag-actu","9":"tag-actualites","10":"tag-emmaus","11":"tag-eu","12":"tag-europe","13":"tag-faits-divers","14":"tag-fr","15":"tag-france","16":"tag-incendie","17":"tag-news","18":"tag-normandie","19":"tag-republique-francaise","20":"tag-rouen"},"share_on_mastodon":{"url":"https:\/\/pubeurope.com\/@fr\/114822709662067679","error":""},"_links":{"self":[{"href":"https:\/\/www.europesays.com\/fr\/wp-json\/wp\/v2\/posts\/237313","targetHints":{"allow":["GET"]}}],"collection":[{"href":"https:\/\/www.europesays.com\/fr\/wp-json\/wp\/v2\/posts"}],"about":[{"href":"https:\/\/www.europesays.com\/fr\/wp-json\/wp\/v2\/types\/post"}],"author":[{"embeddable":true,"href":"https:\/\/www.europesays.com\/fr\/wp-json\/wp\/v2\/users\/2"}],"replies":[{"embeddable":true,"href":"https:\/\/www.europesays.com\/fr\/wp-json\/wp\/v2\/comments?post=237313"}],"version-history":[{"count":0,"href":"https:\/\/www.europesays.com\/fr\/wp-json\/wp\/v2\/posts\/237313\/revisions"}],"wp:featuredmedia":[{"embeddable":true,"href":"https:\/\/www.europesays.com\/fr\/wp-json\/wp\/v2\/media\/237314"}],"wp:attachment":[{"href":"https:\/\/www.europesays.com\/fr\/wp-json\/wp\/v2\/media?parent=237313"}],"wp:term":[{"taxonomy":"category","embeddable":true,"href":"https:\/\/www.europesays.com\/fr\/wp-json\/wp\/v2\/categories?post=237313"},{"taxonomy":"post_tag","embeddable":true,"href":"https:\/\/www.europesays.com\/fr\/wp-json\/wp\/v2\/tags?post=237313"}],"curies":[{"name":"wp","href":"https:\/\/api.w.org\/{rel}","templated":true}]}}