{"id":237317,"date":"2025-07-09T10:05:15","date_gmt":"2025-07-09T10:05:15","guid":{"rendered":"https:\/\/www.europesays.com\/fr\/237317\/"},"modified":"2025-07-09T10:05:15","modified_gmt":"2025-07-09T10:05:15","slug":"grenoble-les-nominations-diocesaines","status":"publish","type":"post","link":"https:\/\/www.europesays.com\/fr\/237317\/","title":{"rendered":"Grenoble : les nominations dioc\u00e9saines"},"content":{"rendered":"<p>Le dioc\u00e8se de Grenoble a lui aussi publi\u00e9 ses nominations pour septembre\u00a0 :<\/p>\n<p>Le\u00a0<strong>p\u00e8re Emmanuel Albuquerque E Silva<\/strong>\u00a0est envoy\u00e9 comme pr\u00eatre Fidei donum au Br\u00e9sil.<br \/><strong>Dom Waldemar Passini Dalbello<\/strong>, \u00e9v\u00eaque du dioc\u00e8se de Luzi\u00e2nia, l\u2019a nomm\u00e9 administrateur paroissial de la paroisse Saint Jean Baptiste.<\/p>\n<p><img loading=\"lazy\" decoding=\"async\" class=\"alignleft size-medium wp-image-161982 lazyload\" src=\"https:\/\/www.europesays.com\/fr\/wp-content\/uploads\/2025\/07\/img-20210919-155203-040-300x300.jpg\" alt=\"\" width=\"300\" height=\"300\" data-  \/>Le\u00a0<strong>p\u00e8re Bertrand de Courville<\/strong>, tout en restant cur\u00e9 de la paroisse Sainte Anne, doyen du doyenn\u00e9 Nord-Est Is\u00e8re et d\u00e9l\u00e9gu\u00e9 dioc\u00e9sain pour le suivi des pr\u00eatres a\u00een\u00e9s, est nomm\u00e9 cur\u00e9 de la paroisse Saint Jacques de la Marche.<\/p>\n<p>Le\u00a0<strong>p\u00e8re Gilles-Marie Lecomte<\/strong>, pr\u00eatre Fidei donum du dioc\u00e8se d\u2019Aix-en-Provence, tout en restant vicaire \u00e0 la paroisse Sainte Anne et responsable des relations avec les musulmans, est nomm\u00e9 vicaire \u00e0 la paroisse Saint Jacques de la Marche.<\/p>\n<p>Le\u00a0<strong>p\u00e8re Karel Daska Missamou Malanda<\/strong>, pr\u00eatre en mission d\u2019\u00e9tudes de l\u2019archidioc\u00e8se de Brazzaville (R\u00e9publique du Congo), est nomm\u00e9 vicaire \u00e0 la paroisse Sainte M\u00e8re Teresa en Viennois, \u00e0 la paroisse Sanctus en Viennois et \u00e0 la paroisse Sainte Blandine des deux vall\u00e9es.<\/p>\n<p>Le\u00a0<strong>p\u00e8re Jo\u00e3o Paulo Pinto Dos Santos Batista<\/strong>, pr\u00eatre en mission d\u2019\u00e9tudes de l\u2019archidioc\u00e8se de S\u00e3o Sebasti\u00e3o de Rio de Janeiro, est nomm\u00e9 cur\u00e9 in solidum de la paroisse La Croix de Belledonne.<\/p>\n<p>Le\u00a0<strong>p\u00e8re Jacques Riccardi<\/strong>, allant atteindre l\u2019\u00e2ge de 75 ans, a accept\u00e9 d\u2019\u00eatre d\u00e9charg\u00e9 de la charge curiale de la paroisse Saint Jacques de la Marche.<\/p>\n<p>Le\u00a0<strong>p\u00e8re Jean-Paul Wasingya<\/strong>, pr\u00eatre Fidei donum du dioc\u00e8se de Butembo-Beni (R\u00e9publique d\u00e9mocratique du Congo), tout en restant vicaire \u00e0 la paroisse Sainte Anne, est nomm\u00e9 vicaire \u00e0 la paroisse Saint Jacques de la Marche.<\/p>\n<p>\u00a0<\/p>\n<p>D\u2019autres nominations sont effectives de suite :<\/p>\n<ul>\n<li>En raison de la nomination du\u00a0<strong>p\u00e8re Bertrand Cardinne<\/strong>\u00a0comme vice-official du tribunal interdioc\u00e9sain de Lyon et de son d\u00e9part du Conseil presbyt\u00e9ral, le\u00a0<strong>p\u00e8re Corentin Meigni\u00e9<\/strong>\u00a0a \u00e9t\u00e9 nomm\u00e9 membre du Coll\u00e8ge des consulteurs, pour une dur\u00e9e de cinq ans.<\/li>\n<li><strong>S\u0153ur Anne Christi<\/strong>\u00a0a \u00e9t\u00e9 nomm\u00e9e vicaire in capite (administratrice) en remplacement de s\u0153ur Priscille le 16 mars au monast\u00e8re Notre-Dame du Buisson Ardent, solitude de Bethl\u00e9em de Curri\u00e8re.<\/li>\n<\/ul>\n<p><img loading=\"lazy\" decoding=\"async\" class=\"alignleft size-medium wp-image-161985 lazyload\" src=\"https:\/\/www.europesays.com\/fr\/wp-content\/uploads\/2025\/07\/img-20210919-155148-700-300x300.jpg\" alt=\"\" width=\"300\" height=\"300\" data-  \/>Par ailleurs, des fins de mission sont aussi annonc\u00e9es, dont celle de l\u2019\u00e9conome dioc\u00e9sain :<\/p>\n<p>Le\u00a0<strong>p\u00e8re Ange Kouadio Brice-Mathieu Emian<\/strong>, pr\u00eatre en mission d\u2019\u00e9tudes du dioc\u00e8se de Grand Bassam (C\u00f4te d\u2019Ivoire), jusqu\u2019\u00e0 pr\u00e9sent vicaire dominical des paroisses Sainte Blandine des 2 vall\u00e9es, Sanctus en Viennois et Sainte M\u00e8re Teresa en Viennois, a termin\u00e9 sa mission.<br \/>Nous le remercions pour ces quatre ann\u00e9es de mission dans notre dioc\u00e8se.<\/p>\n<p>Le\u00a0<strong>p\u00e8re Michel Fourel<\/strong>, pr\u00eatre du dioc\u00e8se de Valence, jusqu\u2019\u00e0 pr\u00e9sent pr\u00eatre auxiliaire \u00e0 la paroisse Notre Dame de l\u2019Esp\u00e9rance et collaborateur avec le service dioc\u00e9sain Diaconie et soin, a termin\u00e9 sa mission.<br \/>Nous le remercions pour ces deux ann\u00e9es de mission dans notre dioc\u00e8se.<\/p>\n<p><strong>Monsieur Jean-Michel Mithieux<\/strong>, \u00e9conome dioc\u00e9sain depuis 14 ans et salari\u00e9 de l\u2019Association dioc\u00e9sain de Grenoble depuis 28 ans, arrive au terme de sa mission.<br \/>Nous le remercions pour toutes ces ann\u00e9es de mission dans le dioc\u00e8se, et lui souhaitons un belle continuation dans ses nouvelles missions.<\/p>\n","protected":false},"excerpt":{"rendered":"Le dioc\u00e8se de Grenoble a lui aussi publi\u00e9 ses nominations pour septembre\u00a0 : Le\u00a0p\u00e8re Emmanuel Albuquerque E Silva\u00a0est&hellip;\n","protected":false},"author":2,"featured_media":237318,"comment_status":"","ping_status":"","sticky":false,"template":"","format":"standard","meta":{"footnotes":""},"categories":[9566],"tags":[1111,11,2430,37653,1777,674,1011,27,2731,12,9350,25],"class_list":{"0":"post-237317","1":"post","2":"type-post","3":"status-publish","4":"format-standard","5":"has-post-thumbnail","7":"category-grenoble","8":"tag-actu","9":"tag-actualites","10":"tag-auvergne-rhone-alpes","11":"tag-diocese-de-grenoble-vienne","12":"tag-eu","13":"tag-europe","14":"tag-fr","15":"tag-france","16":"tag-grenoble","17":"tag-news","18":"tag-nominations","19":"tag-republique-francaise"},"share_on_mastodon":{"url":"https:\/\/pubeurope.com\/@fr\/114822717471808030","error":""},"_links":{"self":[{"href":"https:\/\/www.europesays.com\/fr\/wp-json\/wp\/v2\/posts\/237317","targetHints":{"allow":["GET"]}}],"collection":[{"href":"https:\/\/www.europesays.com\/fr\/wp-json\/wp\/v2\/posts"}],"about":[{"href":"https:\/\/www.europesays.com\/fr\/wp-json\/wp\/v2\/types\/post"}],"author":[{"embeddable":true,"href":"https:\/\/www.europesays.com\/fr\/wp-json\/wp\/v2\/users\/2"}],"replies":[{"embeddable":true,"href":"https:\/\/www.europesays.com\/fr\/wp-json\/wp\/v2\/comments?post=237317"}],"version-history":[{"count":0,"href":"https:\/\/www.europesays.com\/fr\/wp-json\/wp\/v2\/posts\/237317\/revisions"}],"wp:featuredmedia":[{"embeddable":true,"href":"https:\/\/www.europesays.com\/fr\/wp-json\/wp\/v2\/media\/237318"}],"wp:attachment":[{"href":"https:\/\/www.europesays.com\/fr\/wp-json\/wp\/v2\/media?parent=237317"}],"wp:term":[{"taxonomy":"category","embeddable":true,"href":"https:\/\/www.europesays.com\/fr\/wp-json\/wp\/v2\/categories?post=237317"},{"taxonomy":"post_tag","embeddable":true,"href":"https:\/\/www.europesays.com\/fr\/wp-json\/wp\/v2\/tags?post=237317"}],"curies":[{"name":"wp","href":"https:\/\/api.w.org\/{rel}","templated":true}]}}