{"id":237325,"date":"2025-07-09T10:09:09","date_gmt":"2025-07-09T10:09:09","guid":{"rendered":"https:\/\/www.europesays.com\/fr\/237325\/"},"modified":"2025-07-09T10:09:09","modified_gmt":"2025-07-09T10:09:09","slug":"strasbourg-lens-reims-ces-clubs-qui-attendent-aussi-la-decision-de-lappel-de-lol-devant-la-dncg","status":"publish","type":"post","link":"https:\/\/www.europesays.com\/fr\/237325\/","title":{"rendered":"Strasbourg, Lens, Reims&#8230; ces clubs qui attendent aussi la d\u00e9cision de l&rsquo;appel de l&rsquo;OL devant la DNCG"},"content":{"rendered":"<p class=\"mb-4 text-lg md:leading-8 break-words\">L&rsquo;OL n&rsquo;est pas le seul club \u00e0 attendre la d\u00e9cision de la <a href=\"https:\/\/rmcsport.bfmtv.com\/football\/ligue-1\/direct-ol-suivez-le-nouveau-passage-de-lyon-devant-la-dncg-en-live_LN-202507090124.html\" rel=\"nofollow noopener\" target=\"_blank\" data-ylk=\"slk:commission d&#039;appel de la DNCG;elm:context_link;itc:0;sec:content-canvas\" class=\"link \">commission d&rsquo;appel de la DNCG<\/a>. Le verdict, qui doit tomber ce mercredi en d\u00e9but de soir\u00e9e, aura des cons\u00e9quences pour trois autres clubs fran\u00e7ais: Strasbourg, Lens et Reims. Dans une moindre mesure, Saint-Etienne saura aussi s&rsquo;il retrouve son rival en Ligue 2.<\/p>\n<p>Strasbourg en Ligue Europa, Lens en Ligue Conf\u00e9rence?<\/p>\n<p class=\"mb-4 text-lg md:leading-8 break-words\">R\u00e9trograd\u00e9 en Ligue 2 le 24 juin dernier par la DNCG, <a href=\"https:\/\/fr.news.yahoo.com\/sport\/ol-pourquoi-lyon-joue-d%C3%A9j%C3%A0-075207965.html\" data-ylk=\"slk:l&#039;OL;elm:context_link;itc:0;sec:content-canvas;outcm:mb_qualified_link;_E:mb_qualified_link;ct:story;\" class=\"link  yahoo-link\" rel=\"nofollow noopener\" target=\"_blank\">l&rsquo;OL<\/a> joue aussi sa saison europ\u00e9enne sur cet appel. Si la commission d&rsquo;appel de la FFF confirme la d\u00e9cision initiale, les Gones seront exclus de la Ligue Europa, sans m\u00eame attendre les autres recours possibles en vertu de leur <a href=\"https:\/\/fr.news.yahoo.com\/sport\/apr%C3%A8s-lannonce-r%C3%A9trogradation-ligue-2-154439505.html\" data-ylk=\"slk:accord actuel avec l&#039;UEFA;elm:context_link;itc:0;sec:content-canvas;outcm:mb_qualified_link;_E:mb_qualified_link;ct:story;\" class=\"link  yahoo-link\" rel=\"nofollow noopener\" target=\"_blank\">accord actuel avec l&rsquo;UEFA<\/a>.<\/p>\n<p class=\"mb-4 text-lg md:leading-8 break-words\">Dans cette configuration, <a href=\"https:\/\/fr.news.yahoo.com\/sport\/mercato-form%C3%A9-%C3%A0-lom-lucas-140302059.html\" data-ylk=\"slk:Strasbourg;elm:context_link;itc:0;sec:content-canvas;outcm:mb_qualified_link;_E:mb_qualified_link;ct:story;\" class=\"link  yahoo-link\" rel=\"nofollow noopener\" target=\"_blank\">Strasbourg<\/a> r\u00e9cup\u00e9rerait le billet pour la Ligue Europa et Lens se qualifierait pour la Ligue Conf\u00e9rence. Devanc\u00e9 de peu dans la course \u00e0 la C3 lors du sprint final en championnat, le club alsacien d\u00e9crocherait sa qualification en cas de sanction contre Lyon.<\/p>\n<p class=\"mb-4 text-lg md:leading-8 break-words\">Le RC Lens, lui, n&rsquo;est pas engag\u00e9 pour l&rsquo;heure dans une comp\u00e9tition europ\u00e9enne. Mais une expulsion des comp\u00e9titions europ\u00e9ennes des Gones lui ouvrirait la porte de la C4 \u00e0 la faveur de sa huiti\u00e8me place en championnat lors de la saison 2024-2025.<\/p>\n<p class=\"mb-4 text-lg md:leading-8 break-words\">Sixi\u00e8me de Ligue 1, l&rsquo;OL a valid\u00e9 sa place pour la Ligue Europa gr\u00e2ce \u00e0 la victoire du <a href=\"https:\/\/fr.news.yahoo.com\/sport\/psg-real-madrid-probable-compo-052057969.html\" data-ylk=\"slk:PSG;elm:context_link;itc:0;sec:content-canvas;outcm:mb_qualified_link;_E:mb_qualified_link;ct:story;\" class=\"link  yahoo-link\" rel=\"nofollow noopener\" target=\"_blank\">PSG<\/a> en Coupe de France. Le club parisien \u00e9tait lui d\u00e9j\u00e0 qualifi\u00e9 pour la Ligue des champions.<\/p>\n<p>Reims rep\u00each\u00e9 en Ligue 1?<\/p>\n<p class=\"mb-4 text-lg md:leading-8 break-words\">Battu par Metz lors des barrages, le Stade de Reims a \u00e9t\u00e9 envoy\u00e9 initialement en Ligue 2. 16e de la saison r\u00e9guli\u00e8re, le club champenois a r\u00e9ussi son examen devant la DNCG, ce qui lui permettrait donc d&rsquo;\u00eatre rep\u00each\u00e9 en cas de sanction confirm\u00e9e pour l&rsquo;OL.<\/p>\n<p class=\"mb-4 text-lg md:leading-8 break-words\">Toutefois, la direction lyonnaise aura encore la possibilit\u00e9 d&rsquo;effectuer un recours aupr\u00e8s du CNOSF puis potentiellement de saisir le tribunal administratif afin de contester une d\u00e9cision d\u00e9favorable de la commission d&rsquo;appel de la DNCG. Ce qui ne changerait rien pour l&rsquo;Europe mais pourrait encore modifier les choses en France.<\/p>\n<p>Crystal Palace lib\u00e9r\u00e9?<\/p>\n<p class=\"mb-4 text-lg md:leading-8 break-words\">En cas de participation de l&rsquo;OL \u00e0 la Ligue Europa cette saison, l&rsquo;UEFA devrait encore trancher en raison de la question de la multipropri\u00e9t\u00e9 avec <a href=\"https:\/\/fr.news.yahoo.com\/sport\/crystal-palace-%C3%A0-peine-vendu-082537335.html\" data-ylk=\"slk:Crystal Palace;elm:context_link;itc:0;sec:content-canvas;outcm:mb_qualified_link;_E:mb_qualified_link;ct:story;\" class=\"link  yahoo-link\" rel=\"nofollow noopener\" target=\"_blank\">Crystal Palace<\/a>. Le club anglais, \u00e9galement qualit\u00e9 en C3, appartient en partie au groupe Eagle.<\/p>\n<p class=\"mb-4 text-lg md:leading-8 break-words\">Si John Textor a d\u00e9j\u00e0 annonc\u00e9 <a href=\"https:\/\/fr.news.yahoo.com\/sport\/john-textor-vend-parts-crystal-093315984.html\" data-ylk=\"slk:la prochaine vente de ses parts minoritaires;elm:context_link;itc:0;sec:content-canvas;outcm:mb_qualified_link;_E:mb_qualified_link;ct:story;\" class=\"link  yahoo-link\" rel=\"nofollow noopener\" target=\"_blank\">la prochaine vente de ses parts minoritaires<\/a>, sous r\u00e9serve de validation par la Premier League et les autres propri\u00e9taires de clubs anglais, les Eagles ne sont pas encore assur\u00e9 de jouer la Ligue Europa malgr\u00e9 leur succ\u00e8s historique contre Manchester City en FA Cup. Crystal Palace, gr\u00e2ce aux d\u00e9boires de Lyon avec la DNCG, pourrait donc balayer la menace qui plane sur son avenir continental d\u00e8s ce mercredi.<\/p>\n<p class=\"mb-4 text-lg md:leading-8 break-words\"><a href=\"https:\/\/rmcsport.bfmtv.com\/football\/ligue-1\/strasbourg-lens-reims-ces-clubs-qui-attendent-aussi-la-decision-de-l-appel-de-l-ol-devant-la-dncg_AV-202507090306.html#xtor=AL-68\" rel=\"nofollow noopener\" target=\"_blank\" data-ylk=\"slk:Article original publi\u00e9 sur RMC Sport;elm:context_link;itc:0;sec:content-canvas\" class=\"link \">Article original publi\u00e9 sur RMC Sport<\/a><\/p>\n","protected":false},"excerpt":{"rendered":"L&rsquo;OL n&rsquo;est pas le seul club \u00e0 attendre la d\u00e9cision de la commission d&rsquo;appel de la DNCG. Le&hellip;\n","protected":false},"author":2,"featured_media":237326,"comment_status":"","ping_status":"","sticky":false,"template":"","format":"standard","meta":{"footnotes":""},"categories":[2820],"tags":[1111,11,37654,25114,19747,1777,674,1011,27,775,4671,6563,446,5843,2428,16663,6212,12,93,2264,25,640],"class_list":{"0":"post-237325","1":"post","2":"type-post","3":"status-publish","4":"format-standard","5":"has-post-thumbnail","7":"category-strasbourg","8":"tag-actu","9":"tag-actualites","10":"tag-commission-dappel","11":"tag-crystal-palace","12":"tag-dncg","13":"tag-eu","14":"tag-europe","15":"tag-fr","16":"tag-france","17":"tag-grand-est","18":"tag-lol","19":"tag-le-club","20":"tag-ligue-2","21":"tag-ligue-europa","22":"tag-lyon","23":"tag-manchester-city","24":"tag-metz","25":"tag-news","26":"tag-psg","27":"tag-rc-lens","28":"tag-republique-francaise","29":"tag-strasbourg"},"share_on_mastodon":{"url":"https:\/\/pubeurope.com\/@fr\/114822733124793288","error":""},"_links":{"self":[{"href":"https:\/\/www.europesays.com\/fr\/wp-json\/wp\/v2\/posts\/237325","targetHints":{"allow":["GET"]}}],"collection":[{"href":"https:\/\/www.europesays.com\/fr\/wp-json\/wp\/v2\/posts"}],"about":[{"href":"https:\/\/www.europesays.com\/fr\/wp-json\/wp\/v2\/types\/post"}],"author":[{"embeddable":true,"href":"https:\/\/www.europesays.com\/fr\/wp-json\/wp\/v2\/users\/2"}],"replies":[{"embeddable":true,"href":"https:\/\/www.europesays.com\/fr\/wp-json\/wp\/v2\/comments?post=237325"}],"version-history":[{"count":0,"href":"https:\/\/www.europesays.com\/fr\/wp-json\/wp\/v2\/posts\/237325\/revisions"}],"wp:featuredmedia":[{"embeddable":true,"href":"https:\/\/www.europesays.com\/fr\/wp-json\/wp\/v2\/media\/237326"}],"wp:attachment":[{"href":"https:\/\/www.europesays.com\/fr\/wp-json\/wp\/v2\/media?parent=237325"}],"wp:term":[{"taxonomy":"category","embeddable":true,"href":"https:\/\/www.europesays.com\/fr\/wp-json\/wp\/v2\/categories?post=237325"},{"taxonomy":"post_tag","embeddable":true,"href":"https:\/\/www.europesays.com\/fr\/wp-json\/wp\/v2\/tags?post=237325"}],"curies":[{"name":"wp","href":"https:\/\/api.w.org\/{rel}","templated":true}]}}