{"id":237346,"date":"2025-07-09T10:20:10","date_gmt":"2025-07-09T10:20:10","guid":{"rendered":"https:\/\/www.europesays.com\/fr\/237346\/"},"modified":"2025-07-09T10:20:10","modified_gmt":"2025-07-09T10:20:10","slug":"louane-a-quoi-ressemble-sa-sublime-maison-isolee-a-marseille","status":"publish","type":"post","link":"https:\/\/www.europesays.com\/fr\/237346\/","title":{"rendered":"Louane : \u00e0 quoi ressemble sa sublime maison isol\u00e9e \u00e0 Marseille ?"},"content":{"rendered":"<p>Les maisons de stars font souvent r\u00eaver, d\u2019autant que la plupart<br \/>\nchoisissent des endroits isol\u00e9s, pour pouvoir s\u2019offrir des<br \/>\nparenth\u00e8ses dans leur quotidien millim\u00e9tr\u00e9, et passer du bon temps<br \/>\nloin des regards. Si entre les \u00e9missions, les tournages et les<br \/>\nconcerts, Louane passe une grande partie de son temps \u00e0 Paris et<br \/>\nsur les routes, elle aime aussi se ressourcer en famille.<\/p>\n<p>Pour s\u2019accorder des moments de pauses, la chanteuse qui a<br \/>\n<a href=\"https:\/\/www.closermag.fr\/tv_tele_realite\/franchement-louane-revient-enfin-sur-son-echec-a-leurovision-3547378\" rel=\"nofollow noopener\" target=\"_blank\"><br \/>\nrepr\u00e9sent\u00e9 la France lors de l\u2019Eurovision 2025<\/a>, a trouv\u00e9 un<br \/>\npied-\u00e0-terre \u00e0 Marseille. Voici un tour du propri\u00e9taire.<\/p>\n<p>Louane : sa maison au c\u0153ur d\u2019une v\u00e9g\u00e9tation luxuriante \u00e0<br \/>\nMarseille<\/p>\n<p>Depuis son appartement parisien, Louane n\u2019est qu\u2019\u00e0 quelques<br \/>\nheures de train de son havre de paix situ\u00e9 dans la cit\u00e9 phoc\u00e9enne.<br \/>\nCette proximit\u00e9 lui permet de faire des allers-retours r\u00e9guliers :<br \/>\n\u201cJ\u2019aime beaucoup que le samedi et le dimanche soient des jours<br \/>\nhors du temps, pour flemmarder, d\u00e9compresser. Il m\u00a0\u00bbarrive de sauter<br \/>\ndans un train direction Marseille, pour un week-end, voire une<br \/>\njourn\u00e9e ! Beaucoup d&rsquo;amis, ainsi que l&rsquo;\u00e9quipe qui g\u00e8re mon<br \/>\nmanagement, sont install\u00e9s l\u00e0-bas\u00a0\u00bb, confiait-elle r\u00e9cemment au<br \/>\nParisien Week-End<\/p>\n<p>Contrairement \u00e0 certaines c\u00e9l\u00e9brit\u00e9s, la chanteuse n\u2019a pas<br \/>\nchoisi une i<a href=\"https:\/\/www.closermag.fr\/people\/julia-roberts-a-quoi-ressemble-lincroyable-ex-villa-hawaienne-de-la-star-a-nouveau-sur-le-marche-3558186\" rel=\"nofollow noopener\" target=\"_blank\">mmense<br \/>\nvilla d\u00e9mesur\u00e9e.<\/a> C\u2019est pour une maison simple et chaleureuse,<br \/>\nloin de l&rsquo;agitation du centre-ville et surtout au milieu d\u2019une<br \/>\nv\u00e9g\u00e9tation luxuriante qu\u2019elle a eu un coup de c\u0153ur. Comme elle le<br \/>\npr\u00e9cisait \u00e0 nos confr\u00e8res, il s\u2019agit d\u2019une demeure<br \/>\n\u201c<strong>tr\u00e8s moderne, entour\u00e9e d\u2019une abondante v\u00e9g\u00e9tation qui<br \/>\nl\u2019isole de la ville<\/strong>\u201d. Elle a ainsi l\u2019impression de<br \/>\ns\u00e9journer dans un petit village. Un lieu o\u00f9 elle aime se<br \/>\nressourcer, entour\u00e9e de son fianc\u00e9 Florian Rossi et de sa fille<br \/>\nEsm\u00e9e.<\/p>\n<p>La maison de Louane menac\u00e9e par les<br \/>\nincendies de Marseille ?<\/p>\n<p>Si elle passe l\u00e0-bas, Louane a d\u00fb avoir une belle frayeur aux<br \/>\nalentours du 8 juillet 2025. Ce jour-l\u00e0, en fin de matin\u00e9e,<br \/>\n<strong>un incendie s\u2019est d\u00e9clar\u00e9 aux Pennes-Mirabeau,<\/strong><br \/>\nvraisemblablement apr\u00e8s <a href=\"https:\/\/www.closermag.fr\/people\/vous-vous-rendez-compte-de-ce-que-vous-dites-apolline-de-malherbe-en-prend-pour-son-grade-son-invite-choque-3562187\" rel=\"nofollow noopener\" target=\"_blank\"><br \/>\nl\u2019incendie d\u2019un v\u00e9hicule sur l\u2019autoroute A552\/A55.<\/a><\/p>\n<p>Propuls\u00e9 par un mistral soufflant jusqu\u2019\u00e0 70\u202fkm\/h, il s\u2019est<br \/>\nrapidement \u00e9tendu sur environ 700 hectares de v\u00e9g\u00e9tation et de<br \/>\nzones r\u00e9sidentielles <strong>en p\u00e9riph\u00e9rie de Marseille<\/strong>,<br \/>\natteignant les quartiers nord de la ville. Plus de 70 d\u2019habitations<br \/>\nont \u00e9t\u00e9 touch\u00e9es et plusieurs dizaines de personnes ont \u00e9t\u00e9<br \/>\nhospitalis\u00e9es.<\/p>\n","protected":false},"excerpt":{"rendered":"Les maisons de stars font souvent r\u00eaver, d\u2019autant que la plupart choisissent des endroits isol\u00e9s, pour pouvoir s\u2019offrir&hellip;\n","protected":false},"author":2,"featured_media":237347,"comment_status":"","ping_status":"","sticky":false,"template":"","format":"standard","meta":{"footnotes":""},"categories":[2814],"tags":[1111,11,548,1777,674,1011,27,4501,8414,884,12,882,25],"class_list":{"0":"post-237346","1":"post","2":"type-post","3":"status-publish","4":"format-standard","5":"has-post-thumbnail","7":"category-marseille","8":"tag-actu","9":"tag-actualites","10":"tag-article-simple","11":"tag-eu","12":"tag-europe","13":"tag-fr","14":"tag-france","15":"tag-louane","16":"tag-maisons-de-stars","17":"tag-marseille","18":"tag-news","19":"tag-provence-alpes-cote-dazur","20":"tag-republique-francaise"},"share_on_mastodon":{"url":"https:\/\/pubeurope.com\/@fr\/114822776384520685","error":""},"_links":{"self":[{"href":"https:\/\/www.europesays.com\/fr\/wp-json\/wp\/v2\/posts\/237346","targetHints":{"allow":["GET"]}}],"collection":[{"href":"https:\/\/www.europesays.com\/fr\/wp-json\/wp\/v2\/posts"}],"about":[{"href":"https:\/\/www.europesays.com\/fr\/wp-json\/wp\/v2\/types\/post"}],"author":[{"embeddable":true,"href":"https:\/\/www.europesays.com\/fr\/wp-json\/wp\/v2\/users\/2"}],"replies":[{"embeddable":true,"href":"https:\/\/www.europesays.com\/fr\/wp-json\/wp\/v2\/comments?post=237346"}],"version-history":[{"count":0,"href":"https:\/\/www.europesays.com\/fr\/wp-json\/wp\/v2\/posts\/237346\/revisions"}],"wp:featuredmedia":[{"embeddable":true,"href":"https:\/\/www.europesays.com\/fr\/wp-json\/wp\/v2\/media\/237347"}],"wp:attachment":[{"href":"https:\/\/www.europesays.com\/fr\/wp-json\/wp\/v2\/media?parent=237346"}],"wp:term":[{"taxonomy":"category","embeddable":true,"href":"https:\/\/www.europesays.com\/fr\/wp-json\/wp\/v2\/categories?post=237346"},{"taxonomy":"post_tag","embeddable":true,"href":"https:\/\/www.europesays.com\/fr\/wp-json\/wp\/v2\/tags?post=237346"}],"curies":[{"name":"wp","href":"https:\/\/api.w.org\/{rel}","templated":true}]}}