{"id":237363,"date":"2025-07-09T10:29:10","date_gmt":"2025-07-09T10:29:10","guid":{"rendered":"https:\/\/www.europesays.com\/fr\/237363\/"},"modified":"2025-07-09T10:29:10","modified_gmt":"2025-07-09T10:29:10","slug":"municipales-a-paris-lunion-de-la-gauche-attendra-la-rentree","status":"publish","type":"post","link":"https:\/\/www.europesays.com\/fr\/237363\/","title":{"rendered":"Municipales \u00e0 Paris\u00a0: l\u2019union de la gauche attendra la rentr\u00e9e"},"content":{"rendered":"<p class=\"paragraph text_align_left lp-f-body-02\">Le rassemblement de la gauche dans la <a href=\"https:\/\/www.leparisien.fr\/elections\/municipales\/municipales-paris\/\" target=\"_blank\" rel=\"noreferrer nofollow noopener\">course aux municipales \u00e0 Paris<\/a>, ce n\u2019est pas pour tout de suite. Le candidat \u00e9cologiste, <a href=\"https:\/\/www.leparisien.fr\/politique\/david-belliard\/\" target=\"_blank\" rel=\"noreferrer nofollow noopener\">David Belliard<\/a>, a annonc\u00e9 dans un communiqu\u00e9 que la majorit\u00e9 municipale se r\u00e9unira bien pour parler de l\u2019union de gauche, mais qu\u2019il faudra attendre la rentr\u00e9e pour cela.<\/p>\n<p class=\"paragraph text_align_left lp-f-body-02\">Initialement pr\u00e9vue ce mercredi 9 juillet, la rencontre entre les trois candidats d\u00e9sign\u00e9s par chacun des partis qui compose aujourd\u2019hui la majorit\u00e9 municipale \u2014 Parti socialiste, Parti communiste et EELV \u2014, \u00e0 savoir <a href=\"https:\/\/www.leparisien.fr\/paris-75\/municipales-a-paris-pas-en-froid-avec-anne-hidalgo-emmanuel-gregoire-compte-sur-le-soutien-de-la-maire-07-07-2025-AMAVTARCENDMNDRJFY7VB757YE.php\" target=\"_blank\" rel=\"noreferrer nofollow noopener\">Emmanuel Gr\u00e9goire<\/a>, <a href=\"https:\/\/www.leparisien.fr\/paris-75\/municipales-a-paris-face-aux-canicules-ian-brossat-propose-des-volets-a-toutes-les-fenetres-19-06-2025-S7OR5IVMURA3DM2LGOQDCZ3NJI.php\" target=\"_blank\" rel=\"noreferrer nofollow noopener\">Ian Brossat<\/a> et David Belliard, devait \u00ab engager le pacte de la gauche sociale et \u00e9cologique \u00e0 Paris \u00bb, comme l\u2019avait annonc\u00e9 le d\u00e9put\u00e9 socialiste lundi matin.<\/p>\n<p>Une union indispensable<\/p>\n<p class=\"paragraph text_align_left lp-f-body-02\">\u00ab Faute de disponibilit\u00e9s des uns et des autres \u00bb, le rendez-vous a finalement \u00e9t\u00e9 report\u00e9. \u00ab Une r\u00e9union se tiendra \u00e0 la rentr\u00e9e afin de discuter de notre bilan commun et des projets respectifs que nous porterons \u00bb, pr\u00e9cise David Belliard.<\/p>\n<p class=\"paragraph text_align_left lp-f-body-02\">Ce rendez-vous sera crucial pour aborder la question du leadership. Si les derniers sondages attribuent \u00e0 David Belliard entre 17 % et 22 % des suffrages, lui donnant potentiellement l\u2019avantage \u00e0 gauche, aucun des trois \u00e9lus ne fait figure \u00e0 ce stade de candidat \u00ab naturel \u00bb. Chacun revendiquant <a href=\"https:\/\/www.leparisien.fr\/elections\/municipales\/municipales-a-paris-en-quete-dunion-des-le-premier-tour-le-plus-dur-commence-pour-la-gauche-02-07-2025-THMGC5HMVFH4JJFAZGUNO7QSSY.php\" target=\"_blank\" rel=\"noreferrer nofollow noopener\">la t\u00eate de liste en mars<\/a>, il va falloir trancher. Car la majorit\u00e9 de gauche en est consciente : l\u2019union de ses chefs de file est essentielle pour faire face \u00e0 leur principale rivale, Rachida Dati (LR).<\/p>\n<p class=\"paragraph text_align_left lp-f-body-02\">La ministre de la Culture arrive pour l\u2019heure largement <a href=\"https:\/\/www.leparisien.fr\/paris-75\/municipales-a-paris-dati-en-tete-au-1er-selon-un-sondage-malgre-50-dintentions-de-vote-a-gauche-22-06-2025-6TVPMRCX45HJ7GYE7GXM57TSEE.php\" target=\"_blank\" rel=\"noreferrer nofollow noopener\">en t\u00eate des sondages au premier tour<\/a>, m\u00eame si le second s\u2019annonce plus serr\u00e9. \u00ab Si nous ne nous unissons pas, les Parisiens attach\u00e9s aux valeurs de progr\u00e8s nous mettraient des claques \u00bb, a pr\u00e9venu le s\u00e9nateur (PCF) de Paris, Ian Brossat.<\/p>\n<p>L\u2019alliance avec les Insoumis divise<\/p>\n<p class=\"paragraph text_align_left lp-f-body-02\">Une question demeure toutefois : jusqu\u2019o\u00f9 pousser cette union pour ne pas risquer un basculement de la capitale \u00e0 droite ? C\u2019est l\u00e0 qu\u2019un premier point d\u2019achoppement fait surface, et pas des moindres. Tandis qu\u2019Emmanuel Gr\u00e9goire a d\u00e9clar\u00e9 \u00e0 plusieurs reprises qu\u2019il n\u2019\u00e9tait <a href=\"https:\/\/www.leparisien.fr\/elections\/municipales\/municipales-a-paris-pas-daccord-avec-lfi-ni-au-premier-ni-au-second-tour-previent-emmanuel-gregoire-01-07-2025-UC4HXL3KBFHDBLO5IMKAW5OL5A.php\" target=\"_blank\" rel=\"noreferrer nofollow noopener\">pas question de s\u2019allier avec les Insoumis<\/a>, \u00ab ni au premier, ni au deuxi\u00e8me tour \u00bb, la porte d\u2019une alliance avec LFI ne semble pas ferm\u00e9e pour tous.<\/p>\n<p class=\"paragraph text_align_left lp-f-body-02\">David Belliard consid\u00e8re qu\u2019il est n\u00e9cessaire de \u00ab d\u00e9passer la majorit\u00e9 actuelle pour ne pas donner \u00e0 <a href=\"https:\/\/www.leparisien.fr\/politique\/rachida-dati\/\" target=\"_blank\" rel=\"noreferrer nofollow noopener\">Rachida Dati<\/a> l\u2019occasion de voler Paris \u00bb. Le chef de file des Verts pr\u00e9cise avoir d\u2019ores et d\u00e9j\u00e0 rencontr\u00e9 toutes les forces de gauche de Paris et estime qu\u2019\u00ab il n\u2019y a pas de projets irr\u00e9conciliables \u00bb.<\/p>\n<p class=\"paragraph text_align_left lp-f-body-02\">Les partis de gauche disposent donc de deux mois pour trancher la question d\u2019une possible union avec LFI, sans compter l\u2019\u00e9ventuelle organisation d\u2019une primaire pour d\u00e9terminer leur repr\u00e9sentant.<\/p>\n","protected":false},"excerpt":{"rendered":"Le rassemblement de la gauche dans la course aux municipales \u00e0 Paris, ce n\u2019est pas pour tout de&hellip;\n","protected":false},"author":2,"featured_media":235825,"comment_status":"","ping_status":"","sticky":false,"template":"","format":"standard","meta":{"footnotes":""},"categories":[1888],"tags":[11,5949,1777,674,1011,27,3554,12,626,316,25],"class_list":{"0":"post-237363","1":"post","2":"type-post","3":"status-publish","4":"format-standard","5":"has-post-thumbnail","7":"category-paris","8":"tag-actualites","9":"tag-elections","10":"tag-eu","11":"tag-europe","12":"tag-fr","13":"tag-france","14":"tag-municipales","15":"tag-news","16":"tag-paris","17":"tag-politique","18":"tag-republique-francaise"},"share_on_mastodon":{"url":"https:\/\/pubeurope.com\/@fr\/114822811809934369","error":""},"_links":{"self":[{"href":"https:\/\/www.europesays.com\/fr\/wp-json\/wp\/v2\/posts\/237363","targetHints":{"allow":["GET"]}}],"collection":[{"href":"https:\/\/www.europesays.com\/fr\/wp-json\/wp\/v2\/posts"}],"about":[{"href":"https:\/\/www.europesays.com\/fr\/wp-json\/wp\/v2\/types\/post"}],"author":[{"embeddable":true,"href":"https:\/\/www.europesays.com\/fr\/wp-json\/wp\/v2\/users\/2"}],"replies":[{"embeddable":true,"href":"https:\/\/www.europesays.com\/fr\/wp-json\/wp\/v2\/comments?post=237363"}],"version-history":[{"count":0,"href":"https:\/\/www.europesays.com\/fr\/wp-json\/wp\/v2\/posts\/237363\/revisions"}],"wp:featuredmedia":[{"embeddable":true,"href":"https:\/\/www.europesays.com\/fr\/wp-json\/wp\/v2\/media\/235825"}],"wp:attachment":[{"href":"https:\/\/www.europesays.com\/fr\/wp-json\/wp\/v2\/media?parent=237363"}],"wp:term":[{"taxonomy":"category","embeddable":true,"href":"https:\/\/www.europesays.com\/fr\/wp-json\/wp\/v2\/categories?post=237363"},{"taxonomy":"post_tag","embeddable":true,"href":"https:\/\/www.europesays.com\/fr\/wp-json\/wp\/v2\/tags?post=237363"}],"curies":[{"name":"wp","href":"https:\/\/api.w.org\/{rel}","templated":true}]}}