{"id":237365,"date":"2025-07-09T10:31:09","date_gmt":"2025-07-09T10:31:09","guid":{"rendered":"https:\/\/www.europesays.com\/fr\/237365\/"},"modified":"2025-07-09T10:31:09","modified_gmt":"2025-07-09T10:31:09","slug":"la-russie-intensifie-ses-attaques-liberation","status":"publish","type":"post","link":"https:\/\/www.europesays.com\/fr\/237365\/","title":{"rendered":"La Russie intensifie ses attaques \u2013 Lib\u00e9ration"},"content":{"rendered":"<p class=\"sc-ksZaOG ehjQrN text-element\">728 drones et 13 missiles russes ont z\u00e9br\u00e9 le ciel ukrainien dans la nuit de mardi au mercredi 9 juillet. Selon l\u2019arm\u00e9e de l\u2019air ukrainienne, 711 drones ont pu \u00eatre intercept\u00e9s et sept missiles d\u00e9truits. Il s\u2019agirait de l\u2019attaque la plus massive depuis le d\u00e9but du conflit. La pr\u00e9c\u00e9dente <a href=\"\" target=\"_blank\" rel=\"\" title=\"\">offensive d\u2019ampleur date du 4 juillet. Elle avait mobilis\u00e9 550 drones et missiles<\/a>. C\u00f4t\u00e9 russe, le minist\u00e8re de la D\u00e9fense a dit avoir abattu 86 drones ukrainiens dans la nuit.<\/p>\n<p class=\"sc-ksZaOG ehjQrN text-element\">L\u2019Ukraine a fait \u00e9tat de \u00abquatre endroits\u00bb touch\u00e9s, sans pr\u00e9ciser les d\u00e9g\u00e2ts exacts. \u00abLa cible principale de l\u2019attaque \u00e9tait la r\u00e9gion de Volhynie, la ville de Loutsk\u00bb, \u00e0 plusieurs centaines de kilom\u00e8tres du front, a-t-elle indiqu\u00e9. Huit personnes ont \u00e9t\u00e9 bless\u00e9es dans les r\u00e9gions de Kyiv, Soumy (nord-est), Zaporijjia (sud) et \u00e0 Kherson (sud), selon les autorit\u00e9s locales. Le pr\u00e9sident ukrainien Volodymyr Zelensky a d\u00e9nonc\u00e9 \u00abune attaque r\u00e9v\u00e9latrice\u00bb du refus de la Russie de s\u2019accorder sur un cessez-le-feu.<\/p>\n<p class=\"sc-ksZaOG ehjQrN text-element\">Son bras droit, Andri\u00ef Iermak, a lui jug\u00e9 \u00abtr\u00e8s r\u00e9v\u00e9lateur que la Russie ait men\u00e9 cette attaque au moment m\u00eame o\u00f9 les \u00c9tats-Unis ont annonc\u00e9 publiquement qu\u2019ils allaient nous fournir des armes\u00bb. De fait, Donald Trump a finalement <a href=\"https:\/\/www.liberation.fr\/international\/amerique\/guerre-en-ukraine-donald-trump-dit-quil-va-envoyer-plus-darmes-defensives-a-kyiv-20250708_JGCY6I4ZSBHURJJY2PQSWICRVY\/\" target=\"_blank\" rel=\"nofollow noopener\" title=\"https:\/\/www.liberation.fr\/international\/amerique\/guerre-en-ukraine-donald-trump-dit-quil-va-envoyer-plus-darmes-defensives-a-kyiv-20250708_JGCY6I4ZSBHURJJY2PQSWICRVY\/\">annonc\u00e9 lundi vouloir envoyer \u00abplus d\u2019armes\u00bb<\/a> \u00e0 Kyiv pour se d\u00e9fendre face aux bombardements russes apr\u00e8s avoir dit l\u2019inverse d\u00e9but juilllet. \u00abSi vous voulez la v\u00e9rit\u00e9, Poutine nous raconte beaucoup de conneries\u00bb, <a href=\"\" target=\"_blank\" rel=\"\" title=\"\">avait m\u00eame l\u00e2ch\u00e9 mardi le pr\u00e9sident am\u00e9ricain devant la presse \u00e0 la Maison Blanche<\/a>.<\/p>\n<p class=\"sc-ksZaOG ehjQrN text-element\">Le Kremlin avait fait part mardi de son m\u00e9contentement face \u00e0 ces promesses militaires am\u00e9ricaines qui constituent un revirement. Il y a moins d\u2019une semaine, l\u2019administration am\u00e9ricaine prenait une d\u00e9cision inverse. <a href=\"https:\/\/www.liberation.fr\/international\/amerique\/gel-de-livraisons-darmes-a-lukraine-les-etats-unis-preservent-leur-stock-exposant-leur-allie-au-feu-russe-20250702_Z3LJ3RTGCZF3FL4DZN3UO3XVMU\/\" target=\"_blank\" rel=\"nofollow noopener\" title=\"https:\/\/www.liberation.fr\/international\/amerique\/gel-de-livraisons-darmes-a-lukraine-les-etats-unis-preservent-leur-stock-exposant-leur-allie-au-feu-russe-20250702_Z3LJ3RTGCZF3FL4DZN3UO3XVMU\/\">Les Etats-Unis avaient annonc\u00e9 mercredi 2 juillet suspendre leurs livraisons d\u2019armes \u00e0 l\u2019Ukraine<\/a>, assurant que celles-ci favorisaient \u00abla poursuite des hostilit\u00e9s\u00bb.<\/p>\n<p class=\"sc-ksZaOG ehjQrN text-element\">L\u2019Ukraine r\u00e9clame depuis de nombreux mois \u00e0 ses alli\u00e9s occidentaux,<a href=\"https:\/\/www.liberation.fr\/international\/europe\/volodymyr-zelensky-et-donald-trump-parlent-defense-antiaerienne-apres-une-enorme-attaque-de-drones-russes-20250704_UFQ6CPW65BGL3JFIOMSFD6WKBI\/\" target=\"_blank\" rel=\"nofollow noopener\" title=\"https:\/\/www.liberation.fr\/international\/europe\/volodymyr-zelensky-et-donald-trump-parlent-defense-antiaerienne-apres-une-enorme-attaque-de-drones-russes-20250704_UFQ6CPW65BGL3JFIOMSFD6WKBI\/\"> y compris aux Etats-Unis<\/a>, plus de syst\u00e8mes de d\u00e9fense antia\u00e9rienne pour limiter les frappes russes contre ses villes et villages dans une guerre qui a d\u00e9j\u00e0 fait des dizaines de milliers de morts, civils et militaires confondus, des deux c\u00f4t\u00e9s.<\/p>\n<p class=\"sc-ksZaOG ehjQrN text-element\">Car malgr\u00e9 la pression exerc\u00e9e par Donald Trump, qui s\u2019est rapproch\u00e9 depuis f\u00e9vrier de son homologue russe Vladimir Poutine, Moscou et Kyiv campent sur leurs positions et demeurent tr\u00e8s loin d\u2019un accord, que ce soit une tr\u00eave ou un r\u00e8glement \u00e0 plus long terme.<\/p>\n<p class=\"sc-ksZaOG ehjQrN text-element\">Aucun troisi\u00e8me cycle de discussions entre Russes et Ukrainiens n\u2019a pour le moment \u00e9t\u00e9 annonc\u00e9, apr\u00e8s deux r\u00e9unions <a href=\"https:\/\/www.liberation.fr\/international\/la-russie-et-lukraine-entament-un-deuxieme-round-de-pourparlers-a-istanbul-20250602_CNC7KM22INAH7CSGS7QLLLUKGY\/\" target=\"_blank\" rel=\"nofollow noopener\" title=\"https:\/\/www.liberation.fr\/international\/la-russie-et-lukraine-entament-un-deuxieme-round-de-pourparlers-a-istanbul-20250602_CNC7KM22INAH7CSGS7QLLLUKGY\/\">peu fructueuses en Turquie mi-mai puis d\u00e9but juin<\/a>. Face \u00e0 ce statu quo diplomatique, les dirigeants ukrainiens accusent Moscou de \u00abgagner du temps\u00bb, au moment o\u00f9 l\u2019arm\u00e9e russe, sup\u00e9rieure en nombre et en armements, grignote toujours du terrain dans l\u2019Est ukrainien. Elle a m\u00eame revendiqu\u00e9 en d\u00e9but de semaine la prise d\u2019une premi\u00e8re localit\u00e9 dans la r\u00e9gion de Dnipropetrovsk (centre-est).<\/p>\n<p class=\"sc-ksZaOG ehjQrN text-element\">Vladimir Poutine sait, lui, que le temps joue \u00e0 ce stade en faveur de son arm\u00e9e qui occupe toujours pr\u00e8s de 20 % du territoire ukrainien. Il a aussi r\u00e9cemment ni\u00e9 \u00e0 nouveau la souverainet\u00e9 de l\u2019Ukraine, assurant consid\u00e9rer \u00ables peuples russe et ukrainien comme un seul peuple\u00bb. \u00abDans ce sens, toute l\u2019Ukraine nous appartient\u00bb, a-t-il lanc\u00e9 le 20 juin. Ces propos &#8211; illustration du foss\u00e9 entre les deux camps &#8211; ont provoqu\u00e9 la col\u00e8re de Kiev, qui les a qualifi\u00e9s de \u00abcyniques\u00bb et y a vu la preuve \u00abd\u2019un m\u00e9pris total\u00bb pour les efforts de paix.<\/p>\n","protected":false},"excerpt":{"rendered":"728 drones et 13 missiles russes ont z\u00e9br\u00e9 le ciel ukrainien dans la nuit de mardi au mercredi&hellip;\n","protected":false},"author":2,"featured_media":237366,"comment_status":"","ping_status":"","sticky":false,"template":"","format":"standard","meta":{"footnotes":""},"categories":[1590],"tags":[11,1777,674,12,132,220,297],"class_list":{"0":"post-237365","1":"post","2":"type-post","3":"status-publish","4":"format-standard","5":"has-post-thumbnail","7":"category-ukraine","8":"tag-actualites","9":"tag-eu","10":"tag-europe","11":"tag-news","12":"tag-russie","13":"tag-ukraine","14":"tag-ukraine-la-crise"},"share_on_mastodon":{"url":"https:\/\/pubeurope.com\/@fr\/114822819832914009","error":""},"_links":{"self":[{"href":"https:\/\/www.europesays.com\/fr\/wp-json\/wp\/v2\/posts\/237365","targetHints":{"allow":["GET"]}}],"collection":[{"href":"https:\/\/www.europesays.com\/fr\/wp-json\/wp\/v2\/posts"}],"about":[{"href":"https:\/\/www.europesays.com\/fr\/wp-json\/wp\/v2\/types\/post"}],"author":[{"embeddable":true,"href":"https:\/\/www.europesays.com\/fr\/wp-json\/wp\/v2\/users\/2"}],"replies":[{"embeddable":true,"href":"https:\/\/www.europesays.com\/fr\/wp-json\/wp\/v2\/comments?post=237365"}],"version-history":[{"count":0,"href":"https:\/\/www.europesays.com\/fr\/wp-json\/wp\/v2\/posts\/237365\/revisions"}],"wp:featuredmedia":[{"embeddable":true,"href":"https:\/\/www.europesays.com\/fr\/wp-json\/wp\/v2\/media\/237366"}],"wp:attachment":[{"href":"https:\/\/www.europesays.com\/fr\/wp-json\/wp\/v2\/media?parent=237365"}],"wp:term":[{"taxonomy":"category","embeddable":true,"href":"https:\/\/www.europesays.com\/fr\/wp-json\/wp\/v2\/categories?post=237365"},{"taxonomy":"post_tag","embeddable":true,"href":"https:\/\/www.europesays.com\/fr\/wp-json\/wp\/v2\/tags?post=237365"}],"curies":[{"name":"wp","href":"https:\/\/api.w.org\/{rel}","templated":true}]}}